{"id":15647,"date":"2025-08-25T09:00:09","date_gmt":"2025-08-25T09:00:09","guid":{"rendered":"https:\/\/www.europesays.com\/fi\/15647\/"},"modified":"2025-08-25T09:00:09","modified_gmt":"2025-08-25T09:00:09","slug":"naisten-pesisvalierassa-kuohuu-jussittaret-valittaa-sunnuntain-tormaystilanteesta-kurinpitoon-tallaisen-on-loputtava-urheilu","status":"publish","type":"post","link":"https:\/\/www.europesays.com\/fi\/15647\/","title":{"rendered":"Naisten pesisv\u00e4lier\u00e4ss\u00e4 kuohuu \u2013 Jussittaret valittaa sunnuntain t\u00f6rm\u00e4ystilanteesta kurinpitoon: \u201dT\u00e4llaisen on loputtava\u201d | Urheilu"},"content":{"rendered":"<p class=\"sc-jYczwO sc-dNFkOE bUKqJd eiHPxO yle__article__paragraph\">Jussittaret hakee sunnuntaina loukkaantuneelle Riikka Polsolle oikeutta tekem\u00e4ll\u00e4 tilanteesta tutkintapyynn\u00f6n Superpesiksen kurinpitoelimelle. Polso vietti Tampereella y\u00f6n sairaalassa tarkkailussa.<\/p>\n<p><img decoding=\"async\" alt=\"Riikka Polso sy\u00f6ksym\u00e4ss\u00e4 pes\u00e4\u00e4n.\" src=\"https:\/\/www.europesays.com\/fi\/wp-content\/uploads\/2025\/08\/39-151165968ac0e7a1f6c9.jpeg\" class=\"sc-dntSTA iywpZY\"\/><\/p>\n<p>Avaa kuvien katselu<\/p>\n<p>Riikka Polso kuvattu puoliv\u00e4lier\u00e4sarjassa. Kuva: Roni Rekomaa \/ Lehtikuva<\/p>\n<ul aria-label=\"Tekij\u00e4t\" class=\"sc-cCVJLD hgYMQq\">\n<li class=\"sc-pYNGo dfIAWA\">Tommi Sepp\u00e4l\u00e4, <\/li>\n<li class=\"sc-pYNGo dfIAWA\">Kamilla Rajander<\/li>\n<\/ul>\n<p class=\"sc-jYczwO sc-ciCoXh bUKqJd cIOueB yle__article__paragraph\">Naisten Superpesiksen v\u00e4lieriss\u00e4 tunteet k\u00e4yv\u00e4t kulisseissa kuumina. Sunnuntain ottelussa Tampereella n\u00e4htiin ykk\u00f6s- ja kakkospes\u00e4n v\u00e4lill\u00e4 poikkeuksellisen kova t\u00f6rm\u00e4ys, jossa etenem\u00e4ss\u00e4 ollut Mansen <strong class=\"sc-eEHciv gtNhAX yle__article__strong\">Saaga-Angelia Raudasoja<\/strong> t\u00f6rm\u00e4si kovalla vauhdilla Jussittarien ulkopelaajaan <strong class=\"sc-eEHciv gtNhAX yle__article__strong\">Riikka Polsoon<\/strong>.<\/p>\n<p class=\"sc-jYczwO sc-ciCoXh bUKqJd cIOueB yle__article__paragraph\">Kovan osuman p\u00e4\u00e4n alueelle saanutta Polsoa hoidettiin kent\u00e4n pinnassa pitk\u00e4\u00e4n ennen kuin t\u00e4m\u00e4 poistui omin jaloin, mutta l\u00e4\u00e4k\u00e4rien auttamana kent\u00e4lt\u00e4 Tampereen yliopistolliseen keskussairaalaan. Polso vietti Tampereella y\u00f6n tarkkailussa.<\/p>\n<p class=\"sc-jYczwO sc-ciCoXh bUKqJd cIOueB yle__article__paragraph\">Jussittarien pelinjohtaja <strong class=\"sc-eEHciv gtNhAX yle__article__strong\">Erno Tuomainen<\/strong> ei viel\u00e4 maanantaiaamuna halunnut kommentoida Polson vointia.<\/p>\n<p class=\"sc-jYczwO sc-ciCoXh bUKqJd cIOueB yle__article__paragraph\">\u2013 Toivotaan, ett\u00e4 kaikki on hyvin. Saa varmasti asianmukaista hoitoa terveydenhuollon ammattilaisilta, siihen me luotamme. Ja sitten kun saamme kunnolla tietoa, varmasti seurana tulemme julkaisemaan Riikan tilanteesta tietoa, Tuomainen kertoi Yle Urheilulle.<\/p>\n<p>T\u00f6rm\u00e4yksen voi katsoa t\u00e4lt\u00e4 videolta.Kurinpitoon<\/p>\n<p class=\"sc-jYczwO sc-ciCoXh bUKqJd cIOueB yle__article__paragraph\">Jussittarien riveiss\u00e4 tilanne sai tunteet kuumaksi, sill\u00e4 l\u00e4ht\u00f6kohtaisesti niin sanotun takaetenij\u00e4n \u2013 eli k\u00e4rkietenij\u00e4n per\u00e4ss\u00e4 tulevan \u2013 pit\u00e4isi v\u00e4ist\u00e4\u00e4 palloa pelaavaa ulkopelaajaa.<\/p>\n<p class=\"sc-jYczwO sc-ciCoXh bUKqJd cIOueB yle__article__paragraph\">Tuomarit kuitenkin tulkitsivat tilannetta niin, ettei Polso ollut tilanteessa pallolle pyrkiv\u00e4 pelaaja. Kun peli jatkui, Tampere sai jatkaa peli\u00e4 palottomalla ajol\u00e4hd\u00f6ll\u00e4, ja nopealla tahdilla se l\u00f6ikin kolme juoksua ja k\u00e4yt\u00e4nn\u00f6ss\u00e4 ratkaisi toisen jakson.<\/p>\n<p class=\"sc-jYczwO sc-ciCoXh bUKqJd cIOueB yle__article__paragraph\">Manse voitti ottelun lopulta kotiutusly\u00f6ntikisan j\u00e4lkeen lukemin 2\u20131 (0\u20131, 4\u20131, 0\u20130, 3\u20131).<\/p>\n<p class=\"sc-jYczwO sc-ciCoXh bUKqJd cIOueB yle__article__paragraph\">Jussittaret on tehnyt tilanteesta tutkintapyynn\u00f6n Superpesiksen kurinpitoelimelle. Asian Yle Urheilulle vahvistavat Maila-Jussit Oy:n toimitusjohtaja <strong class=\"sc-eEHciv gtNhAX yle__article__strong\">Jukka Marttala<\/strong> sek\u00e4 puheenjohtaja <strong class=\"sc-eEHciv gtNhAX yle__article__strong\">Jussi J\u00e4rvinen<\/strong>.<\/p>\n<p class=\"sc-jYczwO sc-ciCoXh bUKqJd cIOueB yle__article__paragraph\">\u2013 T\u00e4llaisen on loputtava, J\u00e4rvinen linjaa tiukasti.<\/p>\n<p class=\"sc-jYczwO sc-ciCoXh bUKqJd cIOueB yle__article__paragraph\">\u2013 Haemme oikeutta, mik\u00e4 se tuomio ikin\u00e4 olisikaan. Jokainen voi ottaa tilanteesta kuvia, ett\u00e4 miss\u00e4 p\u00e4in katseet on ja miss\u00e4 ei, ja sitten todeta, ett\u00e4 mit\u00e4 tapahtuu. Raudasoja kommentoi, ett\u00e4 h\u00e4n katsoi tilanteessa palloa. Jos ottaa tilanteesta monta kuvaa, p\u00e4\u00e4n liikkeet n\u00e4kyy kyll\u00e4. Katse ei ole pallossa. Pallohan on h\u00e4nen sel\u00e4n takana, J\u00e4rvinen jatkaa.<\/p>\n<p class=\"sc-jYczwO sc-ciCoXh bUKqJd cIOueB yle__article__paragraph\">Koska ulkopelaajat ovat toisinaan est\u00e4neet etenij\u00f6it\u00e4, on tilanteisiin j\u00e4tetty tuomareille tulkinnan varaa. T\u00e4m\u00e4 on J\u00e4rvisen mukaan v\u00e4\u00e4rin.<\/p>\n<p class=\"sc-jYczwO sc-ciCoXh bUKqJd cIOueB yle__article__paragraph\">\u2013 N\u00e4ihin on ulkopelaajien est\u00e4misten vuoksi otettu t\u00e4ll\u00e4 tavoin kantaa, ja nyt voi sitten omalla juoksulinjallaan tehd\u00e4 n\u00e4in. T\u00e4llaisessa tilanteessa v\u00e4lipelaaja (ulkopelaaja) on aina tavoittelemassa palloa riippumatta siit\u00e4, voiko h\u00e4n ehti\u00e4 siihen.<\/p>\n<p class=\"sc-jYczwO sc-ciCoXh bUKqJd cIOueB yle__article__paragraph\">\u2013 Oman oikeustajuni mukaan etenij\u00e4ll\u00e4 on aina velvollisuus v\u00e4ist\u00e4\u00e4. Se on pelin kunnioittamista.<\/p>\n<p><img decoding=\"async\" alt=\"Saaga-Angelia Raudasoja etenem\u00e4ss\u00e4.\" src=\"https:\/\/www.europesays.com\/fi\/wp-content\/uploads\/2025\/08\/39-151167068ac127e2a186.jpeg\" loading=\"lazy\" class=\"sc-dntSTA iywpZY\"\/><\/p>\n<p>Avaa kuvien katselu<\/p>\n<p>Manse PP:n Saaga-Angelia Raudasoja arkistokuvassa. Kuva: Emmi Korhonen \/ LehtikuvaToinenkin tilanne<\/p>\n<p class=\"sc-jYczwO sc-ciCoXh bUKqJd cIOueB yle__article__paragraph\">Jussittarien riveiss\u00e4 tunteita kuohutti sunnuntaina toinenkin Raudasojan takaeteneminen. Kotijoukkueen toisen jakson viimeisess\u00e4 sis\u00e4vuorossa t\u00f6rm\u00e4\u00e4minen <strong class=\"sc-eEHciv gtNhAX yle__article__strong\">Anna Honkalan<\/strong> kanssa oli ykk\u00f6s\u2013kakkosv\u00e4lill\u00e4 l\u00e4hell\u00e4. Sein\u00e4jokisten n\u00e4kemyksen mukaan t\u00f6rm\u00e4\u00e4misen esti Honkolan tekem\u00e4 v\u00e4ist\u00f6liike.<\/p>\n<p class=\"sc-jYczwO sc-ciCoXh bUKqJd cIOueB yle__article__paragraph\">My\u00f6s t\u00e4m\u00e4 tilanne on tuotu kurinpitoelimelle tiedoksi.<\/p>\n<p class=\"sc-jYczwO sc-ciCoXh bUKqJd cIOueB yle__article__paragraph\">\u2013 N\u00e4m\u00e4 on n\u00e4it\u00e4. Jos t\u00e4m\u00e4 on pes\u00e4pallon linjaus, ett\u00e4 n\u00e4in menn\u00e4\u00e4n, niin sitten kannattaisi kyll\u00e4 jonkun aika \u00e4kki\u00e4 istua alas miettim\u00e4\u00e4n n\u00e4it\u00e4 tulkintoja uudelleen. No, joku katsoo tilanteen ja tekee sitten p\u00e4\u00e4t\u00f6kset, J\u00e4rvinen kommentoi.<\/p>\n<p class=\"sc-jYczwO sc-ciCoXh bUKqJd cIOueB yle__article__paragraph\">Takaraja tutkintapyynn\u00f6n tekemiselle on maanantaina kello 12. Tutkintapyynt\u00f6 menee uudelle ulkopuoliselle kilpailutoiminnan ohjausryhm\u00e4lle (KOR). Ryhm\u00e4n kuuluvat entiset liittokunnan j\u00e4senet <strong class=\"sc-eEHciv gtNhAX yle__article__strong\">Antti Aine<\/strong> ja <strong class=\"sc-eEHciv gtNhAX yle__article__strong\">Sami Ritola<\/strong> sek\u00e4 asianajaja ja oikeustieteen tohtori <strong class=\"sc-eEHciv gtNhAX yle__article__strong\">Esa Sch\u00f6n<\/strong>, pes\u00e4palloliiton toiminnanjohtaja <strong class=\"sc-eEHciv gtNhAX yle__article__strong\">Miika Rantatorikka<\/strong> sek\u00e4 <strong class=\"sc-eEHciv gtNhAX yle__article__strong\">Juha Korhonen<\/strong>.<\/p>\n<p>\u201dRiikalle pelataan\u201d<\/p>\n<p class=\"sc-jYczwO sc-ciCoXh bUKqJd cIOueB yle__article__paragraph\">Pelinjohtaja Erno Tuomainen kertoo, ett\u00e4 joukkue k\u00e4sitteli asiaa paluumatkalla Tampereelta Sein\u00e4joelle.<\/p>\n<p class=\"sc-jYczwO sc-ciCoXh bUKqJd cIOueB yle__article__paragraph\">\u2013 Ensisijaisesti kaikille on t\u00e4rkeint\u00e4 Riikan vointi ja ett\u00e4 h\u00e4n tulee kuntoon. Siit\u00e4 paljon bussimatkalla puhuttiin, Tuomainen sanoo ja toivoo, ett\u00e4 kukaan ei j\u00e4isi vatvomaan asiaa ja sen her\u00e4tt\u00e4mi\u00e4 ajatuksia yksin.<\/p>\n<p class=\"sc-jYczwO sc-ciCoXh bUKqJd cIOueB yle__article__paragraph\">Joukkueet kohtaavat seuraavan kerran keskiviikkona Sein\u00e4joella. Tampere johtaa ottelusarjaa voitoin 2\u20130. Finaaliin etenee kolmella voitolla.<\/p>\n<p class=\"sc-jYczwO sc-ciCoXh bUKqJd cIOueB yle__article__paragraph\">\u2013 Sarja on kesken, joten kyll\u00e4h\u00e4n t\u00e4ss\u00e4 nyt pit\u00e4\u00e4 l\u00e4hte\u00e4 voitosta pelaamaan. Riikallehan t\u00e4ss\u00e4 nyt pelataan, ja tietysti my\u00f6s ett\u00e4 saadaan sarjaa k\u00e4\u00e4nnetty\u00e4 meille. Kyll\u00e4 valmistautuminen siihenkin pit\u00e4\u00e4 aloittaa, Tuomainen kertoo.<\/p>\n","protected":false},"excerpt":{"rendered":"Jussittaret hakee sunnuntaina loukkaantuneelle Riikka Polsolle oikeutta tekem\u00e4ll\u00e4 tilanteesta tutkintapyynn\u00f6n Superpesiksen kurinpitoelimelle. Polso vietti Tampereella y\u00f6n sairaalassa tarkkailussa.&hellip;\n","protected":false},"author":2,"featured_media":15648,"comment_status":"","ping_status":"","sticky":false,"template":"","format":"standard","meta":{"footnotes":""},"categories":[158],"tags":[1377,33,31,30,5015,4282,2724,553,680,159,32,160],"class_list":{"0":"post-15647","1":"post","2":"type-post","3":"status-publish","4":"format-standard","5":"has-post-thumbnail","7":"category-urheilu","8":"tag-etela-pohjanmaa","9":"tag-fi","10":"tag-finland","11":"tag-finnish","12":"tag-manse-pp","13":"tag-naisten-superpesis","14":"tag-pesapallo","15":"tag-pirkanmaa","16":"tag-seinajoki","17":"tag-sports","18":"tag-suomi","19":"tag-urheilu"},"share_on_mastodon":{"url":"","error":""},"_links":{"self":[{"href":"https:\/\/www.europesays.com\/fi\/wp-json\/wp\/v2\/posts\/15647","targetHints":{"allow":["GET"]}}],"collection":[{"href":"https:\/\/www.europesays.com\/fi\/wp-json\/wp\/v2\/posts"}],"about":[{"href":"https:\/\/www.europesays.com\/fi\/wp-json\/wp\/v2\/types\/post"}],"author":[{"embeddable":true,"href":"https:\/\/www.europesays.com\/fi\/wp-json\/wp\/v2\/users\/2"}],"replies":[{"embeddable":true,"href":"https:\/\/www.europesays.com\/fi\/wp-json\/wp\/v2\/comments?post=15647"}],"version-history":[{"count":0,"href":"https:\/\/www.europesays.com\/fi\/wp-json\/wp\/v2\/posts\/15647\/revisions"}],"wp:featuredmedia":[{"embeddable":true,"href":"https:\/\/www.europesays.com\/fi\/wp-json\/wp\/v2\/media\/15648"}],"wp:attachment":[{"href":"https:\/\/www.europesays.com\/fi\/wp-json\/wp\/v2\/media?parent=15647"}],"wp:term":[{"taxonomy":"category","embeddable":true,"href":"https:\/\/www.europesays.com\/fi\/wp-json\/wp\/v2\/categories?post=15647"},{"taxonomy":"post_tag","embeddable":true,"href":"https:\/\/www.europesays.com\/fi\/wp-json\/wp\/v2\/tags?post=15647"}],"curies":[{"name":"wp","href":"https:\/\/api.w.org\/{rel}","templated":true}]}}