{"id":15649,"date":"2025-08-25T09:01:12","date_gmt":"2025-08-25T09:01:12","guid":{"rendered":"https:\/\/www.europesays.com\/fi\/15649\/"},"modified":"2025-08-25T09:01:12","modified_gmt":"2025-08-25T09:01:12","slug":"listasimme-syksyn-teatteritapaukset-naista-ensi-illoista-puhutaan-pian-kulttuuri","status":"publish","type":"post","link":"https:\/\/www.europesays.com\/fi\/15649\/","title":{"rendered":"Listasimme syksyn teatteritapaukset: n\u00e4ist\u00e4 ensi-illoista puhutaan pian | Kulttuuri"},"content":{"rendered":"<p class=\"sc-jYczwO sc-ciCoXh bUKqJd cIOueB yle__article__paragraph\">T\u00e4n\u00e4 syksyn\u00e4 teattereissa n\u00e4hd\u00e4\u00e4n runsaasti kotimaisia kantaesityksi\u00e4 ja klassikoiden uudelleentulkintoja. Monissa esityksiss\u00e4 aiheita l\u00e4hestyt\u00e4\u00e4n naisten tai sukupuoli- ja seksuaaliv\u00e4hemmist\u00f6jen n\u00e4k\u00f6kulmasta.<\/p>\n<p class=\"sc-jYczwO sc-ciCoXh bUKqJd cIOueB yle__article__paragraph\">Poimimme listalle tusinan verran ensi-iltoja, joista puhutaan syksyn kahvip\u00f6ydiss\u00e4.<\/p>\n<p>Ei aina niit\u00e4 kuningasn\u00e4ytelmi\u00e4<img decoding=\"async\" alt=\"Nainen r\u00f6hn\u00f6tt\u00e4\u00e4 puolimakaavassa asennossa ja katsoo kameraan. P\u00e4\u00e4ss\u00e4 on graafisesti tehty kruunu.\" src=\"https:\/\/www.europesays.com\/fi\/wp-content\/uploads\/2025\/08\/39-15046046895e3e41d4b3.jpeg\" loading=\"lazy\" class=\"sc-dntSTA iywpZY\"\/><\/p>\n<p>Avaa kuvien katselu<\/p>\n<p>Kuningatarn\u00e4ytelm\u00e4n Kristiinan roolin tekee Syd\u00e4npeto-elokuvasta (2022) runsaasti suitsutusta saanut nuori lupaus Elsi Sloan. Kuva: Heli Bl\u00e5field<\/p>\n<p class=\"sc-jYczwO sc-ciCoXh bUKqJd cIOueB yle__article__paragraph\"><strong class=\"sc-eEHciv gtNhAX yle__article__strong\">Jussi Moilan<\/strong> uuden n\u00e4ytelm\u00e4n aihe on kuningatar <strong class=\"sc-eEHciv gtNhAX yle__article__strong\">Kristiina<\/strong>, joka hallitsi Ruotsia 1632\u20131654.<\/p>\n<p class=\"sc-jYczwO sc-ciCoXh bUKqJd cIOueB yle__article__paragraph\">Kristiinaa kasvatettiin lapsesta asti kuninkaaksi. H\u00e4n oli sukupuoleltaan ristiriitainen hahmo, mies ja nainen, joka halusi tehd\u00e4 Ruotsista tieteen ja taiteen kehdon. Ja h\u00e4n halusi hovineitonsa Bellen.<\/p>\n<p class=\"sc-jYczwO sc-ciCoXh bUKqJd cIOueB yle__article__paragraph\"><strong class=\"sc-eEHciv gtNhAX yle__article__strong\">Sini Pesosen<\/strong> ohjaaman esityksen teemoina ovat valta, sukupuoli ja rakkaus.<\/p>\n<p class=\"sc-jYczwO sc-ciCoXh bUKqJd cIOueB yle__article__paragraph\">Jussi Moila: <a class=\"sc-jDJeIs gotUgl yle__article__link\" href=\"https:\/\/hkt.fi\/esitykset\/kuningatarnaytelma\/\" role=\"link\" rel=\"nofollow noopener\" target=\"_blank\">Kuningatarn\u00e4ytelm\u00e4<\/a> kantaesitys 28.8. Helsingin kaupunginteatterissa.<\/p>\n<p>Satiiria ty\u00f6el\u00e4m\u00e4st\u00e4<img decoding=\"async\" alt=\"Viisi ihmist\u00e4 on kumartunut p\u00f6yd\u00e4n ymp\u00e4rille, jolla on tietokone. Kaikilla bussiness-tyyliset puvut yll\u00e4. \" src=\"https:\/\/www.europesays.com\/fi\/wp-content\/uploads\/2025\/08\/39-15046106895e46626b89.jpeg\" loading=\"lazy\" class=\"sc-dntSTA iywpZY\"\/><\/p>\n<p>Avaa kuvien katselu<\/p>\n<p>Juha Jokelan Let&#8217;s Play Business -n\u00e4ytelm\u00e4n tapahtumapaikka on konsulttifirma. Luvassa on vakavaa satiiria ty\u00f6yhteis\u00f6jen ristiriidoista. Kuva: Otto-Ville V\u00e4\u00e4t\u00e4inen<\/p>\n<p class=\"sc-jYczwO sc-ciCoXh bUKqJd cIOueB yle__article__paragraph\"><strong class=\"sc-eEHciv gtNhAX yle__article__strong\">Juha Jokelan<\/strong> Let\u2019s Play Business -n\u00e4ytelm\u00e4 vie katsojat ty\u00f6el\u00e4m\u00e4n ytimeen. N\u00e4yttelij\u00e4seurue kertoo tarinaa konsulttifirmasta, jonka autorit\u00e4\u00e4rinen johtaja on juuri el\u00e4k\u00f6itynyt.<\/p>\n<p class=\"sc-jYczwO sc-ciCoXh bUKqJd cIOueB yle__article__paragraph\">Uudella pomolla on uudet ideat. Niihin kuuluvat mm. \u201djumalainen jortsuvartti\u201d ja \u201dimpulssikenno\u201d.<\/p>\n<p class=\"sc-jYczwO sc-ciCoXh bUKqJd cIOueB yle__article__paragraph\">Johtajuutta k\u00e4sitell\u00e4\u00e4n my\u00f6s metatasolla: n\u00e4yttelij\u00e4seurueen vet\u00e4j\u00e4n vahvuuksiin eiv\u00e4t kuulu tasa-arvo, kohtuus tai itsekritiikki.<\/p>\n<p class=\"sc-jYczwO sc-ciCoXh bUKqJd cIOueB yle__article__paragraph\">Jokela ohjaa kantaesityksens\u00e4 j\u00e4lleen itse.<\/p>\n<p class=\"sc-jYczwO sc-ciCoXh bUKqJd cIOueB yle__article__paragraph\">Juha Jokela: <a class=\"sc-jDJeIs gotUgl yle__article__link\" href=\"https:\/\/hkt.fi\/esitykset\/lets-play-business\/\" role=\"link\" rel=\"nofollow noopener\" target=\"_blank\">Let\u2019s Play Bussiness <\/a>kantaesitys 30.8. Helsingin kaupunginteatterissa.<\/p>\n<p>Nyt \u00e4\u00e4neen p\u00e4\u00e4see Lapin faaraon \u00e4iti<img decoding=\"async\" alt=\"Nainen polttaa piippua ja katsoo oikealle. Taustalla paljon v\u00e4rej\u00e4, kuin nainen seisoisi maalauskankaan edess\u00e4.\" src=\"https:\/\/www.europesays.com\/fi\/wp-content\/uploads\/2025\/08\/39-15046136895e5677643b.jpeg\" loading=\"lazy\" class=\"sc-dntSTA iywpZY\"\/><\/p>\n<p>Avaa kuvien katselu<\/p>\n<p>Rovaniemell\u00e4 saa ensi-iltansa taidemaalari Reidar S\u00e4rest\u00f6niemen \u00e4idin, Alman (Helka Periaho), el\u00e4m\u00e4\u00e4n keskittyv\u00e4 n\u00e4ytelm\u00e4.<\/p>\n<p class=\"sc-jYczwO sc-ciCoXh bUKqJd cIOueB yle__article__paragraph\">Taidemaalari <strong class=\"sc-eEHciv gtNhAX yle__article__strong\">Reidar S\u00e4rest\u00f6niemen<\/strong> 100-vuotisjuhlavuosi n\u00e4kyy my\u00f6s Rovaniemen teatterissa.<\/p>\n<p class=\"sc-jYczwO sc-ciCoXh bUKqJd cIOueB yle__article__paragraph\">Vesisaaren Alma on tarina seitsem\u00e4n lapsen \u2013 ja Reidarin \u2013 \u00e4idist\u00e4, Pohjois-Norjassa syntyneest\u00e4 ja Kittil\u00e4\u00e4n p\u00e4\u00e4tyneest\u00e4 naisesta. Alma eli kahdessa maailmassa, n\u00e4ki enneunia ja eti\u00e4isi\u00e4.<\/p>\n<p class=\"sc-jYczwO sc-ciCoXh bUKqJd cIOueB yle__article__paragraph\">Esityksess\u00e4 on my\u00f6s sirkustaidetta. Sen on kirjoittanut <strong class=\"sc-eEHciv gtNhAX yle__article__strong\">Taija Helminen<\/strong> ja ohjannut Rovaniemen teatterin <strong class=\"sc-eEHciv gtNhAX yle__article__strong\">Riku Innamaa<\/strong>.<\/p>\n<p class=\"sc-jYczwO sc-ciCoXh bUKqJd cIOueB yle__article__paragraph\">Taija Helminen: <a class=\"sc-jDJeIs gotUgl yle__article__link\" href=\"https:\/\/rovaniementeatteri.fi\/esitys\/vesisaaren-alma\/\" role=\"link\" rel=\"nofollow noopener\" target=\"_blank\">Vesisaaren Alma<\/a>, Reidar S\u00e4rest\u00f6niemen \u00e4idin tarina kantaesitys 3.9. Rovaniemen teatterissa. Esitys l\u00e4htee Lapin maakuntakiertueelle.<\/p>\n<p>Ja sitten jotain aivan muuta<img decoding=\"async\" alt=\"Mies istuu ja ompelee suurella neulalla vaaleanpunaista kangasta. Miehen puseron alta paljastuu tatuointeja.\" src=\"https:\/\/www.europesays.com\/fi\/wp-content\/uploads\/2025\/08\/39-15045816895dede3ffff.jpeg\" loading=\"lazy\" class=\"sc-dntSTA iywpZY\"\/><\/p>\n<p>Avaa kuvien katselu<\/p>\n<p>Arakhne-esityksess\u00e4 kudotaan kilpaa. Yksi n\u00e4yttelij\u00f6ist\u00e4 on Karim Rapatti. Kuva: Lina Jelanski<\/p>\n<p class=\"sc-jYczwO sc-ciCoXh bUKqJd cIOueB yle__article__paragraph\"><strong class=\"sc-eEHciv gtNhAX yle__article__strong\">Sinna Virtasen<\/strong> Arakhne lupaa yhdist\u00e4\u00e4 showpainin, kudonnan ja h\u00e4m\u00e4h\u00e4kit. Esitys pohjaa myyttiin h\u00e4m\u00e4h\u00e4kin synnyst\u00e4: Jumala Pallas Athene haastoi Arakhnen kutomiskilpaan, jonka Arakhne voitti. H\u00e4n sai kutoa lopun ik\u00e4\u00e4ns\u00e4 h\u00e4m\u00e4h\u00e4kkin\u00e4.<\/p>\n<p class=\"sc-jYczwO sc-ciCoXh bUKqJd cIOueB yle__article__paragraph\">Virtasen ohjaamassa esityksess\u00e4 <strong class=\"sc-eEHciv gtNhAX yle__article__strong\">Leena Uotila<\/strong>, <strong class=\"sc-eEHciv gtNhAX yle__article__strong\">Seidi Haarla<\/strong> ja <strong class=\"sc-eEHciv gtNhAX yle__article__strong\">Karim Rapatti<\/strong> esitt\u00e4v\u00e4t showpainista tuttuja hahmoja, kilpailevat aivan kaikesta \u2013 ja kutovat. N\u00e4ytt\u00e4m\u00f6ll\u00e4 on kolmet kangaspuut, joilla n\u00e4yttelij\u00e4t louskuttavat oikeasti.<\/p>\n<p class=\"sc-jYczwO sc-ciCoXh bUKqJd cIOueB yle__article__paragraph\">Sinna Virtanen: <a class=\"sc-jDJeIs gotUgl yle__article__link\" href=\"https:\/\/espoonteatteri.fi\/ohjelmisto\/arakhne\/\" role=\"link\" rel=\"nofollow noopener\" target=\"_blank\">Arakhne<\/a> kantaesitys 4.9. Espoon teatterissa, joka k\u00e4ytt\u00e4\u00e4 nime\u00e4 &amp;.<\/p>\n<p>Heldem\u00f6ityshoidoista \u00e4itiyden ristiriitoihin<img decoding=\"async\" alt=\"Graafisesti tehty &quot;ilmoitustaulu&quot;, jolla on ihmisten passikuvia ja kuvia esineist\u00e4 ja el\u00e4imist\u00e4.\" src=\"https:\/\/www.europesays.com\/fi\/wp-content\/uploads\/2025\/08\/39-15046026895e360142fe.jpeg\" loading=\"lazy\" class=\"sc-dntSTA iywpZY\"\/><\/p>\n<p>Avaa kuvien katselu<\/p>\n<p>Hyenans Dagar -esityksess\u00e4 n\u00e4yttelev\u00e4t ruotsiksi Katja K\u00fcttner, Pia Runnakko, Alexander Wendelin, Kreeta Salminen ja Elmer B\u00e4ck. Kuva: Mitro H\u00e4rk\u00f6nen<\/p>\n<p class=\"sc-jYczwO sc-ciCoXh bUKqJd cIOueB yle__article__paragraph\"><strong class=\"sc-eEHciv gtNhAX yle__article__strong\">Saara Turusen<\/strong> Hyeenan p\u00e4iv\u00e4t -romaaniin osittain perustuva Hyenans Dagar seuraa yhden naisen el\u00e4m\u00e4\u00e4 hedelm\u00f6ityshoidoista lapsen syntym\u00e4\u00e4n.<\/p>\n<p class=\"sc-jYczwO sc-ciCoXh bUKqJd cIOueB yle__article__paragraph\">Romaani havainnoi lapsettomuutta ja \u00e4itiyden aiheuttamia ristiriitaisia tunteita. Lapsen haluava nainen k\u00e4y l\u00e4pi lapsettomuushoidot ja l\u00f6yt\u00e4\u00e4 itsens\u00e4 oudosta maailmasta. Turunen on ottanut romaanista osia ja jatkanut niiden k\u00e4sittely\u00e4 n\u00e4ytt\u00e4m\u00f6ll\u00e4.<\/p>\n<p class=\"sc-jYczwO sc-ciCoXh bUKqJd cIOueB yle__article__paragraph\">Turusen ohjaukselta voi odottaa runollista v\u00e4h\u00e4puheisuutta, minimalistista estetiikkaa ja tarkkoja havaintoja. Musiikkiakin kuullaan.<\/p>\n<p class=\"sc-jYczwO sc-ciCoXh bUKqJd cIOueB yle__article__paragraph\">Saara Turunen: <a class=\"sc-jDJeIs gotUgl yle__article__link\" href=\"https:\/\/hkt.fi\/esitykset\/hyenans-dagar\/\" role=\"link\" rel=\"nofollow noopener\" target=\"_blank\">Hyenans Dagar<\/a> kantaesitys 11.9. Lilla Teaternissa.<\/p>\n<p>Opettajista uuden ja vanhan ristipaineessa<img decoding=\"async\" alt=\"Graafinen piirros, sininen ihmishahmo punaisella pohjalla.\" src=\"https:\/\/www.europesays.com\/fi\/wp-content\/uploads\/2025\/08\/39-15046126895e4e11f8b2.jpeg\" loading=\"lazy\" class=\"sc-dntSTA iywpZY\"\/><\/p>\n<p>Avaa kuvien katselu<\/p>\n<p>Q-teatterissa kehkeytyy esitys, joka piirt\u00e4\u00e4 muotokuvan opettajasta uuden ja vanhan maailman puristuksissa.  Kuva: Antti Grundst\u00e9n<\/p>\n<p class=\"sc-jYczwO sc-ciCoXh bUKqJd cIOueB yle__article__paragraph\"><strong class=\"sc-eEHciv gtNhAX yle__article__strong\">Katariina Nummisen<\/strong> kirjoittama Opettaja, nyt on \u201dmuotokuva taideoppilaitoksen opettajasta uuden ja vanhan maailman rajalla\u201d.<\/p>\n<p class=\"sc-jYczwO sc-ciCoXh bUKqJd cIOueB yle__article__paragraph\">Erityisen kutkuttavan esityksest\u00e4 tekee t\u00e4m\u00e4: jokin aika sitten medioissa uutisoitiin, ett\u00e4 Teatterikorkeakoulussa on k\u00e4ynniss\u00e4 <a class=\"sc-jDJeIs gotUgl yle__article__link\" href=\"https:\/\/www.hs.fi\/kulttuuri\/art-2000007717484.html\" role=\"link\" rel=\"nofollow noopener\" target=\"_blank\">paradigman murros<\/a>, ja <a class=\"sc-jDJeIs gotUgl yle__article__link\" href=\"https:\/\/suomenkuvalehti.fi\/kulttuuri\/shakespeare-on-rakenteellista-vakivaltaa-opiskelijaa-kohtaan-taidekoulut-luovivat-opiskelijoiden-vaatimusten-keskella\/?shared=1148185-b8710b50-10\" role=\"link\" rel=\"nofollow noopener\" target=\"_blank\">opettajat yritt\u00e4v\u00e4t luovia<\/a> taidekaanonin ja <a class=\"sc-jDJeIs gotUgl yle__article__link\" href=\"https:\/\/yle.fi\/a\/3-11703842\" role=\"link\" rel=\"nofollow noopener\" target=\"_blank\">opiskelijoiden<\/a> vaatimusten ristipaineessa.<\/p>\n<p class=\"sc-jYczwO sc-ciCoXh bUKqJd cIOueB yle__article__paragraph\">Sek\u00e4 esityksen kirjailija ett\u00e4 n\u00e4yttelij\u00e4 <strong class=\"sc-eEHciv gtNhAX yle__article__strong\">Elina Knihtil\u00e4<\/strong> ovat molemmat opettaneet Teatterikorkeakoulussa.<\/p>\n<p class=\"sc-jYczwO sc-ciCoXh bUKqJd cIOueB yle__article__paragraph\">Esitys on kuitenkin fiktio, joka tutkii opettajan ja oppilaan suhdetta, sit\u00e4, voivatko eri sukupolvet lopulta ymm\u00e4rt\u00e4\u00e4 toisiaan. Ohjaus on <strong class=\"sc-eEHciv gtNhAX yle__article__strong\">Milja Sarkolan<\/strong>.<\/p>\n<p class=\"sc-jYczwO sc-ciCoXh bUKqJd cIOueB yle__article__paragraph\">Katariina Numminen: <a class=\"sc-jDJeIs gotUgl yle__article__link\" href=\"https:\/\/www.q-teatteri.fi\/esitykset\/opettaja-nyt\" role=\"link\" rel=\"nofollow noopener\" target=\"_blank\">Opettaja, nyt <\/a>kantaesitys 18.9. Q-teatterissa Helsingiss\u00e4.<\/p>\n<p>Oi Romeo, Romeo, miksi olet Romeo?<img decoding=\"async\" alt=\"Kaksi naisoletettua suutelee, toinen on yl\u00f6salaisin.\" src=\"https:\/\/www.europesays.com\/fi\/wp-content\/uploads\/2025\/08\/39-15045056895d4441f7ff.jpeg\" loading=\"lazy\" class=\"sc-dntSTA iywpZY\"\/><\/p>\n<p>Avaa kuvien katselu<\/p>\n<p>Tampereella Romeota n\u00e4yttelee Meri Luukkanen (ylh\u00e4\u00e4ll\u00e4) ja Juliaa Anna B\u00f6hm. Kuva: Ilkka Saastamoinen<\/p>\n<p class=\"sc-jYczwO sc-ciCoXh bUKqJd cIOueB yle__article__paragraph\">\u00c5bo Svenska Teaternissa ja Tampereen teatterissa n\u00e4hd\u00e4\u00e4n tulkinnat <strong class=\"sc-eEHciv gtNhAX yle__article__strong\">Shakespearen<\/strong> klassikosta Romeo ja Julia.<\/p>\n<p class=\"sc-jYczwO sc-ciCoXh bUKqJd cIOueB yle__article__paragraph\">Tampereella Romeon rooliin etsittiin muunsukupuolista n\u00e4yttelij\u00e4\u00e4. Turussa puolestaan j\u00e4tettiin hakuvaiheessa roolin sukupuoli m\u00e4\u00e4ritt\u00e4m\u00e4tt\u00e4.<\/p>\n<p class=\"sc-jYczwO sc-ciCoXh bUKqJd cIOueB yle__article__paragraph\">Turussa Romeoksi valittiin transnainen <strong class=\"sc-eEHciv gtNhAX yle__article__strong\">Vega Adsten<\/strong> ja Tampereella muunsukupuolinen <strong class=\"sc-eEHciv gtNhAX yle__article__strong\">Meri Luukkanen<\/strong>.<\/p>\n<p class=\"sc-jYczwO sc-ciCoXh bUKqJd cIOueB yle__article__paragraph\">Tulkinnat toisiaan vihaavien sukujen lasten kielletyst\u00e4 rakkaudesta saavat uutta kierrett\u00e4 n\u00e4yttelij\u00f6iden sukupuolesta.<\/p>\n<p class=\"sc-jYczwO sc-ciCoXh bUKqJd cIOueB yle__article__paragraph\">Turun esityksen ohjaa <strong class=\"sc-eEHciv gtNhAX yle__article__strong\">David Sandqvist<\/strong>. Tampereella n\u00e4ytelm\u00e4\u00e4n tarttuu <strong class=\"sc-eEHciv gtNhAX yle__article__strong\">Paavo Westerberg<\/strong>.<\/p>\n<p class=\"sc-jYczwO sc-ciCoXh bUKqJd cIOueB yle__article__paragraph\">Shakespeare: Romeo &amp; Julia ensi-ilta \u00c5bo Svenska Teaternissa Turussa 18.9. ja <a class=\"sc-jDJeIs gotUgl yle__article__link\" href=\"https:\/\/tampereenteatteri.fi\/naytelma\/romeo-ja-julia\/\" role=\"link\" rel=\"nofollow noopener\" target=\"_blank\">Tampereen teatterissa<\/a> 29.10.<\/p>\n<p class=\"sc-jYczwO sc-ciCoXh bUKqJd cIOueB yle__article__paragraph\"><strong class=\"sc-eEHciv gtNhAX yle__article__strong\">Kuuntele Vega Adstenin ajatuksia Romeosta S\u00e4llskapet-podcastista.<\/strong><\/p>\n<p><img decoding=\"async\" alt=\"\" src=\"https:\/\/www.europesays.com\/fi\/wp-content\/uploads\/2025\/08\/13-1-50505027-1705490389407.jpeg\" class=\"sc-dntSTA iywpZY\"\/>Pohjant\u00e4hden alla n\u00e4ytell\u00e4\u00e4n Suomen prologi<img decoding=\"async\" alt=\"Iloinen joukkio k\u00e4velee pellolla. Kuvassa n\u00e4yttelij\u00f6it\u00e4, joilla on 1800-1900-lukujen vaihteen juhlavaaatteet. Joukkion edess\u00e4 kulkee h\u00e4\u00e4pari.\" src=\"https:\/\/www.europesays.com\/fi\/wp-content\/uploads\/2025\/08\/39-15045826895df73b7282.jpeg\" loading=\"lazy\" class=\"sc-dntSTA iywpZY\"\/><\/p>\n<p>Avaa kuvien katselu<\/p>\n<p>Lauri Maijala sovittaa ja ohjaa Pohjant\u00e4hti-trilogian Kansallisteatterin p\u00e4\u00e4n\u00e4ytt\u00e4m\u00f6lle.  Kuva: Nico Backstr\u00f6m<\/p>\n<p class=\"sc-jYczwO sc-ciCoXh bUKqJd cIOueB yle__article__paragraph\"><strong class=\"sc-eEHciv gtNhAX yle__article__strong\">Lauri Maijalan<\/strong> ensimm\u00e4inen ohjaus Kansallisteatteriin on j\u00e4rk\u00e4lem\u00e4inen. H\u00e4n sovittaa <strong class=\"sc-eEHciv gtNhAX yle__article__strong\">V\u00e4in\u00f6 Linnan<\/strong> Pohjant\u00e4htitrilogiasta n\u00e4ytelm\u00e4n, joka kertoo, miten me olemme p\u00e4\u00e4tyneet siihen, miss\u00e4 me nyt olemme, nyky-Suomeen.<\/p>\n<p class=\"sc-jYczwO sc-ciCoXh bUKqJd cIOueB yle__article__paragraph\">Kansakunnan synty\u00e4 valotetaan erityisesti kahden perheen, Koskeloiden ja Salpakarien, rahvaan ja eliitin, kautta. N\u00e4ytt\u00e4m\u00f6lle piirtyy kuva polarisoituneesta kansasta, ep\u00e4luulosta, vihanpidosta ja katkeruudesta. Klassikko on j\u00e4lleen valitettavan ajankohtainen.<\/p>\n<p class=\"sc-jYczwO sc-ciCoXh bUKqJd cIOueB yle__article__paragraph\">Maijalalta on aiemmin n\u00e4hty samoja aikakausia luotaavat, j\u00e4risytt\u00e4v\u00e4t Veriruusut (2018) ja Punaorvot (2020). Jo niiden perusteella on lupa odottaa paljon.<\/p>\n<p class=\"sc-jYczwO sc-ciCoXh bUKqJd cIOueB yle__article__paragraph\">V\u00e4in\u00f6 Linna \u2013 Lauri Maijala: <a class=\"sc-jDJeIs gotUgl yle__article__link\" href=\"https:\/\/www.kansallisteatteri.fi\/esitys\/taalla-pohjantahden-alla\" role=\"link\" rel=\"nofollow noopener\" target=\"_blank\">T\u00e4\u00e4ll\u00e4 Pohjant\u00e4hden alla<\/a>, ensi-ilta 24.9. Kansallisteatterissa Helsingiss\u00e4.<\/p>\n<p>V\u00e4yl\u00e4 aukeaa Helsingiss\u00e4, Lahdessa ja Tampereella<img decoding=\"async\" alt=\"Huivip\u00e4inen nainen katsoo olkana yli kameraan. Rintakuva. Naisella verkkatakki p\u00e4\u00e4ll\u00e4.\" src=\"https:\/\/www.europesays.com\/fi\/wp-content\/uploads\/2025\/08\/39-15055926899ec6254f43.jpeg\" loading=\"lazy\" class=\"sc-dntSTA iywpZY\"\/><\/p>\n<p>Avaa kuvien katselu<\/p>\n<p>Ella Mett\u00e4nen esitt\u00e4\u00e4 monologin V\u00e4yl\u00e4, joka pohjautuu Rosa Liksomin samannimiseen romaaniin. Kuva: Juho Uusitalo<\/p>\n<p class=\"sc-jYczwO sc-ciCoXh bUKqJd cIOueB yle__article__paragraph\">Olavi Veist\u00e4j\u00e4 -palkinnolla juuri noteerattu n\u00e4yttelij\u00e4 <strong class=\"sc-eEHciv gtNhAX yle__article__strong\">Ella Mett\u00e4nen<\/strong> esitt\u00e4\u00e4 monologin V\u00e4yl\u00e4, joka perustuu <strong class=\"sc-eEHciv gtNhAX yle__article__strong\">Rosa Liksomin<\/strong> samannimiseen romaaniin.<\/p>\n<p class=\"sc-jYczwO sc-ciCoXh bUKqJd cIOueB yle__article__paragraph\">Tapahtumat sijoittuvat Lapin sotaan ja aikaan, jolloin kymmenettuhannet pakenivat kodeistaan. Pakolaisvirran keskell\u00e4 kulkee my\u00f6s nuori tytt\u00f6, joka vie lehmi\u00e4 turvaan Ruotsin puolelle.<\/p>\n<p class=\"sc-jYczwO sc-ciCoXh bUKqJd cIOueB yle__article__paragraph\"><strong class=\"sc-eEHciv gtNhAX yle__article__strong\">Mikko Roiha<\/strong> on dramatisoinut ja ohjannut esityksen, jossa h\u00e4n jatkaa sotien olosuhteiden tutkimista naisten n\u00e4k\u00f6kulmasta.<\/p>\n<p class=\"sc-jYczwO sc-ciCoXh bUKqJd cIOueB yle__article__paragraph\">V\u00e4yl\u00e4\u00e4 esitet\u00e4\u00e4n Helsingiss\u00e4, Lahdessa ja Tampereella.<\/p>\n<p class=\"sc-jYczwO sc-ciCoXh bUKqJd cIOueB yle__article__paragraph\">Rosa Liksom: V\u00e4yl\u00e4 esitykset syksyll\u00e4 <a class=\"sc-jDJeIs gotUgl yle__article__link\" href=\"https:\/\/www.jurkka.fi\/class\/vayla\/\" role=\"link\" rel=\"nofollow noopener\" target=\"_blank\">Teatteri Jurkassa<\/a> ja <a class=\"sc-jDJeIs gotUgl yle__article__link\" href=\"https:\/\/lahdenkaupunginteatteri.fi\/ohjelma\/vayla\/\" role=\"link\" rel=\"nofollow noopener\" target=\"_blank\">Lahden kaupunginteatterissa<\/a> sek\u00e4 kev\u00e4\u00e4ll\u00e4 2026 Tampereen Ty\u00f6v\u00e4en Teatterissa.<\/p>\n<p>\u00c9douard Louis&#8217;n kohuteoksista n\u00e4hd\u00e4\u00e4n teatteriversio<img decoding=\"async\" alt=\"Kaksi nuorta miest\u00e4 makaa maassa ja syleilee toisiaan. Mustavalkoinen kuva.\" src=\"https:\/\/www.europesays.com\/fi\/wp-content\/uploads\/2025\/08\/39-150477668961b96da41b.jpeg\" loading=\"lazy\" class=\"sc-dntSTA iywpZY\"\/><\/p>\n<p>Avaa kuvien katselu<\/p>\n<p>Salomon Z. Patrick ja Andreas Kvisgaard n\u00e4yttelev\u00e4t V\u00e5ldets historiassa. Kuva: Heli Bl\u00e5field<\/p>\n<p class=\"sc-jYczwO sc-ciCoXh bUKqJd cIOueB yle__article__paragraph\">V\u00e5ldets historia perustuu Ranskassa kohahduttaneisiin <strong class=\"sc-eEHciv gtNhAX yle__article__strong\">\u00c9douard Louis\u2019n<\/strong> romaaneihin Ei en\u00e4\u00e4 Eddy (2019) ja V\u00e4kivallan historia (2020).<\/p>\n<p class=\"sc-jYczwO sc-ciCoXh bUKqJd cIOueB yle__article__paragraph\">Eddyn lapsuutta v\u00e4ritt\u00e4v\u00e4t k\u00f6yhyys ja kiusaaminen, aikuisuutta seksuaalinen v\u00e4kivalta ja siit\u00e4 toipuminen. Esitys kertoo luokkaeroista, v\u00e4kivallasta ja ahtaasta miehen roolista.<\/p>\n<p class=\"sc-jYczwO sc-ciCoXh bUKqJd cIOueB yle__article__paragraph\">\u00c9douard Louis\u2019n teoksia on k\u00e4\u00e4nnetty kymmenille kielille, ja niist\u00e4 on tehty teatteria eri puolilla maailmaa. Nyt on Helsingin vuoro.<\/p>\n<p class=\"sc-jYczwO sc-ciCoXh bUKqJd cIOueB yle__article__paragraph\">Romaanit dramatisoi <strong class=\"sc-eEHciv gtNhAX yle__article__strong\">Rasmus Arikka<\/strong>. Esityksen ohjaa <strong class=\"sc-eEHciv gtNhAX yle__article__strong\">Jacob H\u00f6glund.<\/strong> Uutta musiikkia s\u00e4velt\u00e4\u00e4 Elia Lombardini eli <strong class=\"sc-eEHciv gtNhAX yle__article__strong\">Elias Riipinen<\/strong>.<\/p>\n<p class=\"sc-jYczwO sc-ciCoXh bUKqJd cIOueB yle__article__paragraph\">\u00c9douard Louis: <a class=\"sc-jDJeIs gotUgl yle__article__link\" href=\"https:\/\/hkt.fi\/esitykset\/valdets-historia\/\" role=\"link\" rel=\"nofollow noopener\" target=\"_blank\">V\u00e5ldets historia<\/a> ensi-ilta 13.11. Lilla Teaternissa Helsingiss\u00e4.<\/p>\n<p>Esitys heist\u00e4, jotka katosivat Neuvostoliittoon<img decoding=\"async\" alt=\"Joukko ihmisi\u00e4 (n\u00e4yttelij\u00f6it\u00e4) n\u00e4ytt\u00e4\u00e4 istuvan lumihangessa yll\u00e4\u00e4n 1900-luvun alun ty\u00f6l\u00e4isten vaatteet.\" src=\"https:\/\/www.europesays.com\/fi\/wp-content\/uploads\/2025\/08\/39-15046006895e252b13b9.jpeg\" loading=\"lazy\" class=\"sc-dntSTA iywpZY\"\/><\/p>\n<p>Avaa kuvien katselu<\/p>\n<p>Muistop\u00e4iv\u00e4 on fiktiivinen kuvaus Neuvostoliittoon loikanneista suomalaisista, mutta se perustuu dokumentaariseen aineistoon. Kuva: Kuva Mitro H\u00e4rk\u00f6nen, kuvank\u00e4sittely Marko Kovero<\/p>\n<p class=\"sc-jYczwO sc-ciCoXh bUKqJd cIOueB yle__article__paragraph\">Muistop\u00e4iv\u00e4 nostaa keski\u00f6\u00f6n suomalaiset, jotka suurin toivein loikkasivat Neuvostoliittoon ja katosivat <strong class=\"sc-eEHciv gtNhAX yle__article__strong\">Stalinin<\/strong> vainoissa 1930-luvulla.<\/p>\n<p class=\"sc-jYczwO sc-ciCoXh bUKqJd cIOueB yle__article__paragraph\">Joukko suomalaisia l\u00e4htee salakuljettajan veneell\u00e4 Suomen surkeista oloista, n\u00e4lk\u00e4\u00e4 pakoon kohti id\u00e4n ihmemaata ja parempaa el\u00e4m\u00e4\u00e4. Perill\u00e4 odottaa julma todellisuus.<\/p>\n<p class=\"sc-jYczwO sc-ciCoXh bUKqJd cIOueB yle__article__paragraph\">Muistop\u00e4iv\u00e4 on kirjoitettu dialogissa Kansallisarkiston Suomalaiset Ven\u00e4j\u00e4ll\u00e4 1917\u20121964 -tutkimushankkeen kanssa. Se on fiktiivinen mutta pohjaa dokumentaariseen materiaaliin: kirjeisiin, p\u00e4iv\u00e4kirjoihin, kuulustelup\u00f6yt\u00e4kirjoihin.<\/p>\n<p class=\"sc-jYczwO sc-ciCoXh bUKqJd cIOueB yle__article__paragraph\">Teksti on Ker\u00e4ilij\u00e4t-romaanista ja n\u00e4ytelm\u00e4st\u00e4 tutun <strong class=\"sc-eEHciv gtNhAX yle__article__strong\">Elli Salon<\/strong> ja ohjaus <strong class=\"sc-eEHciv gtNhAX yle__article__strong\">Riikka Oksasen.<\/strong><\/p>\n<p class=\"sc-jYczwO sc-ciCoXh bUKqJd cIOueB yle__article__paragraph\">Elli Salo: <a class=\"sc-jDJeIs gotUgl yle__article__link\" href=\"https:\/\/www.kansallisteatteri.fi\/esitys\/muistopaiva\" role=\"link\" rel=\"nofollow noopener\" target=\"_blank\">Muistop\u00e4iv\u00e4 <\/a>kantaesitys 19.11. Suomen kansallisteatterissa Helsingiss\u00e4.<\/p>\n<p>Rajaseutujen survivalisteista tragikoomisesti<img decoding=\"async\" alt=\"Mies seisoo lumisessa mets\u00e4ss\u00e4.\" src=\"https:\/\/www.europesays.com\/fi\/wp-content\/uploads\/2025\/08\/39-15046016895e2f87193e.jpeg\" loading=\"lazy\" class=\"sc-dntSTA iywpZY\"\/><\/p>\n<p>Avaa kuvien katselu<\/p>\n<p>Ahma on tragikoominen selviytymistarina, joka kertoo menetetyst\u00e4 kosketuksesta maahan ja halusta tulla rakastetuksi.  Kuva: Minna Hyv\u00f6nen<\/p>\n<p class=\"sc-jYczwO sc-ciCoXh bUKqJd cIOueB yle__article__paragraph\">Kajaanin kaupunginteatteri jatkaa rajaseudun tarinoiden kertomista. Nyt vuorossa on <strong class=\"sc-eEHciv gtNhAX yle__article__strong\">Laura Gustafssonin<\/strong> Korpisoturi-romaanista (2016) sovitettu n\u00e4ytelm\u00e4.<\/p>\n<p class=\"sc-jYczwO sc-ciCoXh bUKqJd cIOueB yle__article__paragraph\">Ahma \u2013 korpisoturi kertoo miehest\u00e4, joka maailmanlopun l\u00e4hetess\u00e4 pakenee pieneen m\u00f6kkiin rajaseudulle. Tavoitteena on omavaraistalous. Kun yhteiskunta romahtaa, Ahman erakon el\u00e4m\u00e4 h\u00e4iriintyy: reviirille alkaa lapata v\u00e4ke\u00e4.<\/p>\n<p class=\"sc-jYczwO sc-ciCoXh bUKqJd cIOueB yle__article__paragraph\">Romaanin on sovittanut ja esityksen ohjaa juuri Teatterikorkeakoulusta valmistunut <strong class=\"sc-eEHciv gtNhAX yle__article__strong\">Emma Mattila<\/strong>.<\/p>\n<p class=\"sc-jYczwO sc-ciCoXh bUKqJd cIOueB yle__article__paragraph\">Laura Gustafsson: <a class=\"sc-jDJeIs gotUgl yle__article__link\" href=\"https:\/\/kajaaninteatteri.fi\/ohjelmisto\/ahma-korpisoturi\/\" role=\"link\" rel=\"nofollow noopener\" target=\"_blank\">Ahma \u2013 korpisoturi <\/a>kantaesitys 22.11. Kajaanin kaupunginteatterissa.<\/p>\n","protected":false},"excerpt":{"rendered":"T\u00e4n\u00e4 syksyn\u00e4 teattereissa n\u00e4hd\u00e4\u00e4n runsaasti kotimaisia kantaesityksi\u00e4 ja klassikoiden uudelleentulkintoja. Monissa esityksiss\u00e4 aiheita l\u00e4hestyt\u00e4\u00e4n naisten tai sukupuoli- ja&hellip;\n","protected":false},"author":2,"featured_media":15650,"comment_status":"","ping_status":"","sticky":false,"template":"","format":"standard","meta":{"footnotes":""},"categories":[130],"tags":[6089,6083,6078,6080,6084,6071,137,6087,33,31,30,6086,6075,6074,6094,108,6093,6085,6072,6077,6088,6081,6079,6082,5077,6073,6076,4136,32,5388,6090,6092,3336,6091,5384,109],"class_list":{"0":"post-15649","1":"post","2":"type-post","3":"status-publish","4":"format-standard","5":"has-post-thumbnail","7":"category-viihde","8":"tag-abo-svenska-teater","9":"tag-edouard-louis","10":"tag-elina-knihtila","11":"tag-ella-mettanen","12":"tag-elli-salo","13":"tag-ensi-illat","14":"tag-entertainment","15":"tag-espoon-teatteri","16":"tag-fi","17":"tag-finland","18":"tag-finnish","19":"tag-helsingin-kaupunginteatteri","20":"tag-juha-jokela","21":"tag-jussi-moila","22":"tag-kajaanin-kaupunginteatteri","23":"tag-kulttuuri","24":"tag-lahden-kaupunginteatteri","25":"tag-laura-gustafsson","26":"tag-lauri-maijala","27":"tag-leena-uotila","28":"tag-lilla-teatern","29":"tag-mikko-roiha","30":"tag-milja-sarkola","31":"tag-rosa-liksom","32":"tag-rovaniemen-teatteri","33":"tag-sini-pesonen","34":"tag-sinna-virtanen","35":"tag-suomen-kansallisteatteri","36":"tag-suomi","37":"tag-taalla-pohjantahden-alla","38":"tag-tampereen-teatteri","39":"tag-tampereen-tyovaen-teatteri","40":"tag-teatteri","41":"tag-teatteri-jurkka","42":"tag-vaino-linna","43":"tag-viihde"},"share_on_mastodon":{"url":"","error":""},"_links":{"self":[{"href":"https:\/\/www.europesays.com\/fi\/wp-json\/wp\/v2\/posts\/15649","targetHints":{"allow":["GET"]}}],"collection":[{"href":"https:\/\/www.europesays.com\/fi\/wp-json\/wp\/v2\/posts"}],"about":[{"href":"https:\/\/www.europesays.com\/fi\/wp-json\/wp\/v2\/types\/post"}],"author":[{"embeddable":true,"href":"https:\/\/www.europesays.com\/fi\/wp-json\/wp\/v2\/users\/2"}],"replies":[{"embeddable":true,"href":"https:\/\/www.europesays.com\/fi\/wp-json\/wp\/v2\/comments?post=15649"}],"version-history":[{"count":0,"href":"https:\/\/www.europesays.com\/fi\/wp-json\/wp\/v2\/posts\/15649\/revisions"}],"wp:featuredmedia":[{"embeddable":true,"href":"https:\/\/www.europesays.com\/fi\/wp-json\/wp\/v2\/media\/15650"}],"wp:attachment":[{"href":"https:\/\/www.europesays.com\/fi\/wp-json\/wp\/v2\/media?parent=15649"}],"wp:term":[{"taxonomy":"category","embeddable":true,"href":"https:\/\/www.europesays.com\/fi\/wp-json\/wp\/v2\/categories?post=15649"},{"taxonomy":"post_tag","embeddable":true,"href":"https:\/\/www.europesays.com\/fi\/wp-json\/wp\/v2\/tags?post=15649"}],"curies":[{"name":"wp","href":"https:\/\/api.w.org\/{rel}","templated":true}]}}