{"id":15659,"date":"2025-08-25T09:08:08","date_gmt":"2025-08-25T09:08:08","guid":{"rendered":"https:\/\/www.europesays.com\/fi\/15659\/"},"modified":"2025-08-25T09:08:08","modified_gmt":"2025-08-25T09:08:08","slug":"tallaista-tuomiota-syyttaja-vaatii-eagle-sn-kapteenille-kovia-vaitteita-oikeudessa","status":"publish","type":"post","link":"https:\/\/www.europesays.com\/fi\/15659\/","title":{"rendered":"T\u00e4llaista tuomiota syytt\u00e4j\u00e4 vaatii Eagle S:n kapteenille \u2013 Kovia v\u00e4itteit\u00e4 oikeudessa"},"content":{"rendered":"<p>Iltalehti seuraa oikeudenk\u00e4ynnin ensimm\u00e4ist\u00e4 istuntop\u00e4iv\u00e4\u00e4.<\/p>\n<p class=\"paragraph\">Eagle S -aluksen p\u00e4\u00e4llyst\u00f6\u00e4 syytet\u00e4\u00e4n rikoksista Helsingin k\u00e4r\u00e4j\u00e4oikeudessa.<\/p>\n<p class=\"paragraph\">Eagle S -aluksen ankkuri vaurioitti merikaapeleita Suomenlahdella joulup\u00e4iv\u00e4n\u00e4 2024. Syytt\u00e4j\u00e4t vaativat aluksen kapteenille <strong>Davit Vadatchkorialle<\/strong> ja kahdelle per\u00e4miehelle rangaistusta t\u00f6rke\u00e4st\u00e4 tuhoty\u00f6st\u00e4 ja t\u00f6rke\u00e4st\u00e4 tietoliikenteen h\u00e4irinn\u00e4st\u00e4.<\/p>\n<p><img decoding=\"async\" class=\"image image-show image-preview\" src=\"https:\/\/www.europesays.com\/fi\/wp-content\/uploads\/2025\/08\/7cf6b32cc1b250fefb8cdaaff65a59fb89b4395c1832b99a6cf075c6b8b91939.jpg\" alt=\"\"\/><img decoding=\"async\" class=\"image image-show\" src=\"https:\/\/www.europesays.com\/fi\/wp-content\/uploads\/2025\/08\/1756112888_596_7cf6b32cc1b250fefb8cdaaff65a59fb89b4395c1832b99a6cf075c6b8b91939.jpg\" alt=\"\"\/><\/p>\n<p>Suomen viranomaiset ottivat aluksen n\u00e4ytt\u00e4v\u00e4ll\u00e4 tavalla haltuunsa. poliisi<\/p>\n<p class=\"paragraph\">Miehet ovat kiist\u00e4neet syytteet. Kapteeni Vadatchkoria kertoi viime viikolla <a href=\"https:\/\/www.iltalehti.fi\/kotimaa\/b8051a57-7331-4462-a796-1fbeeafe3de8\" rel=\"nofollow noopener\" target=\"_blank\">Ylelle<\/a> saaneensa tiedon kaapelirikoista vasta, kun Suomen viranomaiset ottivat aluksen haltuunsa.<\/p>\n<p class=\"paragraph\">Syyllisyyskysymyksen lis\u00e4ksi Helsingin k\u00e4r\u00e4j\u00e4oikeus joutuu my\u00f6s arvioimaan omaa toimivaltaansa, koska v\u00e4itetyt rikokset ovat tapahtuneet Suomen aluevesien ulkopuolella.<\/p>\n<p class=\"paragraph\">Asian k\u00e4sittelyyn on varattu viisi istuntop\u00e4iv\u00e4\u00e4.<\/p>\n<p class=\"paragraph\">Istunnon on alkoi kello 9.30. Iltalehti seuraa istuntop\u00e4iv\u00e4n kulkua oheisessa tekstiseurannassa.<\/p>\n<p>Ei vanhempia p\u00e4ivityksi\u00e4<\/p>\n<p>Eagle S -s\u00e4ili\u00f6alukseen liittyvien rikosten k\u00e4sittely alkaa. RAJAVARTIOLAITOS<\/p>\n<p class=\"paragraph\">Eagle S -s\u00e4ili\u00f6alus oli matkalla Pietarista Egyptin Port Saidiin 25. joulukuuta, kun sen ankkuri vaurioitti meren pohjassa kulkevaa Estlink 2 -kaapelia It\u00e4merell\u00e4.<\/p>\n<p class=\"paragraph\">Alus ohjattiin tapaninp\u00e4iv\u00e4n\u00e4 Porvooseen, jossa sille tehtiin yksityiskohtainen satamavaltiotarkastus. Keskusrikospoliisi sai kaapelitutkinnan valmiiksi kes\u00e4kuussa. Tutkinnan aikana KRP:lle muodostui selke\u00e4 k\u00e4sitys tapahtumien kulusta.<\/p>\n<p class=\"paragraph\">Eagle S -aluksen ankkuri l\u00f6ydettiin merest\u00e4. Sen laahausj\u00e4lki oli useita kymmeni\u00e4 kilometrej\u00e4 pitk\u00e4.<\/p>\n<p class=\"paragraph\">Ep\u00e4illyt rikokset tapahtuivat Suomen talousvy\u00f6hykkeell\u00e4. Talousvy\u00f6hyke on osa kansainv\u00e4list\u00e4 merialuetta, jossa sovelletaan hyvin rajoitetusti rantavaltion lains\u00e4\u00e4d\u00e4nt\u00f6\u00e4. Siell\u00e4 sijaitsee merkitt\u00e4v\u00e4 m\u00e4\u00e4r\u00e4 niin kotimaista kuin ulkomaistakin infrastruktuuria.<\/p>\n<p class=\"paragraph\">Aluksen on arvioitu kuuluvan Ven\u00e4j\u00e4n niin sanottuun varjolaivastoon. Cookinsaarten lipun alla seilaava s\u00e4ili\u00f6alus p\u00e4\u00e4stettiin l\u00e4htem\u00e4\u00e4n Suomesta 2. maaliskuuta.<\/p>\n<p>S\u00e4ili\u00f6aluksen ankkuri l\u00f6ytyi meren pohjasta. Rajavartiolaitos<\/p>\n<p>Eagle S oli ankkuroituna Porvoon edustalle yli kaksi kuukautta. Mikko Huisko<\/p>\n","protected":false},"excerpt":{"rendered":"Iltalehti seuraa oikeudenk\u00e4ynnin ensimm\u00e4ist\u00e4 istuntop\u00e4iv\u00e4\u00e4. Eagle S -aluksen p\u00e4\u00e4llyst\u00f6\u00e4 syytet\u00e4\u00e4n rikoksista Helsingin k\u00e4r\u00e4j\u00e4oikeudessa. Eagle S -aluksen ankkuri vaurioitti&hellip;\n","protected":false},"author":2,"featured_media":15660,"comment_status":"","ping_status":"","sticky":false,"template":"","format":"standard","meta":{"footnotes":""},"categories":[117],"tags":[35,33,31,30,53,121,72,476,38,118,32,119,2569,2568,477],"class_list":{"0":"post-15659","1":"post","2":"type-post","3":"status-publish","4":"format-standard","5":"has-post-thumbnail","7":"category-luonto","8":"tag-24h","9":"tag-fi","10":"tag-finland","11":"tag-finnish","12":"tag-laki-oikeus-ja-rikos","13":"tag-liikenne-ja-kuljetus","14":"tag-luonto","15":"tag-nature","16":"tag-rikos","17":"tag-science","18":"tag-suomi","19":"tag-tiede","20":"tag-vesikulkuneuvot","21":"tag-vesiliikenne","22":"tag-wildlife"},"share_on_mastodon":{"url":"","error":""},"_links":{"self":[{"href":"https:\/\/www.europesays.com\/fi\/wp-json\/wp\/v2\/posts\/15659","targetHints":{"allow":["GET"]}}],"collection":[{"href":"https:\/\/www.europesays.com\/fi\/wp-json\/wp\/v2\/posts"}],"about":[{"href":"https:\/\/www.europesays.com\/fi\/wp-json\/wp\/v2\/types\/post"}],"author":[{"embeddable":true,"href":"https:\/\/www.europesays.com\/fi\/wp-json\/wp\/v2\/users\/2"}],"replies":[{"embeddable":true,"href":"https:\/\/www.europesays.com\/fi\/wp-json\/wp\/v2\/comments?post=15659"}],"version-history":[{"count":0,"href":"https:\/\/www.europesays.com\/fi\/wp-json\/wp\/v2\/posts\/15659\/revisions"}],"wp:featuredmedia":[{"embeddable":true,"href":"https:\/\/www.europesays.com\/fi\/wp-json\/wp\/v2\/media\/15660"}],"wp:attachment":[{"href":"https:\/\/www.europesays.com\/fi\/wp-json\/wp\/v2\/media?parent=15659"}],"wp:term":[{"taxonomy":"category","embeddable":true,"href":"https:\/\/www.europesays.com\/fi\/wp-json\/wp\/v2\/categories?post=15659"},{"taxonomy":"post_tag","embeddable":true,"href":"https:\/\/www.europesays.com\/fi\/wp-json\/wp\/v2\/tags?post=15659"}],"curies":[{"name":"wp","href":"https:\/\/api.w.org\/{rel}","templated":true}]}}