{"id":15663,"date":"2025-08-25T09:21:17","date_gmt":"2025-08-25T09:21:17","guid":{"rendered":"https:\/\/www.europesays.com\/fi\/15663\/"},"modified":"2025-08-25T09:21:17","modified_gmt":"2025-08-25T09:21:17","slug":"analyysi-silla-on-valia-syovatko-tatu-ja-patu-lihaa-vai-papuja-kulttuuri","status":"publish","type":"post","link":"https:\/\/www.europesays.com\/fi\/15663\/","title":{"rendered":"Analyysi: Sill\u00e4 on v\u00e4li\u00e4, sy\u00f6v\u00e4tk\u00f6 Tatu ja Patu lihaa vai papuja | Kulttuuri"},"content":{"rendered":"<p class=\"sc-jYczwO sc-dNFkOE bUKqJd eiHPxO yle__article__paragraph\">Fiktiivisten hahmojen irtisanoutuminen ruoan tehotuotannosta on her\u00e4tt\u00e4nyt kiivaan keskustelun. Kuvitusten muuttaminen on poikkeuksellista, ja se kertoo Tatun ja Patun merkityksest\u00e4 lastenkirjallisuudessa, kirjoittaa kirjallisuustoimittaja Miia Gustafsson.<\/p>\n<p><img decoding=\"async\" alt=\"Yleiskuva\" src=\"https:\/\/www.europesays.com\/fi\/wp-content\/uploads\/2025\/08\/39-4950905b3276868efd1.jpeg\" class=\"sc-dntSTA iywpZY\"\/><\/p>\n<p>Avaa kuvien katselu<\/p>\n<p>Tatu ja Patu -kirjat ovat kuuluneet lasten suosikkeihin jo parikymment\u00e4 vuotta. Kuva: Mikko Koski \/ Yle<img decoding=\"async\" alt=\"Puolikuvassa nainen katsoo kameraan p\u00e4\u00e4ll\u00e4\u00e4n musta paita jossa on punaisia kukkakuvioita. \" src=\"https:\/\/www.europesays.com\/fi\/wp-content\/uploads\/2025\/08\/39-879094618e54539de74.jpeg\" class=\"sc-dntSTA iywpZY\"\/><\/p>\n<p>Miia Gustafssonkirjallisuustoimittaja<\/p>\n<p>4.12.2024 15:38\u2022P\u00e4ivitetty 4.12.2024 15:59<\/p>\n<p class=\"sc-jYczwO sc-ciCoXh bUKqJd cIOueB yle__article__paragraph\">Tatu ja Patu -kirjailijoiden ilmoitus poistaa vanhoista kirjoistaan viittaukset lihaan ja maitotuotantoon osui sopivasti yhteen viime viikkoina velloneen <a class=\"sc-jDJeIs gotUgl yle__article__link\" href=\"https:\/\/yle.fi\/a\/74-20127445\" role=\"link\" rel=\"nofollow noopener\" target=\"_blank\">leikkeleraivon<\/a> kanssa. Ruoka her\u00e4tt\u00e4\u00e4 tunteita \u2013 lastenkirjoissakin.<\/p>\n<p class=\"sc-jYczwO sc-ciCoXh bUKqJd cIOueB yle__article__paragraph\"><strong class=\"sc-eEHciv gtNhAX yle__article__strong\">Aino Havukaisen<\/strong> ja <strong class=\"sc-eEHciv gtNhAX yle__article__strong\">Sami Toivosen<\/strong> Facebook-ilmoitus asiasta on ker\u00e4nnyt enimm\u00e4kseen tykk\u00e4yksi\u00e4, mutta uutisoinnin yhteydess\u00e4 mielipiteet ovat jakautuneet. Eilen tiistaina julkaistu Yle Uutisten<a class=\"sc-jDJeIs gotUgl yle__article__link\" href=\"https:\/\/yle.fi\/a\/74-20128902\" role=\"link\" rel=\"nofollow noopener\" target=\"_blank\"> juttu<\/a> her\u00e4tti vilkasta keskustelua, kommentteja kertyi 250 puolesta ja vastaan.<\/p>\n<p class=\"sc-jYczwO sc-ciCoXh bUKqJd cIOueB yle__article__paragraph\">Hienoa, ett\u00e4 lastenkirjailijoiden eettiset valinnat kiinnostavat.<\/p>\n<p class=\"sc-jYczwO sc-ciCoXh bUKqJd cIOueB yle__article__paragraph\">Se kertoo my\u00f6s siit\u00e4, ett\u00e4 Tatu ja Patu -kirjoilla on melkoinen asema suomalaisessa lastenkirjallisuudessa.<\/p>\n<p class=\"sc-jYczwO sc-ciCoXh bUKqJd cIOueB yle__article__paragraph\">Tatu ja Patu -kirjoja on julkaistu 21, ja niit\u00e4 on myyty kaikkiaan 2 miljoonaa kappaletta. Vauvamaisen n\u00e4k\u00f6iset veljekset ovat n\u00e4in ollen monelle tuttuja \u2013 jopa ulkomailla, sill\u00e4 k\u00e4\u00e4nn\u00f6soikeuksia on myyty 31.<\/p>\n<p class=\"sc-jYczwO sc-ciCoXh bUKqJd cIOueB yle__article__paragraph\">Lis\u00e4ksi kirjailijapariskunta on voittanut palkintoja, muun muassa Finlandia Junior -palkinnon vuonna 2007.<\/p>\n<p class=\"sc-jYczwO sc-ciCoXh bUKqJd cIOueB yle__article__paragraph\">N\u00e4m\u00e4 luvut selitt\u00e4v\u00e4t, miksi Tatu ja Patu -kirjoja on mahdollista uudistaa. Outolan veljekset ovat seikkailleet jo yli 20 vuoden ajan &#8211; kirjoilla alkaa olla klassikon asema.<\/p>\n<p><img decoding=\"async\" alt=\"Aalto-maljakko piirrettyn\u00e4 saunanlauteille Tatu ja Patu kirjassa.\" src=\"https:\/\/www.europesays.com\/fi\/wp-content\/uploads\/2025\/08\/39-11163586467736cebc5b.jpeg\" loading=\"lazy\" class=\"sc-dntSTA iywpZY\"\/><\/p>\n<p>Avaa kuvien katselu<\/p>\n<p>Tatu ja Patu -kirjat ovat menestyneet my\u00f6s maailmalla. Kuva: Miki Wallenius \/ Yle<\/p>\n<p class=\"sc-jYczwO sc-ciCoXh bUKqJd cIOueB yle__article__paragraph\">Kustantamot eiv\u00e4t varmasti suostu painamaan ihan mit\u00e4 tahansa lastenkirjaa uusiksi. Otavan lastenkirjallisuuden myyntitykeille t\u00e4llainen menettely suodaan. Melkein kaikkia Tatu ja Patu -kirjoja on saatavilla &#8211; se kielii siit\u00e4, ett\u00e4 my\u00f6s vanhempia kirjoja ostetaan yh\u00e4.<\/p>\n<p class=\"sc-jYczwO sc-ciCoXh bUKqJd cIOueB yle__article__paragraph\">Uudistettuja painoksia on viel\u00e4 turha yritt\u00e4\u00e4 etsi\u00e4 pukinkonttiin. Sami Toivonen, joka vastaa enimm\u00e4kseen kuvitusty\u00f6st\u00e4, uudistaa kuvituksia muiden kirjat\u00f6iden ohella. Eli prosessi tulee viem\u00e4\u00e4n vuosia.<\/p>\n<p class=\"sc-jYczwO sc-ciCoXh bUKqJd cIOueB yle__article__paragraph\">Kustantamosta kerrotaan, ettei \u201dvanhentuneita\u201d painoksia heitet\u00e4 menem\u00e4\u00e4n, vaan ne myyd\u00e4\u00e4n normaaliin tapaan, ilman oranssia hintalappua. Vasta sitten otetaan painoksia uusilla kuvituksilla.<\/p>\n<p class=\"sc-jYczwO sc-ciCoXh bUKqJd cIOueB yle__article__paragraph\">Kirjoja kannattaa p\u00e4ivitt\u00e4\u00e4, kun se on kannattavaa.<\/p>\n<p class=\"sc-jYczwO sc-ciCoXh bUKqJd cIOueB yle__article__paragraph\">Aino Havukainen ja Sami Toivonen ovat aina tuoneet kirjoissaan ilmi arvojaan, joten t\u00e4llainen ratkaisu on loogista jatkumoa.<\/p>\n<p>Mik\u00e4 konteksti?<\/p>\n<p class=\"sc-jYczwO sc-ciCoXh bUKqJd cIOueB yle__article__paragraph\">Tatu ja Patu -kirjat on suunnattu hyvin pienille lapsille. He vasta muodostavat k\u00e4sityst\u00e4\u00e4n maailmasta. Ei siis ole ihan sama mutustavatko Outolan veljekset lihaa vai papuja.<\/p>\n<p class=\"sc-jYczwO sc-ciCoXh bUKqJd cIOueB yle__article__paragraph\">Monet ovat kuitenkin sit\u00e4 mielt\u00e4, ettei teoksia saisi muuttaa, koska se koetaan historian v\u00e4\u00e4ristelyksi.<\/p>\n<p class=\"sc-jYczwO sc-ciCoXh bUKqJd cIOueB yle__article__paragraph\">Lastenkirjallisuuden kohdalla p\u00e4ivitt\u00e4minen on kuitenkin paikallaan, sill\u00e4 lapset eiv\u00e4t osaa asettaa kirjaa kontekstiin tai historialliseen perspektiiviin.<\/p>\n<p class=\"sc-jYczwO sc-ciCoXh bUKqJd cIOueB yle__article__paragraph\">Lastenkirjojen kuvituksen muuttaminen on poikkeuksellista. Tekstej\u00e4 ja ennen kaikkea suomennoksia sen sijaan uudistetaan usein. Esimerkiksi l\u00e4hes kaikki <strong class=\"sc-eEHciv gtNhAX yle__article__strong\">Astrid Lindgrenin<\/strong> teokset on suomennettu uudelleen.<\/p>\n<p class=\"sc-jYczwO sc-ciCoXh bUKqJd cIOueB yle__article__paragraph\">Joskus my\u00f6s tuoreiden kirjojen tekstej\u00e4 p\u00e4ivitet\u00e4\u00e4n. Etenkin nuorten kieli muuttuu niin nopeasti, ett\u00e4 jotkut sanonnat ovat hyvin nopeasti \u201dso last season.\u201d Otavalta kerrotaan, ett\u00e4 esimerkiksi kirjailija <strong class=\"sc-eEHciv gtNhAX yle__article__strong\">Aleksi Delikouras<\/strong> halusi p\u00e4ivitt\u00e4\u00e4 N\u00f6rtti-kirjasarjaansa, kun siit\u00e4 tehtiin uusi koottu painos.<\/p>\n<p class=\"sc-jYczwO sc-ciCoXh bUKqJd cIOueB yle__article__paragraph\">Monissa vanhoissa saduissa ja lastenkirjoissa maailmakuva voi vaikuttaa vieraalta nykylapsen silmin. Lastenkirjainstituutin tutkija <strong class=\"sc-eEHciv gtNhAX yle__article__strong\">P\u00e4ivi Heikkil\u00e4-Halttunen<\/strong> neuvoo, ettei vanhempien kannata tuputtaa pelk\u00e4st\u00e4\u00e4n klassikkoja omasta lapsuudestaan, vaikka ne kuinka ihania ovatkin. H\u00e4n kehottaa lukemaan kotimaista uutta lastenkirjallisuutta, joka on laadukasta ja kiinni t\u00e4ss\u00e4 ajassa.<\/p>\n","protected":false},"excerpt":{"rendered":"Fiktiivisten hahmojen irtisanoutuminen ruoan tehotuotannosta on her\u00e4tt\u00e4nyt kiivaan keskustelun. Kuvitusten muuttaminen on poikkeuksellista, ja se kertoo Tatun ja&hellip;\n","protected":false},"author":2,"featured_media":15664,"comment_status":"","ping_status":"","sticky":false,"template":"","format":"standard","meta":{"footnotes":""},"categories":[134],"tags":[6096,377,137,33,31,30,2001,379,378,108,4934,6097,32,6095,109],"class_list":{"0":"post-15663","1":"post","2":"type-post","3":"status-publish","4":"format-standard","5":"has-post-thumbnail","7":"category-kirjat","8":"tag-aino-havukainen","9":"tag-books","10":"tag-entertainment","11":"tag-fi","12":"tag-finland","13":"tag-finnish","14":"tag-kirjailijat","15":"tag-kirjallisuus","16":"tag-kirjat","17":"tag-kulttuuri","18":"tag-lastenkirjallisuus","19":"tag-sami-toivonen","20":"tag-suomi","21":"tag-tatu-ja-patu","22":"tag-viihde"},"share_on_mastodon":{"url":"","error":""},"_links":{"self":[{"href":"https:\/\/www.europesays.com\/fi\/wp-json\/wp\/v2\/posts\/15663","targetHints":{"allow":["GET"]}}],"collection":[{"href":"https:\/\/www.europesays.com\/fi\/wp-json\/wp\/v2\/posts"}],"about":[{"href":"https:\/\/www.europesays.com\/fi\/wp-json\/wp\/v2\/types\/post"}],"author":[{"embeddable":true,"href":"https:\/\/www.europesays.com\/fi\/wp-json\/wp\/v2\/users\/2"}],"replies":[{"embeddable":true,"href":"https:\/\/www.europesays.com\/fi\/wp-json\/wp\/v2\/comments?post=15663"}],"version-history":[{"count":0,"href":"https:\/\/www.europesays.com\/fi\/wp-json\/wp\/v2\/posts\/15663\/revisions"}],"wp:featuredmedia":[{"embeddable":true,"href":"https:\/\/www.europesays.com\/fi\/wp-json\/wp\/v2\/media\/15664"}],"wp:attachment":[{"href":"https:\/\/www.europesays.com\/fi\/wp-json\/wp\/v2\/media?parent=15663"}],"wp:term":[{"taxonomy":"category","embeddable":true,"href":"https:\/\/www.europesays.com\/fi\/wp-json\/wp\/v2\/categories?post=15663"},{"taxonomy":"post_tag","embeddable":true,"href":"https:\/\/www.europesays.com\/fi\/wp-json\/wp\/v2\/tags?post=15663"}],"curies":[{"name":"wp","href":"https:\/\/api.w.org\/{rel}","templated":true}]}}