{"id":1567,"date":"2025-08-11T14:49:07","date_gmt":"2025-08-11T14:49:07","guid":{"rendered":"https:\/\/www.europesays.com\/fi\/1567\/"},"modified":"2025-08-11T14:49:07","modified_gmt":"2025-08-11T14:49:07","slug":"sm-liigahistoriaa-tehnyt-suomalaispelaaja-jattaa-pohjois-amerikan-kaukalot-iltalehti","status":"publish","type":"post","link":"https:\/\/www.europesays.com\/fi\/1567\/","title":{"rendered":"SM-liigahistoriaa tehnyt suomalaispelaaja j\u00e4tt\u00e4\u00e4 Pohjois-Amerikan kaukalot &#8211; Iltalehti"},"content":{"rendered":"<ol>\n<li><a href=\"https:\/\/news.google.com\/rss\/articles\/CBMie0FVX3lxTE9WU3g1N19BVEJ4czdTLU1OMTBUeVhwSVIwMU0zRnRoYVlDVVRRNldhXzdmU284UmpqRkFpTlhhSERlS2dVdFhLVExad3hYbHFLU2NrSW1SMzR3Y3AyRlJCVm1rOVN1T1h5ZFpoUFZrQ2ZlVE1HNDdpT1lONA?oc=5\" target=\"_blank\" rel=\"nofollow noopener\">SM-liigahistoriaa tehnyt suomalaispelaaja j\u00e4tt\u00e4\u00e4 Pohjois-Amerikan kaukalot<\/a>&nbsp;&nbsp;Iltalehti<\/li>\n<li><a href=\"https:\/\/news.google.com\/rss\/articles\/CBMirAFBVV95cUxOZEpUakpLaUZsSnlIcUw2RG1IbjU0SzhBR3kwVGRaVllPcVpvbC0zak1kVkhOeHlvQmlQNUNfMWNvLXc3QjBid2hXOGNjRkJoZUtuWU0tR0VEa0ctcWF1Wi1fSk9MVWdqRlpTdWhGakZDSFBPcl9WTjJHUjQ5SDVuSUtuRTJUbVJ6NGJuUWx4dTZaV0pvaVBhaFVxd2x6Q3Fral8tZm5iaThJTElI?oc=5\" target=\"_blank\" rel=\"nofollow noopener\">NHL-unelmalle stoppi \u2013 suomalaisnimi l\u00e4htee paikkaajaksi toisaalle<\/a>&nbsp;&nbsp;mtvuutiset.fi<\/li>\n<li><a href=\"https:\/\/news.google.com\/rss\/articles\/CBMi7gFBVV95cUxPNVJPcGExVnNJZW5pYmlVOTFrVUdnYmhsRE0wWk5lcjl4T3I4anpqaG1ZcmJWN2o5TVNMbV9rVEtRQktpcEZUZzlPa3V2ZS1mZG5IQ3F1VDBNZUFJTENwSVQ5M3g1SWhkdjBoQkJlMEJEdzlBbHRmckwtTUpFUGZGeDhMS2t3YmhXejBJQUlBUG02RGtrbEN2UFphZUVnTUlXX09zblI1X2tTX0lHc3FuMnNjenBOQWJzSjM1cXNoZ0VaWkNReTF6M3lKZ2JnS1Rsb1VzVW1HYnMtUk56Vklhc0EyQzdpeVhNQk81UHN3?oc=5\" target=\"_blank\" rel=\"nofollow noopener\">Mikko Kokkonen j\u00e4tt\u00e4\u00e4 Pohjois-Amerikan taakseen \u2212 uusi ty\u00f6paikka Link\u00f6pingiss\u00e4<\/a>&nbsp;&nbsp;Jatkoaika.com<\/li>\n<li><a href=\"https:\/\/news.google.com\/rss\/articles\/CBMiwwFBVV95cUxOUlVhWlY2LWdnUFJyUU8tUmczRTFGRVZJM2RTOWVxR2ZLc2V5NExIZk9sS1JvNWtaVzg2LV95MWIya2hCVmRNNEdrS000dko4dXVfVE1RVUZwbF9QS1lLdW8wMEZOVnYtZ2lGRVFCbHBrY0t3WlNZcDhJNEp2S3NoVGJsU1M5SFhIUXFwanlkU2htSmJQZDhUbTk2VmdVTjVsNGxBbjBFUHNma25CSDFuRlFOUktnLVlTTHBIWlVaUG16LTA?oc=5\" target=\"_blank\" rel=\"nofollow noopener\">Sivusto: Yli 200 Liiga-ottelun suomalainen j\u00e4tt\u00e4m\u00e4ss\u00e4 Pohjois-Amerikan &#8211; t\u00e4ss\u00e4 tuleva seura!<\/a>&nbsp;&nbsp;leijonat.com<\/li>\n<li><a href=\"https:\/\/news.google.com\/rss\/articles\/CBMimwFBVV95cUxNOXBDcktveVNZT2dCRFR2ZjBCXzRKcVl6M2N4Rzl0STBfNVpOUjdDY0ptbG9ydUREVUlMMTYxckw0bVNkMG5FN0hVdm5GMk9DWFcyMHBmSWRiRkxEM1hJendfOFUySlo3SGJ2M0N5U2t6WnNLOGw5cjlpWmdBQ2tJMDZDY3lTY2lQbEpkdHBwcnB3ajZkdUl5Z05oaw?oc=5\" target=\"_blank\" rel=\"nofollow noopener\">L\u00e4hde: Mikko Kokkonen l\u00e4htee NHL-seurasta \u2013 t\u00e4ss\u00e4 uusi osoite<\/a>&nbsp;&nbsp;SuomiKiekko<\/li>\n<\/ol>\n","protected":false},"excerpt":{"rendered":"SM-liigahistoriaa tehnyt suomalaispelaaja j\u00e4tt\u00e4\u00e4 Pohjois-Amerikan kaukalot&nbsp;&nbsp;Iltalehti NHL-unelmalle stoppi \u2013 suomalaisnimi l\u00e4htee paikkaajaksi toisaalle&nbsp;&nbsp;mtvuutiset.fi Mikko Kokkonen j\u00e4tt\u00e4\u00e4 Pohjois-Amerikan taakseen&hellip;\n","protected":false},"author":2,"featured_media":1568,"comment_status":"","ping_status":"","sticky":false,"template":"","format":"standard","meta":{"footnotes":""},"categories":[158],"tags":[35,1144,1274,33,31,30,1143,1146,159,32,1145,160],"class_list":{"0":"post-1567","1":"post","2":"type-post","3":"status-publish","4":"format-standard","5":"has-post-thumbnail","7":"category-urheilu","8":"tag-24h","9":"tag-ammattilaisjaakiekko","10":"tag-ammattiurheilu","11":"tag-fi","12":"tag-finland","13":"tag-finnish","14":"tag-jaakiekko","15":"tag-miesten-jaakiekko","16":"tag-sports","17":"tag-suomi","18":"tag-talviurheilu","19":"tag-urheilu"},"share_on_mastodon":{"url":"","error":""},"_links":{"self":[{"href":"https:\/\/www.europesays.com\/fi\/wp-json\/wp\/v2\/posts\/1567","targetHints":{"allow":["GET"]}}],"collection":[{"href":"https:\/\/www.europesays.com\/fi\/wp-json\/wp\/v2\/posts"}],"about":[{"href":"https:\/\/www.europesays.com\/fi\/wp-json\/wp\/v2\/types\/post"}],"author":[{"embeddable":true,"href":"https:\/\/www.europesays.com\/fi\/wp-json\/wp\/v2\/users\/2"}],"replies":[{"embeddable":true,"href":"https:\/\/www.europesays.com\/fi\/wp-json\/wp\/v2\/comments?post=1567"}],"version-history":[{"count":0,"href":"https:\/\/www.europesays.com\/fi\/wp-json\/wp\/v2\/posts\/1567\/revisions"}],"wp:featuredmedia":[{"embeddable":true,"href":"https:\/\/www.europesays.com\/fi\/wp-json\/wp\/v2\/media\/1568"}],"wp:attachment":[{"href":"https:\/\/www.europesays.com\/fi\/wp-json\/wp\/v2\/media?parent=1567"}],"wp:term":[{"taxonomy":"category","embeddable":true,"href":"https:\/\/www.europesays.com\/fi\/wp-json\/wp\/v2\/categories?post=1567"},{"taxonomy":"post_tag","embeddable":true,"href":"https:\/\/www.europesays.com\/fi\/wp-json\/wp\/v2\/tags?post=1567"}],"curies":[{"name":"wp","href":"https:\/\/api.w.org\/{rel}","templated":true}]}}