{"id":15678,"date":"2025-08-25T09:33:08","date_gmt":"2025-08-25T09:33:08","guid":{"rendered":"https:\/\/www.europesays.com\/fi\/15678\/"},"modified":"2025-08-25T09:33:08","modified_gmt":"2025-08-25T09:33:08","slug":"venajan-vakoilualukseksi-epailty-laiva-lahestyy-suomea-hs-lastina-suomalaisyrittajan-tilaamaa-terasta-uutissuomalainen","status":"publish","type":"post","link":"https:\/\/www.europesays.com\/fi\/15678\/","title":{"rendered":"Ven\u00e4j\u00e4n vakoilualukseksi ep\u00e4ilty laiva l\u00e4hestyy Suomea \u2013 HS: Lastina suomalaisyritt\u00e4j\u00e4n tilaamaa ter\u00e4st\u00e4 | Uutissuomalainen"},"content":{"rendered":"<p>Ven\u00e4j\u00e4n vakoiludroonien tukialukseksi ep\u00e4ilty rahtilaiva on saapumassa loppuviikosta Suomeen.<\/p>\n<p><a href=\"https:\/\/www.vesselfinder.com\/?imo=9073854\" rel=\"nofollow noopener\" target=\"_blank\">Vessel Finder -sivuston<\/a> mukaan HAV Dolphin -alus seilasi maanantaiaamuna It\u00e4merell\u00e4 Ruotsin etel\u00e4puolella l\u00e4hell\u00e4 Tanskan Bornholmia. Laiva on ilmoittanut kohteekseen Vaasan sataman, jonne arvioitu saapumisaika on torstaiaamuna kello kuusi.<\/p>\n<p>Alus on her\u00e4tt\u00e4nyt huomiota useiden maiden turvallisuuspalveluissa, sill\u00e4 sen ep\u00e4ill\u00e4\u00e4n olevan ven\u00e4l\u00e4isten vakoiludroonien tukialus. Viranomaisl\u00e4hteiden mukaan alus on liikkunut poikkeuksellisen hitaasti ja ollut ankkuroituna poikkeuksellisen pitk\u00e4\u00e4n ep\u00e4tavallisessa paikassa Kielin luoteispuolella. Asiasta on uutisoinut muun muassa uutissivusto <a href=\"https:\/\/meduza.io\/en\/feature\/2025\/06\/17\/an-invisible-maritime-menace\" rel=\"nofollow noopener\" target=\"_blank\">Meduza<\/a><a href=\"https:\/\/meduza.io\/en\/feature\/2025\/06\/17\/an-invisible-maritime-menace\" rel=\"nofollow noopener\" target=\"_blank\">.<\/a><\/p>\n<p>\u2013\u2009T\u00e4m\u00e4 voi liitty\u00e4 polttoaineen s\u00e4\u00e4st\u00e4miseen tai teknisiin ongelmiin, mutta se voi olla my\u00f6s taktiikkaa, jota monet ven\u00e4l\u00e4isalukset k\u00e4ytt\u00e4v\u00e4t, hollantilaistoimittajien haastattelemat l\u00e4hteet kertovat Meduzan mukaan.<\/p>\n<p>Tarkastuksissa aluksesta ei ole l\u00f6ydetty drooneja, eik\u00e4 ven\u00e4l\u00e4ismiehist\u00f6n kuulemisissa ole selvinnyt mit\u00e4\u00e4n raskauttavaa, joten laiva on saanut jatkaa matkaansa ymp\u00e4ri Eurooppaa.<\/p>\n<p>Ven\u00e4j\u00e4n Kaliningradista huhtikuun lopulla liikkeelle l\u00e4htenyt alus seilaa Antiguan ja Barbudan lipun alla.<\/p>\n<p>\t\t\t\tSupo ja merivartiosto tietoisia<\/p>\n<p>Suojelupoliisi ja Suomenlahden merivartiosto kommentoivat <a href=\"https:\/\/www.uutissuomalainen.fi\/uutissuomalainen\/8792534\" rel=\"nofollow noopener\" target=\"_blank\">maanantaina STT:lle<\/a> olevansa tietoisia It\u00e4merell\u00e4 kohti Vaasaa seilaavasta aluksesta. Merivartioston mukaan alusta tullaan valvomaan, mik\u00e4li se saapuu Suomen vesille. Supo ja merivartiosto eiv\u00e4t kommentoi asiaa tarkemmin.<\/p>\n<p>\t\t\t\t\t<img class=\"diks-card__image\" src=\"https:\/\/www.europesays.com\/fi\/wp-content\/uploads\/2025\/08\/11007724.jpg\" loading=\"lazy\"   decoding=\"sync\" alt=\"\"\/><\/p>\n<p>Vaasan satamayhti\u00f6 Kvarken Portsin toimitusjohtaja <strong>Janne Pylkk\u00f6nen<\/strong> puolestaan sanoo <a href=\"https:\/\/yle.fi\/a\/74-20179114\" rel=\"nofollow noopener\" target=\"_blank\">Ylelle<\/a>, ettei alus ei t\u00e4ss\u00e4 vaiheessa aiheuta sen kummempia toimenpiteit\u00e4 Vaasan satamassa, vaan valvontaa jatketaan normaaliin tapaan.<\/p>\n<p>\t\t\t\tHS: Lastina suomalaisyritt\u00e4j\u00e4n tilaamaa ter\u00e4st\u00e4<\/p>\n<p><a href=\"https:\/\/www.hs.fi\/suomi\/art-2000011448854.html\" rel=\"nofollow noopener\" target=\"_blank\">Helsingin Sanomien<\/a> tietojen mukaan aluksen lastina on ter\u00e4st\u00e4, joka on menossa suomalaiselle asiakkaalle. Tilauksen tehnyt Ter\u00e4stukkukauppa Esko Leppinen Oy:n yritt\u00e4j\u00e4\u00a0<strong>Esko Leppinen <\/strong>kertoo HS:lle, ett\u00e4 lastina on 2 600 tonnia ter\u00e4st\u00e4, jonka h\u00e4n on tilannut puolalaiselta tehtaalta.<\/p>\n<p>Leppinen sanoo, ettei tunne tarkemmin aluksen taustoja, koska puolalaistehdas on h\u00e4nen mukaansa huolehtinut rahtauksesta.<\/p>\n<p>HS:n haastattelema Ulkopoliittisen instituutin tutkija\u00a0<strong>Joel Linnainm\u00e4ki <\/strong>toteaa, ett\u00e4 viranomaisilla on syyns\u00e4 siihen, ett\u00e4 alus on otettu tarkkailuun. H\u00e4n pit\u00e4\u00e4 mahdollisena, ett\u00e4 alus voisi mahdollisesti tehd\u00e4 It\u00e4merell\u00e4 my\u00f6s &#8221;h\u00e4m\u00e4ysk\u00e4yntej\u00e4&#8221; h\u00e4ivytt\u00e4\u00e4kseen tarkoitusperi\u00e4\u00e4n.<\/p>\n<p>\u2013 Koska tapauksesta ei t\u00e4ss\u00e4 vaiheessa tiedet\u00e4 enemp\u00e4\u00e4, on mahdoton kommentoida, onko alueella tai reitin varrella jotain sellaista, mik\u00e4 heit\u00e4 voisi kiinnostaa, Linnainm\u00e4ki sanoo HS:lle.<\/p>\n","protected":false},"excerpt":{"rendered":"Ven\u00e4j\u00e4n vakoiludroonien tukialukseksi ep\u00e4ilty rahtilaiva on saapumassa loppuviikosta Suomeen. Vessel Finder -sivuston mukaan HAV Dolphin -alus seilasi maanantaiaamuna&hellip;\n","protected":false},"author":2,"featured_media":15679,"comment_status":"","ping_status":"","sticky":false,"template":"","format":"standard","meta":{"footnotes":""},"categories":[5],"tags":[22,23,2267,26,27,33,31,30,17,2187,24,25,121,28,29,3036,15,18,21,32,19,20,16,2569,2568,2570],"class_list":{"0":"post-15678","1":"post","2":"type-post","3":"status-publish","4":"format-standard","5":"has-post-thumbnail","7":"category-otsikot","8":"tag-breaking-news","9":"tag-breakingnews","10":"tag-eurooppa","11":"tag-featured-news","12":"tag-featurednews","13":"tag-fi","14":"tag-finland","15":"tag-finnish","16":"tag-headlines","17":"tag-kulkuneuvot","18":"tag-latest-news","19":"tag-latestnews","20":"tag-liikenne-ja-kuljetus","21":"tag-main-news","22":"tag-mainnews","23":"tag-meri-ja-rannikkoliikenne","24":"tag-news","25":"tag-otsikot","26":"tag-paauutiset","27":"tag-suomi","28":"tag-top-stories","29":"tag-topstories","30":"tag-uutiset","31":"tag-vesikulkuneuvot","32":"tag-vesiliikenne","33":"tag-vesiliikennneonnettomuus"},"share_on_mastodon":{"url":"","error":""},"_links":{"self":[{"href":"https:\/\/www.europesays.com\/fi\/wp-json\/wp\/v2\/posts\/15678","targetHints":{"allow":["GET"]}}],"collection":[{"href":"https:\/\/www.europesays.com\/fi\/wp-json\/wp\/v2\/posts"}],"about":[{"href":"https:\/\/www.europesays.com\/fi\/wp-json\/wp\/v2\/types\/post"}],"author":[{"embeddable":true,"href":"https:\/\/www.europesays.com\/fi\/wp-json\/wp\/v2\/users\/2"}],"replies":[{"embeddable":true,"href":"https:\/\/www.europesays.com\/fi\/wp-json\/wp\/v2\/comments?post=15678"}],"version-history":[{"count":0,"href":"https:\/\/www.europesays.com\/fi\/wp-json\/wp\/v2\/posts\/15678\/revisions"}],"wp:featuredmedia":[{"embeddable":true,"href":"https:\/\/www.europesays.com\/fi\/wp-json\/wp\/v2\/media\/15679"}],"wp:attachment":[{"href":"https:\/\/www.europesays.com\/fi\/wp-json\/wp\/v2\/media?parent=15678"}],"wp:term":[{"taxonomy":"category","embeddable":true,"href":"https:\/\/www.europesays.com\/fi\/wp-json\/wp\/v2\/categories?post=15678"},{"taxonomy":"post_tag","embeddable":true,"href":"https:\/\/www.europesays.com\/fi\/wp-json\/wp\/v2\/tags?post=15678"}],"curies":[{"name":"wp","href":"https:\/\/api.w.org\/{rel}","templated":true}]}}