{"id":15698,"date":"2025-08-25T09:59:08","date_gmt":"2025-08-25T09:59:08","guid":{"rendered":"https:\/\/www.europesays.com\/fi\/15698\/"},"modified":"2025-08-25T09:59:08","modified_gmt":"2025-08-25T09:59:08","slug":"tampereen-keskustorilla-taas-vakivallanteko-miesta-epaillaan-tapon-yrityksesta-pirkanmaa","status":"publish","type":"post","link":"https:\/\/www.europesays.com\/fi\/15698\/","title":{"rendered":"Tampereen Keskustorilla taas v\u00e4kivallanteko \u2013 miest\u00e4 ep\u00e4ill\u00e4\u00e4n tapon yrityksest\u00e4 | Pirkanmaa"},"content":{"rendered":"<p class=\"sc-jYczwO sc-dNFkOE bUKqJd eiHPxO yle__article__paragraph\">Miehen ep\u00e4ill\u00e4\u00e4n ly\u00f6neen toista miest\u00e4 astalolla lauantain ja sunnuntain v\u00e4lisen\u00e4 y\u00f6n\u00e4 Tampereen keskustorilla.<\/p>\n<p><img decoding=\"async\" alt=\"Karttakuva, jossa Tampereen Keskustori on merkitty sijaintipisteell\u00e4.\" src=\"https:\/\/www.europesays.com\/fi\/wp-content\/uploads\/2025\/08\/39-1504968689756e5824dc.jpeg\" class=\"sc-dntSTA iywpZY\"\/><\/p>\n<p>Avaa kuvien katselu<\/p>\n<p>Ep\u00e4ilty teko sattui Tampereen Keskustorilla. Kuva: Risto Laine \/ Yle, MapCreator, OpenStreetMap<\/p>\n<p class=\"sc-jYczwO sc-ciCoXh bUKqJd cIOueB yle__article__paragraph\">Tampereen Keskustorilla tapahtui sunnuntaiy\u00f6n\u00e4 v\u00e4kivallanteko. Poliisi tutkii asiaa tapon yrityksen\u00e4.<\/p>\n<p class=\"sc-jYczwO sc-ciCoXh bUKqJd cIOueB yle__article__paragraph\">Sis\u00e4-Suomen poliisin rikoskomisario ja tapauksen tutkinnanjohtaja <strong class=\"sc-eEHciv gtNhAX yle__article__strong\">Jari Luoto<\/strong> kertoo, ett\u00e4 mies l\u00f6i toista miest\u00e4 astalolla. H\u00e4n ei t\u00e4ss\u00e4 kohtaa tutkintaa avaa tekov\u00e4linett\u00e4 tarkemmin.<\/p>\n<p class=\"sc-jYczwO sc-ciCoXh bUKqJd cIOueB yle__article__paragraph\">\u2013 T\u00e4m\u00e4n hetken tietojen mukaan miehet eiv\u00e4t tunteneet entuudestaan. Vaikuttaa silt\u00e4, ett\u00e4 heid\u00e4n v\u00e4lilleen oli tullut sanallinen riita, Luoto kertoo.<\/p>\n<p class=\"sc-jYczwO sc-ciCoXh bUKqJd cIOueB yle__article__paragraph\">Toinen miehist\u00e4 vietiin sairaalaan, mutta h\u00e4nell\u00e4 ei ole hengen vaaraa.<\/p>\n<p class=\"sc-jYczwO sc-ciCoXh bUKqJd cIOueB yle__article__paragraph\">Ep\u00e4ilty\u00e4 miest\u00e4 ei ole viel\u00e4 p\u00e4\u00e4sty kuulemaan.<\/p>\n<p class=\"sc-jYczwO sc-ciCoXh bUKqJd cIOueB yle__article__paragraph\">Luoto ei ota kantaa siihen, liittyyk\u00f6 tapahtuneeseen p\u00e4ihteit\u00e4.<\/p>\n<p class=\"sc-jYczwO sc-ciCoXh bUKqJd cIOueB yle__article__paragraph\">Poliisi kirjasi tapahtuneesta ilmoituksen kello 01.25 lauantain ja sunnuntain v\u00e4lisen\u00e4 y\u00f6n\u00e4.<\/p>\n<p class=\"sc-jYczwO sc-ciCoXh bUKqJd cIOueB yle__article__paragraph\">Asiasta kertoi ensin <a class=\"sc-jDJeIs gotUgl yle__article__link\" href=\"https:\/\/www.aamulehti.fi\/rikos\/art-2000011448861.html\" role=\"link\" rel=\"nofollow noopener\" target=\"_blank\">Aamulehti<\/a>.<\/p>\n<p class=\"sc-jYczwO sc-ciCoXh bUKqJd cIOueB yle__article__paragraph\">Tampereen Keskustorilla tapahtui v\u00e4kivallanteko viimeksi elokuun alkupuolella. <a class=\"sc-jDJeIs gotUgl yle__article__link\" href=\"https:\/\/yle.fi\/a\/74-20177021\" role=\"link\" rel=\"nofollow noopener\" target=\"_blank\">Ukrainalaismiest\u00e4 ep\u00e4ill\u00e4\u00e4n<\/a> kahdesta tapon yrityksest\u00e4.<\/p>\n","protected":false},"excerpt":{"rendered":"Miehen ep\u00e4ill\u00e4\u00e4n ly\u00f6neen toista miest\u00e4 astalolla lauantain ja sunnuntain v\u00e4lisen\u00e4 y\u00f6n\u00e4 Tampereen keskustorilla. Avaa kuvien katselu Ep\u00e4ilty teko&hellip;\n","protected":false},"author":2,"featured_media":15699,"comment_status":"","ping_status":"","sticky":false,"template":"","format":"standard","meta":{"footnotes":""},"categories":[5],"tags":[22,23,26,27,33,31,30,17,71,24,25,28,29,15,18,21,553,52,1263,5029,32,551,19,20,16,40],"class_list":{"0":"post-15698","1":"post","2":"type-post","3":"status-publish","4":"format-standard","5":"has-post-thumbnail","7":"category-otsikot","8":"tag-breaking-news","9":"tag-breakingnews","10":"tag-featured-news","11":"tag-featurednews","12":"tag-fi","13":"tag-finland","14":"tag-finnish","15":"tag-headlines","16":"tag-kotimaa","17":"tag-latest-news","18":"tag-latestnews","19":"tag-main-news","20":"tag-mainnews","21":"tag-news","22":"tag-otsikot","23":"tag-paauutiset","24":"tag-pirkanmaa","25":"tag-poliisi","26":"tag-rikosepailyt","27":"tag-sisa-suomen-poliisilaitos","28":"tag-suomi","29":"tag-tampere","30":"tag-top-stories","31":"tag-topstories","32":"tag-uutiset","33":"tag-vakivalta"},"share_on_mastodon":{"url":"","error":""},"_links":{"self":[{"href":"https:\/\/www.europesays.com\/fi\/wp-json\/wp\/v2\/posts\/15698","targetHints":{"allow":["GET"]}}],"collection":[{"href":"https:\/\/www.europesays.com\/fi\/wp-json\/wp\/v2\/posts"}],"about":[{"href":"https:\/\/www.europesays.com\/fi\/wp-json\/wp\/v2\/types\/post"}],"author":[{"embeddable":true,"href":"https:\/\/www.europesays.com\/fi\/wp-json\/wp\/v2\/users\/2"}],"replies":[{"embeddable":true,"href":"https:\/\/www.europesays.com\/fi\/wp-json\/wp\/v2\/comments?post=15698"}],"version-history":[{"count":0,"href":"https:\/\/www.europesays.com\/fi\/wp-json\/wp\/v2\/posts\/15698\/revisions"}],"wp:featuredmedia":[{"embeddable":true,"href":"https:\/\/www.europesays.com\/fi\/wp-json\/wp\/v2\/media\/15699"}],"wp:attachment":[{"href":"https:\/\/www.europesays.com\/fi\/wp-json\/wp\/v2\/media?parent=15698"}],"wp:term":[{"taxonomy":"category","embeddable":true,"href":"https:\/\/www.europesays.com\/fi\/wp-json\/wp\/v2\/categories?post=15698"},{"taxonomy":"post_tag","embeddable":true,"href":"https:\/\/www.europesays.com\/fi\/wp-json\/wp\/v2\/tags?post=15698"}],"curies":[{"name":"wp","href":"https:\/\/api.w.org\/{rel}","templated":true}]}}