{"id":15700,"date":"2025-08-25T10:11:11","date_gmt":"2025-08-25T10:11:11","guid":{"rendered":"https:\/\/www.europesays.com\/fi\/15700\/"},"modified":"2025-08-25T10:11:11","modified_gmt":"2025-08-25T10:11:11","slug":"jasmi-joensuu-ja-markus-granlund-julkaisivat-lomakuvia","status":"publish","type":"post","link":"https:\/\/www.europesays.com\/fi\/15700\/","title":{"rendered":"Jasmi Joensuu ja Markus Granlund julkaisivat lomakuvia"},"content":{"rendered":"<p>Urheilijapariskunta nautiskeli Alpeilla. <\/p>\n<p><img decoding=\"async\" class=\"image image-show image-preview\" src=\"https:\/\/www.europesays.com\/fi\/wp-content\/uploads\/2025\/08\/6eff07a4e4c1dba0809d5b7a0ac3934400b5d8820e6f3e5d2b6cbab83423695e.jpg\" alt=\"\"\/><img decoding=\"async\" class=\"image image-show\" src=\"https:\/\/www.europesays.com\/fi\/wp-content\/uploads\/2025\/08\/1756116670_340_6eff07a4e4c1dba0809d5b7a0ac3934400b5d8820e6f3e5d2b6cbab83423695e.jpg\" alt=\"\"\/><\/p>\n<p>Jasmi Joensuu latasi akkuja Sveitsiss\u00e4.  PASI LIESIMAA<\/p>\n<p class=\"paragraph\">Maastohiiht\u00e4j\u00e4 <strong>Jasmi Joensuu<\/strong>, 29, on julkaissut kuvia lomamatkastaan j\u00e4\u00e4kiekkoilija <strong>Markus Granlundin<\/strong>, 32, kanssa.<\/p>\n<p class=\"paragraph\">Urheilijapariskunnan matkakohteeksi valikoi Crans Montana Sveitsin Alpeilla.<\/p>\n<p class=\"paragraph\">Instagram-julkaisun kuvakoosteessa on maisema- ja hotelliotoksia. Niist\u00e4 selvi\u00e4\u00e4, ett\u00e4 mukana seurana on ollut my\u00f6s Joensuun Keijo-koira.<\/p>\n<p class=\"paragraph\">\u2013 Kes\u00e4n ainut vapaa viikonloppu. T\u00e4ydellinen miniloma takana parhaassa seurassa. Jaksaa taas seuraavina viikkoina laittaa lenkkarin remmej\u00e4 entist\u00e4 kire\u00e4mm\u00e4lle, Joensuu kirjoittaa.<\/p>\n<p class=\"paragraph\">Joensuun ja Granlundin suhde tuli julkisuuteen huhtikuun alussa Taivalkosken SM-hiihtojen yhteydess\u00e4.<\/p>\n<p class=\"paragraph\">Ensimm\u00e4inen <a href=\"https:\/\/www.iltalehti.fi\/talviurheilu\/f074e91d-527b-4f54-a0a4-e3e67f3da212\" rel=\"nofollow noopener\" target=\"_blank\">yhteiskuva<\/a> kyyhkyl\u00e4isist\u00e4 on per\u00e4isin yhteiselt\u00e4 lomareissulta samalta kuulta.<\/p>\n<p class=\"paragraph\">Vantaan Hiihtoseuran urheilija saavutti viime kaudella sprintticupin voiton.<\/p>\n<p class=\"paragraph\">Granlund kiekkoilee nyky\u00e4\u00e4n Sveitsin liigan Gen\u00e8ve-Servettess\u00e4. H\u00e4n voitti Leijonissa olympiakultaa 2022.<\/p>\n<p><a href=\"https:\/\/www.iltalehti.fi\/telkku\/?utm_source=iltalehti.fi&amp;utm_medium=almainternal&amp;utm_campaign=urheilu_artikkelibanneri&amp;utm_content=banner_612_a\" rel=\"nofollow noopener\" target=\"_blank\"><img decoding=\"async\" src=\"https:\/\/www.europesays.com\/fi\/wp-content\/uploads\/2025\/08\/7ef604e47d46ca174b7df4149bd3557dbde56a86d520f8e1b2125548b0a2e03a.png\" alt=\"TV-ohjelmat t\u00e4n\u00e4\u00e4n, TV-opas\"\/><\/a><\/p>\n","protected":false},"excerpt":{"rendered":"Urheilijapariskunta nautiskeli Alpeilla. Jasmi Joensuu latasi akkuja Sveitsiss\u00e4. PASI LIESIMAA Maastohiiht\u00e4j\u00e4 Jasmi Joensuu, 29, on julkaissut kuvia lomamatkastaan&hellip;\n","protected":false},"author":2,"featured_media":15701,"comment_status":"","ping_status":"","sticky":false,"template":"","format":"standard","meta":{"footnotes":""},"categories":[136],"tags":[35,407,137,33,31,30,2096,408,41,2668,32,1145,161,109],"class_list":{"0":"post-15700","1":"post","2":"type-post","3":"status-publish","4":"format-standard","5":"has-post-thumbnail","7":"category-julkkikset","8":"tag-24h","9":"tag-celebrities","10":"tag-entertainment","11":"tag-fi","12":"tag-finland","13":"tag-finnish","14":"tag-hiihtolajit","15":"tag-julkkikset","16":"tag-liikunta-ja-urheilu","17":"tag-pohjoismaiset-hiihtolajit","18":"tag-suomi","19":"tag-talviurheilu","20":"tag-urheilutapahtumat","21":"tag-viihde"},"share_on_mastodon":{"url":"","error":""},"_links":{"self":[{"href":"https:\/\/www.europesays.com\/fi\/wp-json\/wp\/v2\/posts\/15700","targetHints":{"allow":["GET"]}}],"collection":[{"href":"https:\/\/www.europesays.com\/fi\/wp-json\/wp\/v2\/posts"}],"about":[{"href":"https:\/\/www.europesays.com\/fi\/wp-json\/wp\/v2\/types\/post"}],"author":[{"embeddable":true,"href":"https:\/\/www.europesays.com\/fi\/wp-json\/wp\/v2\/users\/2"}],"replies":[{"embeddable":true,"href":"https:\/\/www.europesays.com\/fi\/wp-json\/wp\/v2\/comments?post=15700"}],"version-history":[{"count":0,"href":"https:\/\/www.europesays.com\/fi\/wp-json\/wp\/v2\/posts\/15700\/revisions"}],"wp:featuredmedia":[{"embeddable":true,"href":"https:\/\/www.europesays.com\/fi\/wp-json\/wp\/v2\/media\/15701"}],"wp:attachment":[{"href":"https:\/\/www.europesays.com\/fi\/wp-json\/wp\/v2\/media?parent=15700"}],"wp:term":[{"taxonomy":"category","embeddable":true,"href":"https:\/\/www.europesays.com\/fi\/wp-json\/wp\/v2\/categories?post=15700"},{"taxonomy":"post_tag","embeddable":true,"href":"https:\/\/www.europesays.com\/fi\/wp-json\/wp\/v2\/tags?post=15700"}],"curies":[{"name":"wp","href":"https:\/\/api.w.org\/{rel}","templated":true}]}}