{"id":15704,"date":"2025-08-25T10:14:07","date_gmt":"2025-08-25T10:14:07","guid":{"rendered":"https:\/\/www.europesays.com\/fi\/15704\/"},"modified":"2025-08-25T10:14:07","modified_gmt":"2025-08-25T10:14:07","slug":"brittikoomikon-juontama-suuri-ompelukisa-eroaa-edukseen","status":"publish","type":"post","link":"https:\/\/www.europesays.com\/fi\/15704\/","title":{"rendered":"Brittikoomikon juontama Suuri ompelukisa eroaa edukseen"},"content":{"rendered":"<p>\n  Suuri ompelukisa -realitysarjassa lahjakkaat ompelijat tarttuvat erilaisiin haasteisiin.<\/p>\n<p>\n            Teksti:          <\/p>\n<p>\n            Jussi Karjalainen          <\/p>\n<p>Yle tiedottaa, ett\u00e4 brittil\u00e4ist\u00e4 Suurta ompelukisa -kisareality\u00e4 suosivat \u201dsek\u00e4 innostuneet harrastajat ett\u00e4 asiaan perehtym\u00e4tt\u00f6m\u00e4t\u201d. Testataan. Olen passeli koehenkil\u00f6, sill\u00e4 en ole ikin\u00e4 kokeillut ompelukonetta.<\/p>\n<p>Suositun sarjan uusi yhdeks\u00e4s kausi ei saa t\u00e4ysin vakuuttuneeksi konseptin vetovoimasta perehtym\u00e4tt\u00f6miin. Selv\u00e4\u00e4 ja hienoa kyll\u00e4 on, ett\u00e4 paino on sanalla ompelukisa. Koomikko <strong>Sara Pascoen<\/strong> letke\u00e4sti vet\u00e4m\u00e4 sarja erottuu realityist\u00e4, joissa huippusuunnittelijoiksi havittelevat nuoret kilpailevat ihmeellisyydess\u00e4.<\/p>\n<p>Toki Suuressa ompelukisassakin on teht\u00e4v\u00e4, jossa vaatteen inspiraatio on haettava surrealisteilta. Tulos on jalat maassa olevalla tavalla vieh\u00e4tt\u00e4v\u00e4. \u00adKilpasisko <strong>Fauve<\/strong> vet\u00e4\u00e4 haasteessa \u00adpisimm\u00e4n korren keinonahka- ja pitsimekolla, jonka idea on <strong>Kay Sagen<\/strong> taulusta N\u00e4in kolme kaupunkia. Tehdassaliin Leedsiin kokoontuu aluksi tusina kotiompelijaa. Er\u00e4\u00e4ss\u00e4 jaksossa aiheina ovat <strong>Audrey Hepburnin<\/strong> ikoninen asu Aamiaisesta Tiffanylla sek\u00e4 miesten \u00adtupakkatakki.\u00a0\u00a0<\/p>\n<p>Suuri ompelukisa, maanantai 25.8. klo 20.00, <a href=\"https:\/\/areena.yle.fi\/1-50703695\" target=\"_blank\" rel=\"noreferrer noopener nofollow\">TV2<\/a><\/p>\n<p><a href=\"https:\/\/seura.fi\/tv\/suuri-ompelukisa-on-hyvan-mielen-realitysarja-juontajana-toimii-koomikko-joe-lyvett\/\" target=\"_blank\" rel=\"noreferrer noopener nofollow\">Lue my\u00f6s: Suuri ompelukisa on hyv\u00e4n mielen realitysarja \u2013 Brittisarjaa juontaa koomikko Joe Lyvett<\/a><\/p>\n","protected":false},"excerpt":{"rendered":"Suuri ompelukisa -realitysarjassa lahjakkaat ompelijat tarttuvat erilaisiin haasteisiin. Teksti: Jussi Karjalainen Yle tiedottaa, ett\u00e4 brittil\u00e4ist\u00e4 Suurta ompelukisa -kisareality\u00e4&hellip;\n","protected":false},"author":2,"featured_media":15705,"comment_status":"","ping_status":"","sticky":false,"template":"","format":"standard","meta":{"footnotes":""},"categories":[133],"tags":[137,33,31,30,4897,6103,2385,32,206,156,109],"class_list":{"0":"post-15704","1":"post","2":"type-post","3":"status-publish","4":"format-standard","5":"has-post-thumbnail","7":"category-televisiot","8":"tag-entertainment","9":"tag-fi","10":"tag-finland","11":"tag-finnish","12":"tag-iso-britannia","13":"tag-kasityot","14":"tag-reality","15":"tag-suomi","16":"tag-televisiot","17":"tag-tv","18":"tag-viihde"},"share_on_mastodon":{"url":"","error":""},"_links":{"self":[{"href":"https:\/\/www.europesays.com\/fi\/wp-json\/wp\/v2\/posts\/15704","targetHints":{"allow":["GET"]}}],"collection":[{"href":"https:\/\/www.europesays.com\/fi\/wp-json\/wp\/v2\/posts"}],"about":[{"href":"https:\/\/www.europesays.com\/fi\/wp-json\/wp\/v2\/types\/post"}],"author":[{"embeddable":true,"href":"https:\/\/www.europesays.com\/fi\/wp-json\/wp\/v2\/users\/2"}],"replies":[{"embeddable":true,"href":"https:\/\/www.europesays.com\/fi\/wp-json\/wp\/v2\/comments?post=15704"}],"version-history":[{"count":0,"href":"https:\/\/www.europesays.com\/fi\/wp-json\/wp\/v2\/posts\/15704\/revisions"}],"wp:featuredmedia":[{"embeddable":true,"href":"https:\/\/www.europesays.com\/fi\/wp-json\/wp\/v2\/media\/15705"}],"wp:attachment":[{"href":"https:\/\/www.europesays.com\/fi\/wp-json\/wp\/v2\/media?parent=15704"}],"wp:term":[{"taxonomy":"category","embeddable":true,"href":"https:\/\/www.europesays.com\/fi\/wp-json\/wp\/v2\/categories?post=15704"},{"taxonomy":"post_tag","embeddable":true,"href":"https:\/\/www.europesays.com\/fi\/wp-json\/wp\/v2\/tags?post=15704"}],"curies":[{"name":"wp","href":"https:\/\/api.w.org\/{rel}","templated":true}]}}