{"id":15706,"date":"2025-08-25T10:17:07","date_gmt":"2025-08-25T10:17:07","guid":{"rendered":"https:\/\/www.europesays.com\/fi\/15706\/"},"modified":"2025-08-25T10:17:07","modified_gmt":"2025-08-25T10:17:07","slug":"tiedetta-ja-taidetta-yhdistavan-aboagora-tapahtuman-teemana-on-tana-vuonna-rauha","status":"publish","type":"post","link":"https:\/\/www.europesays.com\/fi\/15706\/","title":{"rendered":"Tiedett\u00e4 ja taidetta yhdist\u00e4v\u00e4n Aboagora-tapahtuman teemana on t\u00e4n\u00e4 vuonna rauha"},"content":{"rendered":"<p>Kulttuuritapahtuma Aboagora j\u00e4rjestet\u00e4\u00e4n Sibelius-museolla jo 15. kertaa.<\/p>\n<p>T\u00e4m\u00e4nvuotinen teema\u00a0Venus \u2013 rauhan tuoja\u00a0on osa viime vuonna alkanutta seitsenosaista Planeetat-sarjaa. Se on saanut inspiraationsa s\u00e4velt\u00e4j\u00e4\u00a0<strong>Gustav Holstin<\/strong>\u00a0(1874\u20131934) Planeetat-orkesterisarjasta. Teemakausi jatkuu vuoteen 2030 saakka.<\/p>\n<p>Aboagoran j\u00e4rjest\u00e4v\u00e4t Turun yliopisto, \u00c5bo Akademi, Turun AMK:n Taideakatemia, \u00c5bo Akademin s\u00e4\u00e4ti\u00f6 ja Turun Yliopistos\u00e4\u00e4ti\u00f6.<\/p>\n<p>Aboagora on tieteen ja taiteen tekij\u00f6iden kohtaamispaikka, yhteisty\u00f6n mahdollistaja ja uuden luomisen tila. Hankkeen jokavuotiseen toimintaan kuuluu Turun Sibelius-museossa j\u00e4rjestett\u00e4v\u00e4 kansainv\u00e4linen kolmip\u00e4iv\u00e4inen p\u00e4\u00e4tapahtuma sek\u00e4 avoimet Avant Aboagora -ennakkotapahtumat.<\/p>\n<p>Aboagoran taustalla on ajatus, jonka mukaan monimutkaisten ongelmien ratkaiseminen edellytt\u00e4\u00e4 paitsi eri tieteenalojen yhteisty\u00f6t\u00e4, my\u00f6s tieteellisten ja taiteellisten n\u00e4k\u00f6kulmien yhdist\u00e4mist\u00e4.<\/p>\n<p>\u2013 Rauha voi her\u00e4tt\u00e4\u00e4 ja kantaa mukanaan kivuliaita ja vaikeita tunteita \u2013 kuten menetyst\u00e4, kaipuuta ja katkeruutta. Samalla katsomme my\u00f6s eteenp\u00e4in toivoen parempaa maailmaa ja uskoen tulevaisuuteen, Aboagoran koordinaattori, Turun yliopiston projektitutkija\u00a0<strong>Liisa Lalu\u00a0<\/strong>kuvaa.<\/p>\n<p>Kansainv\u00e4lisen p\u00e4\u00e4tapahtuman puhujina ovat muun muassa entinen ulkoministeri ja Helsingin yliopiston poliittisen historian dosentti\u00a0<strong>Erkki Tuomioja<\/strong>, palkittu lastenkirjojen kuvittaja ja kirjailija\u00a0<strong>Linda Bondestam<\/strong>\u00a0sek\u00e4 Martti Ahtisaari Peace Foundationin, CMI:n maajohtaja\u00a0<strong>Natalia Djandjgava<\/strong>.<\/p>\n<p>Tunnelmaan p\u00e4\u00e4see viritt\u00e4ytym\u00e4\u00e4n jo ennakkoon Avant Aboagorassa lauantaina 30.8.\u00a0Muusikko ja historiantutkija\u00a0<strong>Pertti Gr\u00f6nholm<\/strong>\u00a0esittelee tilaisuudessa Ukrainan l\u00e4hihistoriaa populaarimusiikin kautta. Kaikille avoin tapahtuma j\u00e4rjestet\u00e4\u00e4n yhteisty\u00f6ss\u00e4 Turun musiikkijuhlien kanssa, osana Ukrainian Mixtape<strong>\u00a0<\/strong>-p\u00e4\u00e4t\u00f6skonserttia.<\/p>\n<p>Feminiinisyyden mytologiaa ja saamelaistaidetta<\/p>\n<p>Venus, rauhan tuoja\u00a0jatkaa\u00a0<strong>Aboagoran<\/strong>\u00a0Planeetat-teemakautta sotaisan Marsin j\u00e4lkeen.<\/p>\n<p>Keskiviikkona 10.9. ainoa naisen mukaan nimetty planeetta inspiroi esiintyji\u00e4 pohtimaan monenlaista naiseutta ja sensuaalisuutta. Taiteilija ja tutkija\u00a0<strong>Ida-Marie Corellin<\/strong>\u00a0audiovisuaalinen performanssi\u00a0Veni Vidi Voice\u00a0tutkii jumalattarien ja naiseuden mytologiaa.<\/p>\n<p>Torstain ja perjantain puheenvuorot, paneelikeskustelut ja esitykset k\u00e4sittelev\u00e4t rauhan eri muotoja ja mahdollisuuksia sen saavuttamiseksi. Erkki Tuomioja pohtii torstai-iltap\u00e4iv\u00e4n p\u00e4\u00e4puheenvuorossaan historian k\u00e4ytt\u00f6\u00e4 sek\u00e4 historioitsijoiden roolia sodassa ja rauhassa.<\/p>\n<p>Ilta huipentuu Turun tuomiokirkkoon. Siell\u00e4 kaikille avoimessa tekstiilitaidetta, musiikkia ja teologiaa yhdist\u00e4v\u00e4ss\u00e4\u00a0Spirit Land\/Vuoi\u014b\u014bala\u0161 Eanadat\u00a0-performanssissa ja sen j\u00e4lkeisess\u00e4 keskustelussa hahmotellaan sovintoa saamelaisten sek\u00e4 pohjoismaisten kansojen v\u00e4lille.<\/p>\n<p>Rauhaisa Venus on monitulkintainen ja viime vuoden teemaa toiveikkaampi. Tapahtuman viimeisen p\u00e4iv\u00e4n eli perjantain p\u00e4\u00e4puhuja, CMI:n Natalia Djandjgava johdattaakin yleis\u00f6n konkreettisen rauhanty\u00f6n j\u00e4ljille.<\/p>\n<p>Venus, the Bringer of Peace -tapahtuman\u00a0<a href=\"http:\/\/www.aboagora.fi\/program\" rel=\"nofollow noopener\" target=\"_blank\">koko ohjelma<\/a>\u00a0l\u00f6ytyy Aboagoran verkkosivuilta.\u00a0<a href=\"https:\/\/www.aboagora.fi\/program\/#registration\" rel=\"nofollow noopener\" target=\"_blank\">Ilmoittautuminen tapahtumaan<\/a> on auki 31. elokuuta saakka. Vuonna 2025 Aboagoraa tukevat Koneen s\u00e4\u00e4ti\u00f6, Jenny ja Antti Wihurin rahasto, Svenska Kulturfonden, Tieteellisen seurain valtuuskunta, William Thurings Stiftelsen sek\u00e4 Otto A. Malmin s\u00e4\u00e4ti\u00f6.<\/p>\n","protected":false},"excerpt":{"rendered":"Kulttuuritapahtuma Aboagora j\u00e4rjestet\u00e4\u00e4n Sibelius-museolla jo 15. kertaa. T\u00e4m\u00e4nvuotinen teema\u00a0Venus \u2013 rauhan tuoja\u00a0on osa viime vuonna alkanutta seitsenosaista Planeetat-sarjaa.&hellip;\n","protected":false},"author":2,"featured_media":15707,"comment_status":"","ping_status":"","sticky":false,"template":"","format":"standard","meta":{"footnotes":""},"categories":[165],"tags":[33,31,30,166,32,167],"class_list":{"0":"post-15706","1":"post","2":"type-post","3":"status-publish","4":"format-standard","5":"has-post-thumbnail","7":"category-terveys","8":"tag-fi","9":"tag-finland","10":"tag-finnish","11":"tag-health","12":"tag-suomi","13":"tag-terveys"},"share_on_mastodon":{"url":"","error":""},"_links":{"self":[{"href":"https:\/\/www.europesays.com\/fi\/wp-json\/wp\/v2\/posts\/15706","targetHints":{"allow":["GET"]}}],"collection":[{"href":"https:\/\/www.europesays.com\/fi\/wp-json\/wp\/v2\/posts"}],"about":[{"href":"https:\/\/www.europesays.com\/fi\/wp-json\/wp\/v2\/types\/post"}],"author":[{"embeddable":true,"href":"https:\/\/www.europesays.com\/fi\/wp-json\/wp\/v2\/users\/2"}],"replies":[{"embeddable":true,"href":"https:\/\/www.europesays.com\/fi\/wp-json\/wp\/v2\/comments?post=15706"}],"version-history":[{"count":0,"href":"https:\/\/www.europesays.com\/fi\/wp-json\/wp\/v2\/posts\/15706\/revisions"}],"wp:featuredmedia":[{"embeddable":true,"href":"https:\/\/www.europesays.com\/fi\/wp-json\/wp\/v2\/media\/15707"}],"wp:attachment":[{"href":"https:\/\/www.europesays.com\/fi\/wp-json\/wp\/v2\/media?parent=15706"}],"wp:term":[{"taxonomy":"category","embeddable":true,"href":"https:\/\/www.europesays.com\/fi\/wp-json\/wp\/v2\/categories?post=15706"},{"taxonomy":"post_tag","embeddable":true,"href":"https:\/\/www.europesays.com\/fi\/wp-json\/wp\/v2\/tags?post=15706"}],"curies":[{"name":"wp","href":"https:\/\/api.w.org\/{rel}","templated":true}]}}