{"id":157214,"date":"2026-01-31T10:52:08","date_gmt":"2026-01-31T10:52:08","guid":{"rendered":"https:\/\/www.europesays.com\/fi\/157214\/"},"modified":"2026-01-31T10:52:08","modified_gmt":"2026-01-31T10:52:08","slug":"tamperelaiset-saivat-tahtonsa-lapi-historialliseen-pispalaan-saa-sittenkin-rakentaa-perinteisia-puutaloja-pirkanmaa","status":"publish","type":"post","link":"https:\/\/www.europesays.com\/fi\/157214\/","title":{"rendered":"Tamperelaiset saivat tahtonsa l\u00e4pi: historialliseen Pispalaan saa sittenkin rakentaa perinteisi\u00e4 puutaloja | Pirkanmaa"},"content":{"rendered":"<p class=\"aw-1gybjub aw-5vja16 kEtdKx kmuxyA yle__article__paragraph\">Pispalan valmisteilla oleva kaava her\u00e4tti kovaa vastarintaa, sill\u00e4 se kielsi vanhan tyylin j\u00e4ljittelyn uudis\u00adrakennuksissa. Nyt tiukat rajoitukset on poistettu.<\/p>\n<p>Pispalaan ei haluta mit\u00e4\u00e4n kermakakkutaloja, sanoo Tampereen apulaispormestari Ilkka Porttikivi. Video: Juha Kokkala \/ Yle, Jani Aarnio \/ Yle.<\/p>\n<ul class=\"aw-1jjocuh iJTSwP yle__article__list yle__article__list--ul\">\n<li class=\"aw-1j7gwms gNYKfi\">Tampereen Pispalaan on tulossa uusi asemakaava. Viel\u00e4 kev\u00e4\u00e4ll\u00e4 ehdotuksessa oli jyrkki\u00e4 ohjeita siit\u00e4, millaisia uudisrakennuksia Pispalaan saa rakentaa.<\/li>\n<li class=\"aw-1j7gwms gNYKfi\">Ehdotus sai laajaa kritiikki\u00e4 sek\u00e4 tavallisilta tamperelaisilta ett\u00e4 poliitikoilta.<\/li>\n<li class=\"aw-1j7gwms gNYKfi\">Nyt uusi kaavaehdotus sallii rakentaa vanhaa tyyli\u00e4 j\u00e4ljittelevi\u00e4 taloja.<\/li>\n<li class=\"aw-1j7gwms gNYKfi\">Jatkossa uudisrakennusten on sopeuduttava huolellisesti alueen perinteiseen ja vaatimattomaan rakennustapaan.<\/li>\n<\/ul>\n<p class=\"aw-1gybjub aw-1p7kakr kEtdKx cEmitX yle__article__paragraph\">Tampereen Pispalaan saa sittenkin jatkossa rakentaa taloja, jotka mukailevat alueelle perinteisi\u00e4 rakennustyylej\u00e4.<\/p>\n<p class=\"aw-1gybjub aw-1p7kakr kEtdKx cEmitX yle__article__paragraph\">Alkuper\u00e4inen kaavaesitys sai osakseen paljon kritiikki\u00e4, koska sen mukaan historialliselle Pispalan puutaloalueelle olisi saanut rakentaa vain <a class=\"aw-iao6s4 iHOxEa yle__article__link\" href=\"https:\/\/yle.fi\/a\/74-20159832\" role=\"link\" rel=\"nofollow noopener\" target=\"_blank\">suorakaiteenmuotoisia, moderneja uudisrakennuksia<\/a>.<\/p>\n<p class=\"aw-1gybjub aw-1p7kakr kEtdKx cEmitX yle__article__paragraph\">Paikalliset asukkaat nousivat vastarintaan: asiasta tehtiin kymmenkunta muistutusta ja adressiin tuli satoja allekirjoituksia.<\/p>\n<p class=\"aw-1gybjub aw-1p7kakr kEtdKx cEmitX yle__article__paragraph\">My\u00f6s parikymment\u00e4 kaupunginvaltuutettua <a class=\"aw-iao6s4 iHOxEa yle__article__link\" href=\"https:\/\/tampere.cloudnc.fi\/fi-FI\/Toimielimet\/Valtuustoaloite_Pispalan_rakennusperinno(444290)\" role=\"link\" rel=\"nofollow noopener\" target=\"_blank\">vaativat<\/a>, ett\u00e4 kaavasta poistetaan kaikki m\u00e4\u00e4r\u00e4ykset, jotka kielt\u00e4v\u00e4t perinteisen n\u00e4k\u00f6isen rakentamisen.<\/p>\n<p><img decoding=\"async\" alt=\"Kapea katu Pispalassa vanhojen puutalojen v\u00e4liss\u00e4.\" src=\"https:\/\/www.europesays.com\/fi\/wp-content\/uploads\/2026\/01\/39-1588952697b67307ee80.jpeg\" loading=\"lazy\" class=\"aw-1l9m598 hKVVvP\"\/><\/p>\n<p>Avaa kuvien katselu<\/p>\n<p>Pispala sijaitsee Suomen korkeimmalla soraharjulla. Talot on rakennettu tiiviisti jyrkk\u00e4\u00e4n rinteeseen, yleens\u00e4 pienille tonteille.  Kuva: Juha Kokkala \/ Yle<\/p>\n<p class=\"aw-1gybjub aw-1p7kakr kEtdKx cEmitX yle__article__paragraph\">Projektiarkkitehti <strong class=\"aw-ak79eh KyCXm yle__article__strong\">Minna Kiviluoto<\/strong> sanoo, ett\u00e4 voimakas vastustus vaikutti kaavan valmisteluun.<\/p>\n<p class=\"aw-1gybjub aw-1p7kakr kEtdKx cEmitX yle__article__paragraph\">\u2013 J\u00e4timme kaavasta pois nykyarkkitehtuuriin ohjaavan m\u00e4\u00e4r\u00e4yksen. Nyt korostetaan uudisrakennuksen huolellista sovittamista alueelle, Kiviluoto sanoo.<\/p>\n<p>Apulaispormestari: \u201dEi kermakakkuja\u201d<\/p>\n<p class=\"aw-1gybjub aw-1p7kakr kEtdKx cEmitX yle__article__paragraph\">Muutettu kaavaehdotus hyv\u00e4ksyttiin t\u00e4ll\u00e4 viikolla Tampereen yhdyskuntalautakunnassa. Sen puheenjohtaja, apulaispormestari <strong class=\"aw-ak79eh KyCXm yle__article__strong\">Ilkka Porttikivi<\/strong> (sd.) sanoo, ett\u00e4 muutokset olivat yhteinen halu.<\/p>\n<p class=\"aw-1gybjub aw-1p7kakr kEtdKx cEmitX yle__article__paragraph\">\u2013 Totesimme, ett\u00e4 haluamme sallia my\u00f6s vanhaa j\u00e4ljittelev\u00e4n rakentamisen.<\/p>\n<p class=\"aw-1gybjub aw-1p7kakr kEtdKx cEmitX yle__article__paragraph\">Kaavan on tarkoitus ohjata rakentamista niin, ett\u00e4 se sopii vanhaan yksinkertaiseen ja vaatimattomaan rakennuskantaan.<\/p>\n<p class=\"aw-1gybjub aw-1p7kakr kEtdKx cEmitX yle__article__paragraph\">\u2013 Pispalaan ei haluta mit\u00e4\u00e4n kyl\u00e4kauppamaisia kermakakkuja, Porttikivi sanoo viitaten Tuurissa sijaitsevaan Veljekset Keskisen kauppakeskukseen.<\/p>\n<p><img decoding=\"async\" alt=\"Pispalaa kuvattuna aurinkoisena talvip\u00e4iv\u00e4n\u00e4. Taustalla punainen Pispalan haulitorni.\" src=\"https:\/\/www.europesays.com\/fi\/wp-content\/uploads\/2026\/01\/39-1588949697b672d074e2.jpeg\" loading=\"lazy\" class=\"aw-1l9m598 hKVVvP\"\/><\/p>\n<p>Avaa kuvien katselu<\/p>\n<p>Kaava-alueen l\u00e4pi kulkee vilkas Pispalan valtatie. Kuvassa n\u00e4kyy yksi Pispalan maamerkeist\u00e4, suojeltu Haulitorni. Kuva: Juha Kokkala \/ Yle<\/p>\n<p class=\"aw-1gybjub aw-1p7kakr kEtdKx cEmitX yle__article__paragraph\">My\u00f6s Kiviluoto sanoo, ett\u00e4 viime vuosien rakentamisessa on vierastettu eniten kartanoista inspiraationsa saaneita rakennuksia, joissa on paljon koristeellisia yksityiskohtia.<\/p>\n<p class=\"aw-1gybjub aw-1p7kakr kEtdKx cEmitX yle__article__paragraph\">\u2013 Ne on koettu vieraaksi t\u00e4nne ty\u00f6v\u00e4en asuinalueelle, Kiviluoto sanoo.<\/p>\n<p>Arkkitehti tyytyv\u00e4inen uuteen versioon<\/p>\n<p class=\"aw-1gybjub aw-1p7kakr kEtdKx cEmitX yle__article__paragraph\">Minna Kiviluoto uskoo, ett\u00e4 kaavaehdotuksessa olleet alkuper\u00e4iset m\u00e4\u00e4r\u00e4ykset ymm\u00e4rrettiin hieman v\u00e4\u00e4rin: niiden tarkoitus oli, ett\u00e4 vanhat rakennukset erottuisivat selke\u00e4sti uudisrakennuksista.<\/p>\n<p class=\"aw-1gybjub aw-1p7kakr kEtdKx cEmitX yle__article__paragraph\">Kiviluoto on kuitenkin tyytyv\u00e4inen my\u00f6s uudistettuun versioon.<\/p>\n<p class=\"aw-1gybjub aw-1p7kakr kEtdKx cEmitX yle__article__paragraph\">\u2013 Nyt on hyv\u00e4t ev\u00e4\u00e4t ohjata Pispalan uudisrakentamista niin, ett\u00e4 alueen henki s\u00e4ilyy aiempaa paremmin.<\/p>\n<p><img decoding=\"async\" alt=\"Pispalan kaava-alue.\" src=\"https:\/\/www.europesays.com\/fi\/wp-content\/uploads\/2026\/01\/39-1588759697b52d72ff95.jpeg\" loading=\"lazy\" class=\"aw-1l9m598 hKVVvP\"\/><\/p>\n<p>Avaa kuvien katselu<\/p>\n<p>Pispala sijaitsee N\u00e4si- ja Pyh\u00e4j\u00e4rven v\u00e4lisell\u00e4 harjulla noin kolme kilometri\u00e4 l\u00e4nteen Tampereen keskustasta. Kaavaehdotus koskee Pispalan valtatien ymp\u00e4rist\u00f6\u00e4 l\u00e4hes kahden kilometrin matkalta. Kuva: Openstreetmap, Mapcreator, Jani Aarnio\/Yle<\/p>\n<p class=\"aw-1gybjub aw-1p7kakr kEtdKx cEmitX yle__article__paragraph\">Kiviluoto pit\u00e4\u00e4 t\u00e4rke\u00e4n\u00e4, ett\u00e4 Pispalan suojelu etenee, kun kaava valmistuu.<\/p>\n<p class=\"aw-1gybjub aw-1p7kakr kEtdKx cEmitX yle__article__paragraph\">\u2013 On hienoa, ett\u00e4 suojelukaava saadaan vahvaksi yli sadalle tontille ja p\u00e4\u00e4st\u00e4\u00e4n ep\u00e4varmasta tilanteesta eteenp\u00e4in.<\/p>\n<p><img decoding=\"async\" alt=\"Rajaportin saunan julkisivu Pispalassa.\" src=\"https:\/\/www.europesays.com\/fi\/wp-content\/uploads\/2026\/01\/39-1588954697b6733185cb.jpeg\" loading=\"lazy\" class=\"aw-1l9m598 hKVVvP\"\/><\/p>\n<p>Avaa kuvien katselu<\/p>\n<p>Uudisrakentamisen m\u00e4\u00e4r\u00e4ykset ovat vain yksi osa kaavaa. Rajaportin saunalla k\u00e4vij\u00f6ille hyv\u00e4 uutinen on se, ett\u00e4 saunan l\u00e4heisyydess\u00e4 oleva tyhj\u00e4 tontti on j\u00e4\u00e4m\u00e4ss\u00e4 pysyv\u00e4sti pys\u00e4k\u00f6intialueeksi. Kuva: Juha Kokkala \/ Yle<\/p>\n<p class=\"aw-1gybjub aw-1p7kakr kEtdKx cEmitX yle__article__paragraph\">Seuraavaksi Pispalan asemakaavan muutos menee Tampereen kaupunginhallituksen ja -valtuuston k\u00e4sittelyyn.<\/p>\n","protected":false},"excerpt":{"rendered":"Pispalan valmisteilla oleva kaava her\u00e4tti kovaa vastarintaa, sill\u00e4 se kielsi vanhan tyylin j\u00e4ljittelyn uudis\u00adrakennuksissa. Nyt tiukat rajoitukset on&hellip;\n","protected":false},"author":2,"featured_media":157215,"comment_status":"","ping_status":"","sticky":false,"template":"","format":"standard","meta":{"footnotes":"","_share_on_mastodon":"0"},"categories":[135],"tags":[389,387,388,26308,390,137,33,31,30,71,553,5437,3639,32,394,393,391,392,551,109],"class_list":["post-157214","post","type-post","status-publish","format-standard","has-post-thumbnail","category-taiteet-ja-suunnittelu","tag-arts","tag-arts-and-design","tag-artsanddesign","tag-asemakaava","tag-design","tag-entertainment","tag-fi","tag-finland","tag-finnish","tag-kotimaa","tag-pirkanmaa","tag-pispala","tag-rakennukset","tag-suomi","tag-suunnittelu","tag-taiteet","tag-taiteet-ja-suunnittelu","tag-taiteetsuunnittelu","tag-tampere","tag-viihde"],"share_on_mastodon":{"url":"https:\/\/pubeurope.com\/@fi\/115989338101345347","error":""},"_links":{"self":[{"href":"https:\/\/www.europesays.com\/fi\/wp-json\/wp\/v2\/posts\/157214","targetHints":{"allow":["GET"]}}],"collection":[{"href":"https:\/\/www.europesays.com\/fi\/wp-json\/wp\/v2\/posts"}],"about":[{"href":"https:\/\/www.europesays.com\/fi\/wp-json\/wp\/v2\/types\/post"}],"author":[{"embeddable":true,"href":"https:\/\/www.europesays.com\/fi\/wp-json\/wp\/v2\/users\/2"}],"replies":[{"embeddable":true,"href":"https:\/\/www.europesays.com\/fi\/wp-json\/wp\/v2\/comments?post=157214"}],"version-history":[{"count":0,"href":"https:\/\/www.europesays.com\/fi\/wp-json\/wp\/v2\/posts\/157214\/revisions"}],"wp:featuredmedia":[{"embeddable":true,"href":"https:\/\/www.europesays.com\/fi\/wp-json\/wp\/v2\/media\/157215"}],"wp:attachment":[{"href":"https:\/\/www.europesays.com\/fi\/wp-json\/wp\/v2\/media?parent=157214"}],"wp:term":[{"taxonomy":"category","embeddable":true,"href":"https:\/\/www.europesays.com\/fi\/wp-json\/wp\/v2\/categories?post=157214"},{"taxonomy":"post_tag","embeddable":true,"href":"https:\/\/www.europesays.com\/fi\/wp-json\/wp\/v2\/tags?post=157214"}],"curies":[{"name":"wp","href":"https:\/\/api.w.org\/{rel}","templated":true}]}}