{"id":15750,"date":"2025-08-25T11:10:07","date_gmt":"2025-08-25T11:10:07","guid":{"rendered":"https:\/\/www.europesays.com\/fi\/15750\/"},"modified":"2025-08-25T11:10:07","modified_gmt":"2025-08-25T11:10:07","slug":"suomen-maajoukkueen-paavalmentaja-kyseli-parasta-fysiikkavalmentajaa-vastaus-loytyi-kuopiosta-urheilu","status":"publish","type":"post","link":"https:\/\/www.europesays.com\/fi\/15750\/","title":{"rendered":"Suomen maajoukkueen p\u00e4\u00e4valmentaja kyseli parasta fysiikkavalmentajaa \u2013\u2009Vastaus l\u00f6ytyi Kuopiosta | Urheilu"},"content":{"rendered":"<p>Suomen alle 21-vuotiaiden maajoukkueen viime kes\u00e4n EM-lopputurnaukseen p\u00e4\u00e4valmentanut <strong>Mika Lehkosuo <\/strong>on valinnut ryhm\u00e4\u00e4ns\u00e4 uusia valmentajia.<\/p>\n<p>Pikkuhuuhkajien p\u00e4\u00e4valmentajana jatkavan Lehkosuon tiimiin liittyy mukaan Kuopion Palloseuran <strong>Mika L\u00e4hderinne<\/strong>. Nuorten maajoukkueessa kuopiolainen on fyysinen valmentaja. KuPSin miesten edustusjoukkueessa L\u00e4hderinne toimii samankaltaisessa teht\u00e4v\u00e4ss\u00e4 fysiikkavalmentajan tittelill\u00e4.<\/p>\n<p>45-vuotias L\u00e4hderinne on kotoisin Kiuruvedelt\u00e4. Pitk\u00e4n pelaajauransa j\u00e4lkeen h\u00e4n on toiminut my\u00f6s p\u00e4\u00e4valmentajana PK-37:ss\u00e4, Jipossa ja AC Oulussa.<\/p>\n<p>\u2013\u2009Prosessi meni niin, ett\u00e4 kyselin ihmisilt\u00e4 suosituksia. Kuka on paras fysiikkavalmentaja, kenet he tiet\u00e4v\u00e4t? Tuli vahvoja suosituksia, joista nousi nopeasti esiin Mika L\u00e4hderinne, ja h\u00e4nelle piti sitten soittaa, Mika Lehkosuo avaa kuopiolaisvalintaansa Palloliiton <a href=\"https:\/\/www.palloliitto.fi\/ajankohtaista\/pikkuhuuhkajien-taustatiimi-uudistuu\" rel=\"nofollow noopener\" target=\"_blank\">uutisessa<\/a>.<\/p>\n<p>Kuopiolainen kertoo l\u00e4htev\u00e4ns\u00e4 odottavin mielin mukaan Lehkosuon ty\u00f6ryhm\u00e4\u00e4n.<\/p>\n<p>\u2013 Se on minulle uusi maailma, kun en ole ollut mukana maajoukkuetoiminnassa aikaisemmin.<\/p>\n<p>U21-maajoukkueen aiempi fysiikkavalmentaja oli <strong>Janne Ukkonen<\/strong>.<\/p>\n<p>Pikkuhuuhkajien EM-karsinnat ensi kes\u00e4n lopputurnaukseen alkaa syyskuussa Turussa pelattavalla kotiottelulla San Marinoa vastaan.<\/p>\n","protected":false},"excerpt":{"rendered":"Suomen alle 21-vuotiaiden maajoukkueen viime kes\u00e4n EM-lopputurnaukseen p\u00e4\u00e4valmentanut Mika Lehkosuo on valinnut ryhm\u00e4\u00e4ns\u00e4 uusia valmentajia. Pikkuhuuhkajien p\u00e4\u00e4valmentajana jatkavan&hellip;\n","protected":false},"author":2,"featured_media":15751,"comment_status":"","ping_status":"","sticky":false,"template":"","format":"standard","meta":{"footnotes":""},"categories":[158],"tags":[33,31,30,43,1132,4141,41,6113,159,32,160,161,6112],"class_list":{"0":"post-15750","1":"post","2":"type-post","3":"status-publish","4":"format-standard","5":"has-post-thumbnail","7":"category-urheilu","8":"tag-fi","9":"tag-finland","10":"tag-finnish","11":"tag-jalkapallo","12":"tag-kuopio","13":"tag-kups","14":"tag-liikunta-ja-urheilu","15":"tag-maaottelu","16":"tag-sports","17":"tag-suomi","18":"tag-urheilu","19":"tag-urheilutapahtumat","20":"tag-urheiluvalmennus"},"share_on_mastodon":{"url":"","error":""},"_links":{"self":[{"href":"https:\/\/www.europesays.com\/fi\/wp-json\/wp\/v2\/posts\/15750","targetHints":{"allow":["GET"]}}],"collection":[{"href":"https:\/\/www.europesays.com\/fi\/wp-json\/wp\/v2\/posts"}],"about":[{"href":"https:\/\/www.europesays.com\/fi\/wp-json\/wp\/v2\/types\/post"}],"author":[{"embeddable":true,"href":"https:\/\/www.europesays.com\/fi\/wp-json\/wp\/v2\/users\/2"}],"replies":[{"embeddable":true,"href":"https:\/\/www.europesays.com\/fi\/wp-json\/wp\/v2\/comments?post=15750"}],"version-history":[{"count":0,"href":"https:\/\/www.europesays.com\/fi\/wp-json\/wp\/v2\/posts\/15750\/revisions"}],"wp:featuredmedia":[{"embeddable":true,"href":"https:\/\/www.europesays.com\/fi\/wp-json\/wp\/v2\/media\/15751"}],"wp:attachment":[{"href":"https:\/\/www.europesays.com\/fi\/wp-json\/wp\/v2\/media?parent=15750"}],"wp:term":[{"taxonomy":"category","embeddable":true,"href":"https:\/\/www.europesays.com\/fi\/wp-json\/wp\/v2\/categories?post=15750"},{"taxonomy":"post_tag","embeddable":true,"href":"https:\/\/www.europesays.com\/fi\/wp-json\/wp\/v2\/tags?post=15750"}],"curies":[{"name":"wp","href":"https:\/\/api.w.org\/{rel}","templated":true}]}}