{"id":15759,"date":"2025-08-25T11:17:08","date_gmt":"2025-08-25T11:17:08","guid":{"rendered":"https:\/\/www.europesays.com\/fi\/15759\/"},"modified":"2025-08-25T11:17:08","modified_gmt":"2025-08-25T11:17:08","slug":"poliisi-kajaanissa-tapahtui-raaka-murha-epailtyna-kolme-miesta-jotka-vaikenevat-kotimaa","status":"publish","type":"post","link":"https:\/\/www.europesays.com\/fi\/15759\/","title":{"rendered":"Poliisi: Kajaanissa tapahtui raaka murha \u2013 ep\u00e4iltyn\u00e4 kolme miest\u00e4, jotka vaikenevat | Kotimaa"},"content":{"rendered":"<p class=\"sc-jYczwO sc-dNFkOE bUKqJd eiHPxO yle__article__paragraph\">Kajaanissa viikko sitten paljastuneen henkirikoksen tekotapa oli niin raaka ja julma, ett\u00e4 poliisi tutkii asiaa nyt murhana.<\/p>\n<p><img decoding=\"async\" alt=\"Poliisin haalarin selk\u00e4mys.\" src=\"https:\/\/www.europesays.com\/fi\/wp-content\/uploads\/2025\/08\/39-11771226512a4e4764e6.jpeg\" class=\"sc-dntSTA iywpZY\"\/><\/p>\n<p>Avaa kuvien katselu<\/p>\n<p>Kuva: Matias V\u00e4\u00e4n\u00e4nen \/ Yle<\/p>\n<p class=\"sc-jYczwO sc-ciCoXh bUKqJd cIOueB yle__article__paragraph\">Poliisi tutkii Kajaanin Huuhkajanvaarassa tapahtunutta henkirikosta nyt murhana.<\/p>\n<p class=\"sc-jYczwO sc-ciCoXh bUKqJd cIOueB yle__article__paragraph\">Teosta ep\u00e4ill\u00e4\u00e4n kolmea miest\u00e4, jotka Kainuun k\u00e4r\u00e4j\u00e4oikeus m\u00e4\u00e4r\u00e4si viime perjantaina tutkintavankeuteen taposta ep\u00e4iltyn\u00e4.<\/p>\n<p class=\"sc-jYczwO sc-ciCoXh bUKqJd cIOueB yle__article__paragraph\">Miehet otettiin kiinni sen j\u00e4lkeen, kun poliisi l\u00f6ysi vuonna 1994 syntyneen miehen kuolleena rivitaloasunnostaan tiistaina 19. elokuuta. Ruumis l\u00f6ydettiin ilmoituksen perusteella.<\/p>\n<p class=\"sc-jYczwO sc-ciCoXh bUKqJd cIOueB yle__article__paragraph\">Aiemmin tapausta tutkittiin tappona.<\/p>\n<p class=\"sc-jYczwO sc-ciCoXh bUKqJd cIOueB yle__article__paragraph\">Tapauksen tutkinnanjohtaja, rikoskomisario <strong class=\"sc-eEHciv gtNhAX yle__article__strong\">Marko K\u00e4hk\u00f6nen<\/strong> kertoo nyt, ett\u00e4 ep\u00e4ilty rikosnimike on koventunut. Poliisi ep\u00e4ilee kolmea miest\u00e4 nyt murhasta.<\/p>\n<p class=\"sc-jYczwO sc-ciCoXh bUKqJd cIOueB yle__article__paragraph\">\u2013 Nimike koventui erityisen raa&#8217;an ja julman tekotavan vuoksi, K\u00e4hk\u00f6nen sanoo.<\/p>\n<p class=\"sc-jYczwO sc-ciCoXh bUKqJd cIOueB yle__article__paragraph\">Ennen kuolemaansa uhri oli kohdannut v\u00e4kivaltaa. Poliisi ei ole kertonut, millaisesta v\u00e4kivallasta oli kyse.<\/p>\n<p class=\"sc-jYczwO sc-ciCoXh bUKqJd cIOueB yle__article__paragraph\">Henkirikoksen uskotaan tapahtuneen edelt\u00e4v\u00e4n viikonlopun aikana. Poliisi on toistaiseksi vaitonainen tapahtumista, sill\u00e4 tutkinta on kesken.<\/p>\n<p class=\"sc-jYczwO sc-ciCoXh bUKqJd cIOueB yle__article__paragraph\">\u2013 Siell\u00e4 on ollut paikalla useampi henkil\u00f6, mutta oikeastaan en voi enemp\u00e4\u00e4 avata asiaa t\u00e4ll\u00e4 hetkell\u00e4. Katsotaan, mit\u00e4 selvi\u00e4\u00e4 l\u00e4hip\u00e4ivien aikana, K\u00e4hk\u00f6nen sanoo.<\/p>\n<p class=\"sc-jYczwO sc-ciCoXh bUKqJd cIOueB yle__article__paragraph\">Rikoskomisarion mukaan murhasta ep\u00e4illyt miehet ovat olleet kuulusteluissa \u201dvaitonaisia\u201d.<\/p>\n<p class=\"sc-jYczwO sc-ciCoXh bUKqJd cIOueB yle__article__paragraph\">Poliisilla ei toistaiseksi ole k\u00e4sityst\u00e4 teon motiivista.<\/p>\n<p class=\"sc-jYczwO sc-ciCoXh bUKqJd cIOueB yle__article__paragraph\">\u2013 Se on kovasti selvittelyss\u00e4, K\u00e4hk\u00f6nen sanoo.<\/p>\n","protected":false},"excerpt":{"rendered":"Kajaanissa viikko sitten paljastuneen henkirikoksen tekotapa oli niin raaka ja julma, ett\u00e4 poliisi tutkii asiaa nyt murhana. Avaa&hellip;\n","protected":false},"author":2,"featured_media":1061,"comment_status":"","ping_status":"","sticky":false,"template":"","format":"standard","meta":{"footnotes":""},"categories":[5],"tags":[22,23,26,27,33,31,30,17,4918,723,949,71,24,25,28,29,15,18,21,52,581,1263,32,19,20,16],"class_list":{"0":"post-15759","1":"post","2":"type-post","3":"status-publish","4":"format-standard","5":"has-post-thumbnail","7":"category-otsikot","8":"tag-breaking-news","9":"tag-breakingnews","10":"tag-featured-news","11":"tag-featurednews","12":"tag-fi","13":"tag-finland","14":"tag-finnish","15":"tag-headlines","16":"tag-henkirikokset","17":"tag-kainuu","18":"tag-kajaani","19":"tag-kotimaa","20":"tag-latest-news","21":"tag-latestnews","22":"tag-main-news","23":"tag-mainnews","24":"tag-news","25":"tag-otsikot","26":"tag-paauutiset","27":"tag-poliisi","28":"tag-rikokset","29":"tag-rikosepailyt","30":"tag-suomi","31":"tag-top-stories","32":"tag-topstories","33":"tag-uutiset"},"share_on_mastodon":{"url":"","error":""},"_links":{"self":[{"href":"https:\/\/www.europesays.com\/fi\/wp-json\/wp\/v2\/posts\/15759","targetHints":{"allow":["GET"]}}],"collection":[{"href":"https:\/\/www.europesays.com\/fi\/wp-json\/wp\/v2\/posts"}],"about":[{"href":"https:\/\/www.europesays.com\/fi\/wp-json\/wp\/v2\/types\/post"}],"author":[{"embeddable":true,"href":"https:\/\/www.europesays.com\/fi\/wp-json\/wp\/v2\/users\/2"}],"replies":[{"embeddable":true,"href":"https:\/\/www.europesays.com\/fi\/wp-json\/wp\/v2\/comments?post=15759"}],"version-history":[{"count":0,"href":"https:\/\/www.europesays.com\/fi\/wp-json\/wp\/v2\/posts\/15759\/revisions"}],"wp:featuredmedia":[{"embeddable":true,"href":"https:\/\/www.europesays.com\/fi\/wp-json\/wp\/v2\/media\/1061"}],"wp:attachment":[{"href":"https:\/\/www.europesays.com\/fi\/wp-json\/wp\/v2\/media?parent=15759"}],"wp:term":[{"taxonomy":"category","embeddable":true,"href":"https:\/\/www.europesays.com\/fi\/wp-json\/wp\/v2\/categories?post=15759"},{"taxonomy":"post_tag","embeddable":true,"href":"https:\/\/www.europesays.com\/fi\/wp-json\/wp\/v2\/tags?post=15759"}],"curies":[{"name":"wp","href":"https:\/\/api.w.org\/{rel}","templated":true}]}}