{"id":15762,"date":"2025-08-25T11:21:07","date_gmt":"2025-08-25T11:21:07","guid":{"rendered":"https:\/\/www.europesays.com\/fi\/15762\/"},"modified":"2025-08-25T11:21:07","modified_gmt":"2025-08-25T11:21:07","slug":"ukrainalla-uusi-pitka-neptunus-ohjus-verkkouutiset","status":"publish","type":"post","link":"https:\/\/www.europesays.com\/fi\/15762\/","title":{"rendered":"Ukrainalla uusi &quot;Pitk\u00e4 Neptunus&quot; -ohjus &#8211; Verkkouutiset"},"content":{"rendered":"<ol>\n<li><a href=\"https:\/\/news.google.com\/rss\/articles\/CBMid0FVX3lxTE5IZjhWZUJjWFFoM1pyZVJibzRWQUZkVkp1a1lsTW1JbWdYa3ZqQ2xhNVI0Vkt3SFpkN3F1UC1EMjByTHVwYWJzVk9QLU9IN2tLemlWUWpTQlRmRmtHX0Z0akR3RHE1NE1IRWlKbURKOVVNeF9STmI0?oc=5\" target=\"_blank\" rel=\"nofollow noopener\">Ukrainalla uusi &#8221;Pitk\u00e4 Neptunus&#8221; -ohjus<\/a>&nbsp;&nbsp;Verkkouutiset<\/li>\n<li><a href=\"https:\/\/news.google.com\/rss\/articles\/CBMiXkFVX3lxTFAyS0FaRnJvTG5MZklmNnBFX1A4cFdhN2JBQllWSlRUNVZPN01zb3Q5dVl6TzRSYUJodldxdG1HRFpHX0g0NjlHMzNJLXJiY2RzcFlfXzdsWW1CYUU0NlE?oc=5\" target=\"_blank\" rel=\"nofollow noopener\">Jopa viisinkertainen \u00e4\u00e4nennopeus \u2013 t\u00e4m\u00e4 tiedet\u00e4\u00e4n Ukrainan omista ohjuksista<\/a>&nbsp;&nbsp;Ilta-Sanomat<\/li>\n<li><a href=\"https:\/\/news.google.com\/rss\/articles\/CBMigwFBVV95cUxPREszUDEyM1N2czBCaWRKLTRWcWUxdFg4NU9fUVladW1ON2hqeDJVY21vM3JHNUpLM19LbDA0NXZoZGstY08wMGNYeWpSZGpLZ1BHU2g4LTdBWFVKRGwxcTlDT2V3NG1acW85TU9adi1nRFE4eWhUYVZZQ0RkTlJzcFRQTQ?oc=5\" target=\"_blank\" rel=\"nofollow noopener\">T\u00e4m\u00e4 Ukrainan ohjus on tappava uhka Kremlille<\/a>&nbsp;&nbsp;Verkkouutiset<\/li>\n<li><a href=\"https:\/\/news.google.com\/rss\/articles\/CBMifEFVX3lxTFBxNlM2NVQ1VU9XVEEyV1pLYzRoSHNhU0xydmh5cmtCVGdJNE1wUTRabF9OdS1VeFUwTFJwS1o2MVdTYzBtbDRNWDMxdHZVRE5Bel82REtQWkhnbVc1azNNeFg4U2dBS1N0SzlCbHlsM01DTUNZekswQVJyZGQ?oc=5\" target=\"_blank\" rel=\"nofollow noopener\">Ukrainalla uusi superase? Asiantuntija: \u201dSuunnaton kantama ja iskuvoima\u201d<\/a>&nbsp;&nbsp;Iltalehti<\/li>\n<li><a href=\"https:\/\/news.google.com\/rss\/articles\/CBMiV0FVX3lxTE5GTUhXLWh5bDZfLUx0UjBzZk4xT3c0OEpFNTA3bm5YdWVOOHNkV3dMNVU0Ui1VaXZZOGdMY3VySzFRNTJKOWdQeWdiYlZXc0JXRFB2TFlHUQ?oc=5\" target=\"_blank\" rel=\"nofollow noopener\">N\u00e4k\u00f6kulma | Ukrainan &#8221;vaaleanpunaisen linnun&#8221; taikavoimia ei viel\u00e4 tiedet\u00e4<\/a>&nbsp;&nbsp;Keskisuomalainen<\/li>\n<\/ol>\n","protected":false},"excerpt":{"rendered":"Ukrainalla uusi &#8221;Pitk\u00e4 Neptunus&#8221; -ohjus&nbsp;&nbsp;Verkkouutiset Jopa viisinkertainen \u00e4\u00e4nennopeus \u2013 t\u00e4m\u00e4 tiedet\u00e4\u00e4n Ukrainan omista ohjuksista&nbsp;&nbsp;Ilta-Sanomat T\u00e4m\u00e4 Ukrainan ohjus on&hellip;\n","protected":false},"author":2,"featured_media":15763,"comment_status":"","ping_status":"","sticky":false,"template":"","format":"standard","meta":{"footnotes":""},"categories":[114],"tags":[453,33,31,30,118,452,32,119,1303],"class_list":{"0":"post-15762","1":"post","2":"type-post","3":"status-publish","4":"format-standard","5":"has-post-thumbnail","7":"category-avaruus","8":"tag-avaruus","9":"tag-fi","10":"tag-finland","11":"tag-finnish","12":"tag-science","13":"tag-space","14":"tag-suomi","15":"tag-tiede","16":"tag-ukraina"},"share_on_mastodon":{"url":"","error":""},"_links":{"self":[{"href":"https:\/\/www.europesays.com\/fi\/wp-json\/wp\/v2\/posts\/15762","targetHints":{"allow":["GET"]}}],"collection":[{"href":"https:\/\/www.europesays.com\/fi\/wp-json\/wp\/v2\/posts"}],"about":[{"href":"https:\/\/www.europesays.com\/fi\/wp-json\/wp\/v2\/types\/post"}],"author":[{"embeddable":true,"href":"https:\/\/www.europesays.com\/fi\/wp-json\/wp\/v2\/users\/2"}],"replies":[{"embeddable":true,"href":"https:\/\/www.europesays.com\/fi\/wp-json\/wp\/v2\/comments?post=15762"}],"version-history":[{"count":0,"href":"https:\/\/www.europesays.com\/fi\/wp-json\/wp\/v2\/posts\/15762\/revisions"}],"wp:featuredmedia":[{"embeddable":true,"href":"https:\/\/www.europesays.com\/fi\/wp-json\/wp\/v2\/media\/15763"}],"wp:attachment":[{"href":"https:\/\/www.europesays.com\/fi\/wp-json\/wp\/v2\/media?parent=15762"}],"wp:term":[{"taxonomy":"category","embeddable":true,"href":"https:\/\/www.europesays.com\/fi\/wp-json\/wp\/v2\/categories?post=15762"},{"taxonomy":"post_tag","embeddable":true,"href":"https:\/\/www.europesays.com\/fi\/wp-json\/wp\/v2\/tags?post=15762"}],"curies":[{"name":"wp","href":"https:\/\/api.w.org\/{rel}","templated":true}]}}