{"id":157647,"date":"2026-01-31T22:36:07","date_gmt":"2026-01-31T22:36:07","guid":{"rendered":"https:\/\/www.europesays.com\/fi\/157647\/"},"modified":"2026-01-31T22:36:07","modified_gmt":"2026-01-31T22:36:07","slug":"tama-on-hbon-harry-potter-sarjan-ensimmaisen-kauden-julkaisun-tarkempi-aikaikkuna","status":"publish","type":"post","link":"https:\/\/www.europesays.com\/fi\/157647\/","title":{"rendered":"T\u00e4m\u00e4 on HBO:n Harry Potter -sarjan ensimm\u00e4isen kauden julkaisun tarkempi aikaikkuna"},"content":{"rendered":"<p><a href=\"https:\/\/deadline.com\/2026\/01\/harry-potter-series-premiere-date-window-1236703527\/\" rel=\"nofollow noopener\" target=\"_blank\">Deadline<\/a> uutisoi, ett\u00e4 HBO:n toimitusjohtaja <strong>Casey Bloys<\/strong> on on antanut tarkemman aikaikkunan tulevalle Harry Potter -sarjalle.<\/p>\n<p>Aiemmin Bloys on puhunut vuoden 2026 lopusta tai vuodesta 2027, mutta nyt h\u00e4n suostui hieman tarkentamaan.<\/p>\n<p>\u201dOlemme puhuneet vuodesta 2027. Sanoisin, jotta aikaa voisi rajata v\u00e4h\u00e4n, alkuvuodesta 2027. Nyt aiot kysy\u00e4, tarkoittaako se tammikuuta, helmikuuta, maaliskuuta, huhtikuuta, mutta sit\u00e4 emme ole viel\u00e4 valmiit kertomaan. Sanon vain, ett\u00e4 alkuvuodesta 2027\u201d, Bloys paljastaa.<\/p>\n<p><a href=\"https:\/\/www.episodi.fi\/uutiset\/nain-nick-frost-manifestoi-saadakseen-hagridin-roolin-tulevassa-harry-potter-sarjassa-nain-han-sen-teki\/\" rel=\"nofollow noopener\" target=\"_blank\">Lue my\u00f6s: N\u00e4in Nick Frost manifestoi saadakseen Hagridin roolin tulevassa Harry Potter -sarjassa \u2013\u00a0N\u00e4in h\u00e4n sen teki<\/a><\/p>\n<p>Lue my\u00f6s: <a href=\"https:\/\/www.episodi.fi\/uutiskirje\/?uutiskirjemainos=tekstilinkkimainos\" title=\"Tilaa Episodin uutiskirje ja voit voittaa leffalippuja! Nappaa tv-vinkit suoraan s\u00e4hk\u00f6postiin t\u00e4st\u00e4.\" class=\"underline-custom !font-montserrat !font-bold !underline-offset-4 !decoration-4 !decoration-episodi-blue !text-md\" rel=\"nofollow noopener\" target=\"_blank\">Tilaa Episodin uutiskirje ja voit voittaa leffalippuja! Nappaa katseluvinkit suoraan s\u00e4hk\u00f6postiin t\u00e4st\u00e4.<\/a><\/p>\n","protected":false},"excerpt":{"rendered":"Deadline uutisoi, ett\u00e4 HBO:n toimitusjohtaja Casey Bloys on on antanut tarkemman aikaikkunan tulevalle Harry Potter -sarjalle. Aiemmin Bloys&hellip;\n","protected":false},"author":2,"featured_media":95547,"comment_status":"","ping_status":"","sticky":false,"template":"","format":"standard","meta":{"footnotes":"","_share_on_mastodon":"0"},"categories":[133],"tags":[137,33,31,30,4207,6730,6302,32,206,156,109],"class_list":["post-157647","post","type-post","status-publish","format-standard","has-post-thumbnail","category-televisiot","tag-entertainment","tag-fi","tag-finland","tag-finnish","tag-harry-potter","tag-hbo","tag-ignostot","tag-suomi","tag-televisiot","tag-tv","tag-viihde"],"share_on_mastodon":{"url":"https:\/\/pubeurope.com\/@fi\/115992106271415499","error":""},"_links":{"self":[{"href":"https:\/\/www.europesays.com\/fi\/wp-json\/wp\/v2\/posts\/157647","targetHints":{"allow":["GET"]}}],"collection":[{"href":"https:\/\/www.europesays.com\/fi\/wp-json\/wp\/v2\/posts"}],"about":[{"href":"https:\/\/www.europesays.com\/fi\/wp-json\/wp\/v2\/types\/post"}],"author":[{"embeddable":true,"href":"https:\/\/www.europesays.com\/fi\/wp-json\/wp\/v2\/users\/2"}],"replies":[{"embeddable":true,"href":"https:\/\/www.europesays.com\/fi\/wp-json\/wp\/v2\/comments?post=157647"}],"version-history":[{"count":0,"href":"https:\/\/www.europesays.com\/fi\/wp-json\/wp\/v2\/posts\/157647\/revisions"}],"wp:featuredmedia":[{"embeddable":true,"href":"https:\/\/www.europesays.com\/fi\/wp-json\/wp\/v2\/media\/95547"}],"wp:attachment":[{"href":"https:\/\/www.europesays.com\/fi\/wp-json\/wp\/v2\/media?parent=157647"}],"wp:term":[{"taxonomy":"category","embeddable":true,"href":"https:\/\/www.europesays.com\/fi\/wp-json\/wp\/v2\/categories?post=157647"},{"taxonomy":"post_tag","embeddable":true,"href":"https:\/\/www.europesays.com\/fi\/wp-json\/wp\/v2\/tags?post=157647"}],"curies":[{"name":"wp","href":"https:\/\/api.w.org\/{rel}","templated":true}]}}