{"id":15771,"date":"2025-08-25T11:36:10","date_gmt":"2025-08-25T11:36:10","guid":{"rendered":"https:\/\/www.europesays.com\/fi\/15771\/"},"modified":"2025-08-25T11:36:10","modified_gmt":"2025-08-25T11:36:10","slug":"leevi-selanteelle-uusi-sopimus","status":"publish","type":"post","link":"https:\/\/www.europesays.com\/fi\/15771\/","title":{"rendered":"Leevi Sel\u00e4nteelle uusi sopimus"},"content":{"rendered":"<p>Leevi Sel\u00e4nne l\u00f6ysi uuden seuran.<\/p>\n<p><img decoding=\"async\" class=\"image image-show image-preview\" src=\"https:\/\/www.europesays.com\/fi\/wp-content\/uploads\/2025\/08\/80ee2ff00e5d9e1be540faa0c59a3d1470fd77cc129ebc33eb10aeed3f3efde0.jpg\" alt=\"\"\/><img decoding=\"async\" class=\"image image-show\" src=\"https:\/\/www.europesays.com\/fi\/wp-content\/uploads\/2025\/08\/1756121768_954_80ee2ff00e5d9e1be540faa0c59a3d1470fd77cc129ebc33eb10aeed3f3efde0.jpg\" alt=\"\"\/><\/p>\n<p>Leevi Sel\u00e4nne l\u00f6ysi uuden seuran. Tomi Natri \/ AOP<\/p>\n<p class=\"paragraph\"><strong>Leevi Sel\u00e4nne<\/strong>, 25, palaa pelaamaan Suomeen.<\/p>\n<p class=\"paragraph\">Kiekkolegenda <strong>Teemu Sel\u00e4nteen<\/strong> poika teki kahden viikon pituisen try out -sopimuksen mestisseura Joensuun Kiekko-Poikien kanssa. Seura tiedotti Sel\u00e4nteen siirrosta maanantaina.<\/p>\n<p class=\"paragraph\">Leevi Sel\u00e4nne pelasi viime kaudella Ruotsin kakkosdivisioonassa Ockelbo HC:n paidassa. H\u00e4n teki 32 runkosarjapeliss\u00e4 15 osumaa ja tarjoili yhdeks\u00e4n maaliin johtanutta sy\u00f6tt\u00f6\u00e4.<\/p>\n<p class=\"paragraph\">Sel\u00e4nne pelasi Suomessa edellisen kerran kaudella 2023\u20132024, jolloin h\u00e4n edusti Kajaanin Hokkia. Hy\u00f6kk\u00e4\u00e4j\u00e4 teki Hokissa 23 runkosarjaottelussa tehot 2+2.<\/p>\n<p><a href=\"https:\/\/www.iltalehti.fi\/telkku\/?utm_source=iltalehti.fi&amp;utm_medium=almainternal&amp;utm_campaign=urheilu_artikkelibanneri&amp;utm_content=banner_612_a\" rel=\"nofollow noopener\" target=\"_blank\"><img decoding=\"async\" src=\"https:\/\/www.europesays.com\/fi\/wp-content\/uploads\/2025\/08\/7ef604e47d46ca174b7df4149bd3557dbde56a86d520f8e1b2125548b0a2e03a.png\" alt=\"TV-ohjelmat t\u00e4n\u00e4\u00e4n, TV-opas\"\/><\/a><\/p>\n","protected":false},"excerpt":{"rendered":"Leevi Sel\u00e4nne l\u00f6ysi uuden seuran. Leevi Sel\u00e4nne l\u00f6ysi uuden seuran. Tomi Natri \/ AOP Leevi Sel\u00e4nne, 25, palaa&hellip;\n","protected":false},"author":2,"featured_media":15772,"comment_status":"","ping_status":"","sticky":false,"template":"","format":"standard","meta":{"footnotes":""},"categories":[158],"tags":[35,1144,33,31,30,1143,41,1146,159,32,1145,160],"class_list":{"0":"post-15771","1":"post","2":"type-post","3":"status-publish","4":"format-standard","5":"has-post-thumbnail","7":"category-urheilu","8":"tag-24h","9":"tag-ammattilaisjaakiekko","10":"tag-fi","11":"tag-finland","12":"tag-finnish","13":"tag-jaakiekko","14":"tag-liikunta-ja-urheilu","15":"tag-miesten-jaakiekko","16":"tag-sports","17":"tag-suomi","18":"tag-talviurheilu","19":"tag-urheilu"},"share_on_mastodon":{"url":"","error":""},"_links":{"self":[{"href":"https:\/\/www.europesays.com\/fi\/wp-json\/wp\/v2\/posts\/15771","targetHints":{"allow":["GET"]}}],"collection":[{"href":"https:\/\/www.europesays.com\/fi\/wp-json\/wp\/v2\/posts"}],"about":[{"href":"https:\/\/www.europesays.com\/fi\/wp-json\/wp\/v2\/types\/post"}],"author":[{"embeddable":true,"href":"https:\/\/www.europesays.com\/fi\/wp-json\/wp\/v2\/users\/2"}],"replies":[{"embeddable":true,"href":"https:\/\/www.europesays.com\/fi\/wp-json\/wp\/v2\/comments?post=15771"}],"version-history":[{"count":0,"href":"https:\/\/www.europesays.com\/fi\/wp-json\/wp\/v2\/posts\/15771\/revisions"}],"wp:featuredmedia":[{"embeddable":true,"href":"https:\/\/www.europesays.com\/fi\/wp-json\/wp\/v2\/media\/15772"}],"wp:attachment":[{"href":"https:\/\/www.europesays.com\/fi\/wp-json\/wp\/v2\/media?parent=15771"}],"wp:term":[{"taxonomy":"category","embeddable":true,"href":"https:\/\/www.europesays.com\/fi\/wp-json\/wp\/v2\/categories?post=15771"},{"taxonomy":"post_tag","embeddable":true,"href":"https:\/\/www.europesays.com\/fi\/wp-json\/wp\/v2\/tags?post=15771"}],"curies":[{"name":"wp","href":"https:\/\/api.w.org\/{rel}","templated":true}]}}