{"id":15777,"date":"2025-08-25T11:41:07","date_gmt":"2025-08-25T11:41:07","guid":{"rendered":"https:\/\/www.europesays.com\/fi\/15777\/"},"modified":"2025-08-25T11:41:07","modified_gmt":"2025-08-25T11:41:07","slug":"ihmisesta-loydettiin-tappava-lihansyojaloinen-uutissuomalainen","status":"publish","type":"post","link":"https:\/\/www.europesays.com\/fi\/15777\/","title":{"rendered":"Ihmisest\u00e4 l\u00f6ydettiin tappava lihansy\u00f6j\u00e4loinen | Uutissuomalainen"},"content":{"rendered":"<p>Ihmisest\u00e4 on l\u00f6ydetty tappava lihansy\u00f6j\u00e4loinen, kertoo uutistoimisto <a href=\"https:\/\/www.reuters.com\/business\/environment\/us-confirms-nations-first-travel-associated-human-screwworm-case-connected-2025-08-25\/\" rel=\"nofollow noopener\" target=\"_blank\">Reuters<\/a>.<\/p>\n<p>Yhdysvaltain terveysviranomaiset ovat vahvistaneet, ett\u00e4 Guatemalasta Yhdysvaltain Marylandiin palanneelta matkailijalta on l\u00f6ydetty ruuvimato, jonka nimi tulee madon tavasta porautua lihaan. Ruuvimatonaaraat munivat yleens\u00e4 el\u00e4imiin, joiden haavoihin ne j\u00e4tt\u00e4v\u00e4t munansa. Munien kuoriutuessa sadat ruuvimatojen toukat kaivautuvat el\u00e4v\u00e4\u00e4n lihaan ja hoitamattomina tappavat is\u00e4nt\u00e4ns\u00e4.<\/p>\n<p>Karjankasvattajat ovat k\u00e4rsineet ruuvimatotuhoista Keski-Amerikassa ja Meksikossa, mutta ennen t\u00e4t\u00e4 Yhdysvalloissa ei ole raportoitu tapauksista edes el\u00e4imill\u00e4 t\u00e4n\u00e4 vuonna.<\/p>\n<p>Tartunnan saanut ihminen on saatu hoidettua. Hoito on hyvin ty\u00f6l\u00e4s, sill\u00e4 se vaatii jopa satojen toukkien poistamisen ja haavojen perusteellisen desinfioinnin.<\/p>\n<p>Yhdysvaltain sosiaali- ja terveysministeri\u00f6n tiedottaja <strong>Andrew G. Nixon<\/strong> korostaa silti, ettei tavallisten ihmisten tarvitse olla ruuvimadoista huolissaan.<\/p>\n<p>\u2013\u2009Riski on hyvin pieni, Nixon sanoo.<\/p>\n","protected":false},"excerpt":{"rendered":"Ihmisest\u00e4 on l\u00f6ydetty tappava lihansy\u00f6j\u00e4loinen, kertoo uutistoimisto Reuters. Yhdysvaltain terveysviranomaiset ovat vahvistaneet, ett\u00e4 Guatemalasta Yhdysvaltain Marylandiin palanneelta matkailijalta&hellip;\n","protected":false},"author":2,"featured_media":15778,"comment_status":"","ping_status":"","sticky":false,"template":"","format":"standard","meta":{"footnotes":""},"categories":[14],"tags":[722,22,23,404,26,27,33,31,30,6114,17,24,25,6115,72,28,29,15,18,21,32,19,20,56,16,59,60,61,1638,534],"class_list":{"0":"post-15777","1":"post","2":"type-post","3":"status-publish","4":"format-standard","5":"has-post-thumbnail","7":"category-ulkomaat","8":"tag-amerikka","9":"tag-breaking-news","10":"tag-breakingnews","11":"tag-elaimet","12":"tag-featured-news","13":"tag-featurednews","14":"tag-fi","15":"tag-finland","16":"tag-finnish","17":"tag-guatemala","18":"tag-headlines","19":"tag-latest-news","20":"tag-latestnews","21":"tag-liha","22":"tag-luonto","23":"tag-main-news","24":"tag-mainnews","25":"tag-news","26":"tag-otsikot","27":"tag-paauutiset","28":"tag-suomi","29":"tag-top-stories","30":"tag-topstories","31":"tag-ulkomaat","32":"tag-uutiset","33":"tag-world","34":"tag-world-news","35":"tag-worldnews","36":"tag-yhdysvaltojen-osavaltiot","37":"tag-ymparisto-ja-luonto"},"share_on_mastodon":{"url":"","error":""},"_links":{"self":[{"href":"https:\/\/www.europesays.com\/fi\/wp-json\/wp\/v2\/posts\/15777","targetHints":{"allow":["GET"]}}],"collection":[{"href":"https:\/\/www.europesays.com\/fi\/wp-json\/wp\/v2\/posts"}],"about":[{"href":"https:\/\/www.europesays.com\/fi\/wp-json\/wp\/v2\/types\/post"}],"author":[{"embeddable":true,"href":"https:\/\/www.europesays.com\/fi\/wp-json\/wp\/v2\/users\/2"}],"replies":[{"embeddable":true,"href":"https:\/\/www.europesays.com\/fi\/wp-json\/wp\/v2\/comments?post=15777"}],"version-history":[{"count":0,"href":"https:\/\/www.europesays.com\/fi\/wp-json\/wp\/v2\/posts\/15777\/revisions"}],"wp:featuredmedia":[{"embeddable":true,"href":"https:\/\/www.europesays.com\/fi\/wp-json\/wp\/v2\/media\/15778"}],"wp:attachment":[{"href":"https:\/\/www.europesays.com\/fi\/wp-json\/wp\/v2\/media?parent=15777"}],"wp:term":[{"taxonomy":"category","embeddable":true,"href":"https:\/\/www.europesays.com\/fi\/wp-json\/wp\/v2\/categories?post=15777"},{"taxonomy":"post_tag","embeddable":true,"href":"https:\/\/www.europesays.com\/fi\/wp-json\/wp\/v2\/tags?post=15777"}],"curies":[{"name":"wp","href":"https:\/\/api.w.org\/{rel}","templated":true}]}}