{"id":15803,"date":"2025-08-25T12:09:09","date_gmt":"2025-08-25T12:09:09","guid":{"rendered":"https:\/\/www.europesays.com\/fi\/15803\/"},"modified":"2025-08-25T12:09:09","modified_gmt":"2025-08-25T12:09:09","slug":"pippa-laukalta-loydettiin-esisyopa-paatyi-kovaan-ratkaisuun","status":"publish","type":"post","link":"https:\/\/www.europesays.com\/fi\/15803\/","title":{"rendered":"Pippa Laukalta l\u00f6ydettiin esisy\u00f6p\u00e4 \u2013 P\u00e4\u00e4tyi kovaan ratkaisuun"},"content":{"rendered":"<p>Pippa Laukka tekee terveyspaljastuksen uudessa Kuumilla aalloilla -podcastissaan.<\/p>\n<p><img decoding=\"async\" class=\"image image-show image-preview\" src=\"https:\/\/www.europesays.com\/fi\/wp-content\/uploads\/2025\/08\/156401bf550aedb1b3b2b3624c38ed40b2072fd22b8abfdc2501d501fb476fc1.jpg\" alt=\"\"\/><img decoding=\"async\" class=\"image image-show\" src=\"https:\/\/www.europesays.com\/fi\/wp-content\/uploads\/2025\/08\/1756123749_854_156401bf550aedb1b3b2b3624c38ed40b2072fd22b8abfdc2501d501fb476fc1.jpg\" alt=\"\"\/><\/p>\n<p>Pippa Laukka tunnetaan ohjelmasta Olet mit\u00e4 sy\u00f6t. Pasi Liesimaa<\/p>\n<p class=\"paragraph\">Urheilul\u00e4\u00e4k\u00e4ri ja kirjailija <strong>Pippa Laukka<\/strong>, 55, tunnustaa uudessa <a href=\"https:\/\/play.pod.space\/kuumillaaalloilla\/mita-meille-ei-ole-kerrottu-vaihdevuosista\" target=\"_blank\" rel=\"noopener nofollow\">Kuumilla aalloilla<\/a> -podcastissaan, ett\u00e4 on v\u00e4ltellyt vaihdevuosista puhumista julkisuudessa. Syyn\u00e4 on se, ett\u00e4 h\u00e4n on pit\u00e4nyt sis\u00e4ll\u00e4\u00e4n suurta salaisuutta.<\/p>\n<p class=\"paragraph\">\u2013 Minulla ei ole ollut esivaihdevuosia. Se johtuu siit\u00e4, ett\u00e4 minulla oli&#8230; kai voisi sanoa, ett\u00e4 esisy\u00f6p\u00e4. Minulla menee kylm\u00e4t v\u00e4reet ja tulee tippa linssiin, kun kerron t\u00e4st\u00e4, koska t\u00e4m\u00e4 oli minulle niin hirve\u00e4 \u0161okki ja j\u00e4rkytys, Laukka paljastaa jaksossa.<\/p>\n<p class=\"paragraph\">Laukka kertoo t\u00e4ytt\u00e4neens\u00e4 juuri 40, kun h\u00e4n sai kutsun seulontatarkastukseen. Aluksi h\u00e4n ei n\u00e4hnyt sit\u00e4 tarpeellisena, koska oli kaksi kuukautta aiemmin k\u00e4ynyt gynekologillaan ja saanut papakokeesta puhtaat paperit.<\/p>\n<p class=\"paragraph\">Lopulta Laukka p\u00e4\u00e4tti menn\u00e4 seulontatarkastukseen ja sai my\u00f6hemmin kuulla pys\u00e4ytt\u00e4v\u00e4n tuloksen, kun h\u00e4n ty\u00f6skenteli maajoukkueessa l\u00e4\u00e4k\u00e4rin\u00e4 Portugalissa Algarvessa. Papakokeessa oli \u201desisy\u00f6p\u00e4l\u00f6yd\u00f6s\u201d, eli papakokeen kolmatta luokkaa. Laukan mukaan se tarkoittaa, ett\u00e4 osassa soluissa on sy\u00f6p\u00e4muutoksia.<\/p>\n<p class=\"paragraph\">\u2013 Tulin Suomeen ihan itku kurkussani ja olin ihan henkitoreissani. Sitten alkoi tutkimukset. Minulla ei siis ollut mit\u00e4\u00e4n kuukautish\u00e4iri\u00f6it\u00e4 tai mit\u00e4\u00e4n esivaiheoireita, h\u00e4n lis\u00e4\u00e4.<\/p>\n<p>Pippa Laukka n\u00e4hd\u00e4\u00e4n t\u00e4n\u00e4 syksyn\u00e4 Tanssii t\u00e4htien kanssa -ohjelmassa. KAISA VEHKALAHTI<\/p>\n<p class=\"paragraph\">Laukan mukaan h\u00e4nell\u00e4 ei ollut mink\u00e4\u00e4nlaisia esivaiheoireita tai kuukautish\u00e4iri\u00f6it\u00e4. H\u00e4nelle ehdotettiin eri vaihtoehtoja  hoidon suhteen. Laukka p\u00e4\u00e4tyi kuitenkin toisenlaiseen ratkaisuun, sill\u00e4 ajatteli h\u00e4nen lapsikiinti\u00f6ns\u00e4 olevan t\u00e4ynn\u00e4. Laukalla on kolme lasta.<\/p>\n<p class=\"paragraph\">\u2013 P\u00e4\u00e4dyimme l\u00e4\u00e4k\u00e4rini kanssa, ett\u00e4 kohtu pois, Laukka kertoo.<\/p>\n<p class=\"paragraph\">\u2013 Siit\u00e4 meni ehk\u00e4 pari kuukautta, kun minulla h\u00e4visi unet. Olin toista vuotta uneton. Se oli aivan hirve\u00e4\u00e4. Ja min\u00e4 l\u00e4\u00e4k\u00e4rin\u00e4 en osannut yhdist\u00e4\u00e4 kohdun poistoa ja unettomuutta, h\u00e4n jatkaa.<\/p>\n<p>Pippa Laukka menetti unensa kohdun poistamisen j\u00e4lkeen. Pasi Liesimaa<\/p>\n<p class=\"paragraph\">Laukan mukaan h\u00e4nell\u00e4 alkoi kohdun poiston j\u00e4lkeen vaihdevuodet, vaikka h\u00e4nen l\u00e4\u00e4k\u00e4rins\u00e4 v\u00e4itti, ett\u00e4 niin ei k\u00e4visi, koska h\u00e4nelt\u00e4 ei poistettu munasarjoja.<\/p>\n<p class=\"paragraph\">\u2013 Pahinta oli se, ett\u00e4 en nukahtanut. Ihan hirve\u00e4\u00e4. Siit\u00e4 tuli kriiseys kohdun poistosta. N\u00e4in unia, ett\u00e4 olin raskaana ja her\u00e4sin siihen, ett\u00e4 vatsani on tyhj\u00e4. Se oli todella henkist\u00e4, Laukka sanoo.<\/p>\n<p class=\"paragraph\">\u2013 Kohdun poistosta oli kulunut noin 7\u20138 vuotta, kun tilanne tasaantui. Se oli todella monta vuotta ja minulla ei aloitettu mit\u00e4\u00e4n l\u00e4\u00e4kityst\u00e4k\u00e4\u00e4n siihen. J\u00e4lkeenp\u00e4in ajateltuna ehk\u00e4 olisin vaatinut v\u00e4h\u00e4n aktiivisempaa hoitoa, h\u00e4n toteaa.<\/p>\n<p class=\"paragraph\">My\u00f6hemmin Laukalta poistettiin my\u00f6s munasarjat, sill\u00e4 ne olivat kiertyneet. Silloin h\u00e4nen unensa h\u00e4visiv\u00e4t j\u00e4lleen.<\/p>\n<p class=\"paragraph\">\u2013 Silloin osasin olla v\u00e4h\u00e4n vaativampi. Mutta minua v\u00e4h\u00e4n harmittaa se, ett\u00e4 pit\u00e4\u00e4 vaatia, h\u00e4n toteaa.<\/p>\n","protected":false},"excerpt":{"rendered":"Pippa Laukka tekee terveyspaljastuksen uudessa Kuumilla aalloilla -podcastissaan. Pippa Laukka tunnetaan ohjelmasta Olet mit\u00e4 sy\u00f6t. Pasi Liesimaa Urheilul\u00e4\u00e4k\u00e4ri&hellip;\n","protected":false},"author":2,"featured_media":15804,"comment_status":"","ping_status":"","sticky":false,"template":"","format":"standard","meta":{"footnotes":""},"categories":[5],"tags":[35,22,23,26,27,33,31,30,17,1391,24,25,28,29,877,15,18,21,874,32,502,167,19,20,16],"class_list":{"0":"post-15803","1":"post","2":"type-post","3":"status-publish","4":"format-standard","5":"has-post-thumbnail","7":"category-otsikot","8":"tag-24h","9":"tag-breaking-news","10":"tag-breakingnews","11":"tag-featured-news","12":"tag-featurednews","13":"tag-fi","14":"tag-finland","15":"tag-finnish","16":"tag-headlines","17":"tag-ihmisten-ja-elainten-ruumiit","18":"tag-latest-news","19":"tag-latestnews","20":"tag-main-news","21":"tag-mainnews","22":"tag-naissukupuoli","23":"tag-news","24":"tag-otsikot","25":"tag-paauutiset","26":"tag-sukupuolet","27":"tag-suomi","28":"tag-terveydenhoito","29":"tag-terveys","30":"tag-top-stories","31":"tag-topstories","32":"tag-uutiset"},"share_on_mastodon":{"url":"","error":""},"_links":{"self":[{"href":"https:\/\/www.europesays.com\/fi\/wp-json\/wp\/v2\/posts\/15803","targetHints":{"allow":["GET"]}}],"collection":[{"href":"https:\/\/www.europesays.com\/fi\/wp-json\/wp\/v2\/posts"}],"about":[{"href":"https:\/\/www.europesays.com\/fi\/wp-json\/wp\/v2\/types\/post"}],"author":[{"embeddable":true,"href":"https:\/\/www.europesays.com\/fi\/wp-json\/wp\/v2\/users\/2"}],"replies":[{"embeddable":true,"href":"https:\/\/www.europesays.com\/fi\/wp-json\/wp\/v2\/comments?post=15803"}],"version-history":[{"count":0,"href":"https:\/\/www.europesays.com\/fi\/wp-json\/wp\/v2\/posts\/15803\/revisions"}],"wp:featuredmedia":[{"embeddable":true,"href":"https:\/\/www.europesays.com\/fi\/wp-json\/wp\/v2\/media\/15804"}],"wp:attachment":[{"href":"https:\/\/www.europesays.com\/fi\/wp-json\/wp\/v2\/media?parent=15803"}],"wp:term":[{"taxonomy":"category","embeddable":true,"href":"https:\/\/www.europesays.com\/fi\/wp-json\/wp\/v2\/categories?post=15803"},{"taxonomy":"post_tag","embeddable":true,"href":"https:\/\/www.europesays.com\/fi\/wp-json\/wp\/v2\/tags?post=15803"}],"curies":[{"name":"wp","href":"https:\/\/api.w.org\/{rel}","templated":true}]}}