{"id":15805,"date":"2025-08-25T12:13:08","date_gmt":"2025-08-25T12:13:08","guid":{"rendered":"https:\/\/www.europesays.com\/fi\/15805\/"},"modified":"2025-08-25T12:13:08","modified_gmt":"2025-08-25T12:13:08","slug":"puolustus-ilmailu-avaruus-ja-turvallisuusteollisuus-uramahdollisuuksia-tulevaisuuden-osaajille","status":"publish","type":"post","link":"https:\/\/www.europesays.com\/fi\/15805\/","title":{"rendered":"Puolustus-, ilmailu-, avaruus- ja turvallisuusteollisuus \u2013 uramahdollisuuksia tulevaisuuden osaajille"},"content":{"rendered":"<p>\t\t\t\t<a href=\"https:\/\/teknologiateollisuus.fi\/pia\/\" rel=\"nofollow noopener\" target=\"_blank\">Etusivu<\/a>  <a href=\"https:\/\/teknologiateollisuus.fi\/pia\/ajankohtaista\/\" rel=\"nofollow noopener\" target=\"_blank\">Ajankohtaista<\/a>  Puolustus-, ilmailu-, avaruus- ja turvallisuusteollisuus \u2013 uramahdollisuuksia tulevaisuuden osaajille\t\t\t\t\t<\/p>\n<p>\n\t\t\t\t\t\t25.8.2025\t\t\t\t\t\t &#8211; Uutiset ja tiedotteet\t\t\t\t\t<\/p>\n<p>\t\t\t\t\t  <img loading=\"lazy\" decoding=\"async\" width=\"968\" height=\"646\" src=\"https:\/\/www.europesays.com\/fi\/wp-content\/uploads\/2025\/08\/ICEYE_SAR_Satellite_Testing_in_Anechoic_Chamber_2-968x646.jpg\" class=\"attachment-large size-large wp-post-image\" alt=\"\"\/> Image: ICEYE  <\/p>\n<p><strong>Puolustus-, ilmailu-, avaruus- ja turvallisuusteollisuus \u2013 uramahdollisuuksia tulevaisuuden osaajille<\/strong><\/p>\n<p>Suomessa toimiva puolustus-, ilmailu-, avaruus- ja turvallisuusteollisuus on kansainv\u00e4lisesti verkottunut, teknologisesti huipputasoinen ja merkitt\u00e4v\u00e4 ty\u00f6llist\u00e4j\u00e4. PIA:n j\u00e4senyritykset etsiv\u00e4t nyt uusia osaajia vahvistamaan kriittisi\u00e4 kyvykkyyksi\u00e4 \u2013 niin kokeneista ammattilaisista kuin opiskelijoista, jotka haluavat rakentaa yhdess\u00e4 turvallisempaa tulevaisuutta.<\/p>\n<p>Puolustus-, ilmailu-, avaruus- ja turvallisuusteollisuus yhdist\u00e4\u00e4 korkean teknologian, huipputason insin\u00f6\u00f6riosaamisen ja yhteiskunnallisesti merkitt\u00e4v\u00e4n teht\u00e4v\u00e4n. Ala tarjoaa ty\u00f6paikkoja, joissa p\u00e4\u00e4set kehitt\u00e4m\u00e4\u00e4n ratkaisuja, jotka turvaavat Suomen ja sen kansainv\u00e4listen kumppaneiden turvallisuutta sek\u00e4 luovat innovaatioita siviilik\u00e4ytt\u00f6\u00f6n.<\/p>\n<p>PIA:n j\u00e4senyritykset panostavat voimakkaasti tutkimus-, kehitys- ja innovaatiotoimintaan, mik\u00e4 osaltaan avaa urapolkuja esimerkiksi:<\/p>\n<ul class=\"wp-block-list\">\n<li>insin\u00f6\u00f6reille ja teknologiaosaajille<\/li>\n<\/ul>\n<ul class=\"wp-block-list\">\n<li>ohjelmisto- ja kyberturvallisuuden asiantuntijoille<\/li>\n<\/ul>\n<ul class=\"wp-block-list\">\n<li>tuotannon ja projektinhallinnan ammattilaisille<\/li>\n<\/ul>\n<ul class=\"wp-block-list\">\n<li>tutkimuksen, datan ja analytiikan tekij\u00f6ille<\/li>\n<li>ja monille muilta koulutusalalta tuleville.<\/li>\n<\/ul>\n<p>\u201dAla tarvitsee nyt ja tulevaisuudessa monipuolista osaamista. Alan ty\u00f6paikkoja on saatavilla valtakunnallisesti, mik\u00e4 vahvistaa sen vetovoimaa. Haluamme, ett\u00e4 yh\u00e4 useampi l\u00f6yt\u00e4\u00e4 paikkansa t\u00e4st\u00e4 dynaamisesta ja kasvavasta teollisuudesta \u2013 ja n\u00e4kee sen merkityksellisen\u00e4 uravaihtoehtona.\u201d, kommentoi PIA ry:n p\u00e4\u00e4sihteeri Tuija Karanko.<\/p>\n<p>Tulevaisuus tarvitsee tekij\u00f6it\u00e4 \u2013 ja jokainen osaaja rakentaa turvallisempaa huomista.<\/p>\n<p>Lue lis\u00e4\u00e4 ja tutustu uramahdollisuuksiin:<\/p>\n","protected":false},"excerpt":{"rendered":"Etusivu Ajankohtaista Puolustus-, ilmailu-, avaruus- ja turvallisuusteollisuus \u2013 uramahdollisuuksia tulevaisuuden osaajille 25.8.2025 &#8211; Uutiset ja tiedotteet Image: ICEYE&hellip;\n","protected":false},"author":2,"featured_media":15806,"comment_status":"","ping_status":"","sticky":false,"template":"","format":"standard","meta":{"footnotes":""},"categories":[114],"tags":[453,33,31,30,118,452,32,119],"class_list":{"0":"post-15805","1":"post","2":"type-post","3":"status-publish","4":"format-standard","5":"has-post-thumbnail","7":"category-avaruus","8":"tag-avaruus","9":"tag-fi","10":"tag-finland","11":"tag-finnish","12":"tag-science","13":"tag-space","14":"tag-suomi","15":"tag-tiede"},"share_on_mastodon":{"url":"","error":""},"_links":{"self":[{"href":"https:\/\/www.europesays.com\/fi\/wp-json\/wp\/v2\/posts\/15805","targetHints":{"allow":["GET"]}}],"collection":[{"href":"https:\/\/www.europesays.com\/fi\/wp-json\/wp\/v2\/posts"}],"about":[{"href":"https:\/\/www.europesays.com\/fi\/wp-json\/wp\/v2\/types\/post"}],"author":[{"embeddable":true,"href":"https:\/\/www.europesays.com\/fi\/wp-json\/wp\/v2\/users\/2"}],"replies":[{"embeddable":true,"href":"https:\/\/www.europesays.com\/fi\/wp-json\/wp\/v2\/comments?post=15805"}],"version-history":[{"count":0,"href":"https:\/\/www.europesays.com\/fi\/wp-json\/wp\/v2\/posts\/15805\/revisions"}],"wp:featuredmedia":[{"embeddable":true,"href":"https:\/\/www.europesays.com\/fi\/wp-json\/wp\/v2\/media\/15806"}],"wp:attachment":[{"href":"https:\/\/www.europesays.com\/fi\/wp-json\/wp\/v2\/media?parent=15805"}],"wp:term":[{"taxonomy":"category","embeddable":true,"href":"https:\/\/www.europesays.com\/fi\/wp-json\/wp\/v2\/categories?post=15805"},{"taxonomy":"post_tag","embeddable":true,"href":"https:\/\/www.europesays.com\/fi\/wp-json\/wp\/v2\/tags?post=15805"}],"curies":[{"name":"wp","href":"https:\/\/api.w.org\/{rel}","templated":true}]}}