{"id":15807,"date":"2025-08-25T12:19:28","date_gmt":"2025-08-25T12:19:28","guid":{"rendered":"https:\/\/www.europesays.com\/fi\/15807\/"},"modified":"2025-08-25T12:19:28","modified_gmt":"2025-08-25T12:19:28","slug":"samsung-esittelee-kestavia-ammattilaismalleja-galaxy-xcover7-a-galaxy-tab-active5-pro-samsung-magazine","status":"publish","type":"post","link":"https:\/\/www.europesays.com\/fi\/15807\/","title":{"rendered":"Samsung esittelee kest\u00e4vi\u00e4 ammattilaismalleja Galaxy XCover7 a Galaxy Tab Active5 Pro \u2013 Samsung Magazine"},"content":{"rendered":"<p>Samsung esittelee kaksi uutta kest\u00e4v\u00e4\u00e4 mobiililaitetta \u2013 \u00e4lypuhelimen Galaxy XCover7 Pro ja tabletti Galaxy Tab Active5 Pro. Molemmissa tapauksissa n\u00e4m\u00e4 ovat ammattik\u00e4ytt\u00f6\u00f6n tarkoitettuja laitteita vaativiin ty\u00f6olosuhteisiin, jotka jatkavat kest\u00e4vien Samsung-mallien rikasta perinnett\u00e4.<\/p>\n<p class=\"gt-block\">Ne ovat monipuolisia, k\u00e4ytt\u00f6tarkoitukseen optimoituja ja eritt\u00e4in turvallisia. Huippuluokan kest\u00e4vyyden lis\u00e4ksi ne tarjoavat luotettavaa suorituskyky\u00e4 ja sopivat erinomaisesti ty\u00f6skentelyyn niin maastossa kuin toimistossakin. <strong>Uusia malleja Galaxy XCover7 a Galaxy Tab Active5 Pro tulee myyntiin T\u0161ekin tasavallassa toukokuun 2025 alusta alkaen.<\/strong><\/p>\n<p>Puhelimen varusteisiin XCover7 Pro Tab Active5 Pro -tabletissa on my\u00f6s 5G, parannettu prosessori ja enemm\u00e4n muistia, joten kiinnostuneet voivat odottaa parempaa suorituskyky\u00e4 ja luotettavuutta. XCover7 Pro tarjoaa muun muassa uusia stereokaiuttimia, joissa on palautetta est\u00e4v\u00e4 tekniikka, jotka ovat hy\u00f6dyllisi\u00e4 soitettaessa kent\u00e4ll\u00e4. Molemmissa laitteissa on tehokkaampi akku \u2013 for XCover7 Pro ylt\u00e4\u00e4 4350 mAh:iin, Tab Active5 Pro -tabletti tarjoaa jopa 10100 mAh vaativaan ty\u00f6h\u00f6n. Tab Active5 Pro tukee my\u00f6s Dual Hot-Swap -toimintoa, mik\u00e4 tarkoittaa, ett\u00e4 voit vaihtaa akun laitteen ollessa k\u00e4ynniss\u00e4.<\/p>\n<p><strong>Kest\u00e4v\u00e4 rakenne mihin tahansa ymp\u00e4rist\u00f6\u00f6n<\/strong><\/p>\n<p>Galaxy XCover7 Minulle Galaxy Tab Suunnittelunsa ansiosta Active5 Pro pystyy k\u00e4sittelem\u00e4\u00e4n kentt\u00e4ty\u00f6t\u00e4 k\u00e4yt\u00e4nn\u00f6ss\u00e4 miss\u00e4 tahansa kent\u00e4ss\u00e4 ja ymp\u00e4rist\u00f6ss\u00e4. Molemmat mallit ovat k\u00e4yneet l\u00e4pi vaativat kest\u00e4vyystestit ja erinomaiset tulokset osoittavat, ett\u00e4 ne eiv\u00e4t pys\u00e4hdy \u00e4\u00e4rimm\u00e4isen vaikeissakaan olosuhteissa. Molemmilla on IP68-vesi- ja p\u00f6lynkest\u00e4vyyssertifikaatti, joten he eiv\u00e4t v\u00e4lit\u00e4 pelk\u00e4st\u00e4\u00e4n sateesta tai satunnaisesta suihkusta, vaan my\u00f6s t\u00e4ydellisest\u00e4 veteen upottamisesta.<\/p>\n<p>Tab Active5 Pro -tabletti on varustettu kyn\u00e4ll\u00e4 S Pen \u2014 ty\u00f6skennelt\u00e4ess\u00e4 kent\u00e4ll\u00e4 asiakirjojen, lomakkeiden tai tietojen parissa yleens\u00e4, se on olennainen ty\u00f6kalu, joka parantaa merkitt\u00e4v\u00e4sti laitteen toimivuutta my\u00f6s kosteassa ymp\u00e4rist\u00f6ss\u00e4. Lis\u00e4ksi molemmat laitteet ovat l\u00e4p\u00e4isseet kest\u00e4vyystestit yleisi\u00e4 desinfiointiaineita vastaan, joten ne kest\u00e4v\u00e4t toistuvaa puhdistusta.<\/p>\n<p>Toinen MIL-STD-810H-sertifikaatti osoittaa kest\u00e4vyyden putoamista, \u00e4\u00e4rimm\u00e4isi\u00e4 l\u00e4mp\u00f6tiloja ja t\u00e4rin\u00e4\u00e4 vastaan, kun taas Corning Gorilla Glass Victus+ -suojuslasi suojaa Tab Active5 Pron n\u00e4ytt\u00f6\u00e4 naarmuilta ja halkeamilta. V\u00e4hitt\u00e4iskaupan, valtion ja valmistusalan ty\u00f6ntekij\u00e4t arvostavat ep\u00e4ilem\u00e4tt\u00e4 molempien mallien parannettua kosketusherkkyytt\u00e4, jonka ansiosta niit\u00e4 voidaan k\u00e4ytt\u00e4\u00e4 my\u00f6s sopivilla hanskoilla.<\/p>\n<p>            \t\t    <a href=\"https:\/\/samsungmagazine.eu\/fi\/2025\/04\/14\/galaxy-xcover7-pro\/samsung-mobile-galaxy-xcover7-pro-and-galaxy-tab-active5-pro-ruggedized-devices_dl6\/\" title=\"Avaa t\u00e4ydell\u00e4 resoluutiolla\" rel=\"nofollow noopener\" target=\"_blank\"><\/p>\n<p>    <img decoding=\"async\" class=\"lazyload landscape \"  data- src=\"https:\/\/www.europesays.com\/fi\/wp-content\/uploads\/2025\/08\/Samsung-Mobile-Galaxy-XCover7-Pro-and-Galaxy-Tab-Active5-Pro-Ruggedized-Devices_dl6.jpg\" title=\"Samsung-Mobile-Galaxy-XCover7-Pro-ja-Galaxy-Tab-Active5-Pro-Rugged-Devices_dl6\" alt=\"Samsung Mobile Galaxy XCover7 Pro ja Galaxy Tab Active5 Pro -kest\u00e4v\u00e4t laitteet dl6\" data-caption=\"\" data-orig-width=\"8268\" data-orig-height=\"5263\"\/><br \/>\n            <\/a><\/p>\n<p>Molemmissa malleissa on my\u00f6s kuvantamistekniikka Vision Booster, joka parantaa n\u00e4yt\u00f6n n\u00e4kyvyytt\u00e4 kirkkaassa p\u00e4iv\u00e4nvalossa. Tabletille Galaxy Tab Active5 Pro saavuttaa maxN\u00e4yt\u00f6n maksimikirkkaus on 600 niti\u00e4, mik\u00e4 on merkitt\u00e4v\u00e4 parannus edellisen mallin 480 nitiin verrattuna \u2013 mik\u00e4 itsess\u00e4\u00e4n on k\u00e4tev\u00e4\u00e4 erilaisissa kentt\u00e4ty\u00f6tilanteissa, olipa kyseess\u00e4 sitten tiedon lukeminen tai ty\u00f6prosessien hallinta. K\u00e4ytt\u00e4j\u00e4t voivat odottaa selke\u00e4mp\u00e4\u00e4 kontrastia, parempaa s\u00e4vy\u00e4 ja parempaa n\u00e4kyvyytt\u00e4 kirkkaassa auringonvalossa.<\/p>\n<p><strong>AI ei puuttuu<\/strong><\/p>\n<p>Uusimmat ominaisuudet, kuten Circle to Search with Google, Eraser for objects, AI Selection tai Read Aloud ovat saatavilla \u2013 kaikki n\u00e4m\u00e4 ty\u00f6kalut mahdollistavat tehokkaamman ty\u00f6n, v\u00e4hent\u00e4v\u00e4t manuaalista ty\u00f6t\u00e4 ja parantavat yksitt\u00e4isten teht\u00e4vien tarkkuutta. Puhelin Galaxy XCover7 Pro on varustettu Snapdragon 7s Gen 3 Mobile Platform (4nm Octa-Core) -piirisarjalla, jolla on optimoitu suorituskyky ja prosessorinopeus. Sama piirisarja l\u00f6ytyy Tab Active5 Pro -tabletista sek\u00e4 enemm\u00e4n muistia ja tallennustilaa.storem.<\/p>\n<p>            \t\t    <a href=\"https:\/\/samsungmagazine.eu\/fi\/2025\/04\/14\/galaxy-xcover7-pro\/samsung-mobile-galaxy-xcover7-pro-and-galaxy-tab-active5-pro-ruggedized-devices_dl3\/\" title=\"Avaa t\u00e4ydell\u00e4 resoluutiolla\" rel=\"nofollow noopener\" target=\"_blank\"><\/p>\n<p>    <img decoding=\"async\" class=\"lazyload landscape \"  data- src=\"https:\/\/www.europesays.com\/fi\/wp-content\/uploads\/2025\/08\/Samsung-Mobile-Galaxy-XCover7-Pro-and-Galaxy-Tab-Active5-Pro-Ruggedized-Devices_dl3.jpg\" title=\"Samsung-Mobile-Galaxy-XCover7-Pro-ja-Galaxy-Tab-Active5-Pro-Rugged-Devices_dl3\" alt=\"Samsung Mobile Galaxy XCover7 Pro ja Galaxy Tab Active5 Pro -kest\u00e4v\u00e4t laitteet dl3\" data-caption=\"\" data-orig-width=\"8268\" data-orig-height=\"5229\"\/><br \/>\n            <\/a><\/p>\n<p class=\"gt-block\">Oikeina ammattimalleina molemmat laitteet on varustettu j\u00e4rjestelm\u00e4ll\u00e4 Samsung DeX, molempien laitteiden toinen etu ovat ohjelmoitavat painikkeet, joilla voidaan k\u00e4ynnist\u00e4\u00e4 useimmin k\u00e4ytetyt sovellukset (esim. viivakoodin skannaus, radiopuhelintila tai h\u00e4t\u00e4viestit). Voit lukea virallisen lehdist\u00f6tiedotteen kaikista uusista ominaisuuksista <a href=\"https:\/\/news.samsung.com\/cz\/samsung-predstavuje-odolne-profesionalni-modely-galaxy-xcover7-pro-a-galaxy-tab-active5-pro\" rel=\"nofollow noopener\" target=\"_blank\">zde<\/a>.<\/p>\n<p>Cena Galaxy XCover7 a Galaxy Tab Active5 Pro<\/p>\n<ul>\n<li>Galaxy XCover7 Pro 6 + 128 Gt: 14 999 CZK<\/li>\n<li>Galaxy Tab Active5 Pro 5G 6 + 128 Gt: 19 999 CZK<\/li>\n<li>Galaxy Tab Active5 Pro 6 + 128 Gt: 17 499 CZK<\/li>\n<\/ul>\n","protected":false},"excerpt":{"rendered":"Samsung esittelee kaksi uutta kest\u00e4v\u00e4\u00e4 mobiililaitetta \u2013 \u00e4lypuhelimen Galaxy XCover7 Pro ja tabletti Galaxy Tab Active5 Pro. Molemmissa&hellip;\n","protected":false},"author":2,"featured_media":15808,"comment_status":"","ping_status":"","sticky":false,"template":"","format":"standard","meta":{"footnotes":""},"categories":[86],"tags":[420,33,31,30,421,32,91,92],"class_list":{"0":"post-15807","1":"post","2":"type-post","3":"status-publish","4":"format-standard","5":"has-post-thumbnail","7":"category-laitteet","8":"tag-equipment","9":"tag-fi","10":"tag-finland","11":"tag-finnish","12":"tag-laitteet","13":"tag-suomi","14":"tag-technology","15":"tag-teknologia"},"share_on_mastodon":{"url":"","error":""},"_links":{"self":[{"href":"https:\/\/www.europesays.com\/fi\/wp-json\/wp\/v2\/posts\/15807","targetHints":{"allow":["GET"]}}],"collection":[{"href":"https:\/\/www.europesays.com\/fi\/wp-json\/wp\/v2\/posts"}],"about":[{"href":"https:\/\/www.europesays.com\/fi\/wp-json\/wp\/v2\/types\/post"}],"author":[{"embeddable":true,"href":"https:\/\/www.europesays.com\/fi\/wp-json\/wp\/v2\/users\/2"}],"replies":[{"embeddable":true,"href":"https:\/\/www.europesays.com\/fi\/wp-json\/wp\/v2\/comments?post=15807"}],"version-history":[{"count":0,"href":"https:\/\/www.europesays.com\/fi\/wp-json\/wp\/v2\/posts\/15807\/revisions"}],"wp:featuredmedia":[{"embeddable":true,"href":"https:\/\/www.europesays.com\/fi\/wp-json\/wp\/v2\/media\/15808"}],"wp:attachment":[{"href":"https:\/\/www.europesays.com\/fi\/wp-json\/wp\/v2\/media?parent=15807"}],"wp:term":[{"taxonomy":"category","embeddable":true,"href":"https:\/\/www.europesays.com\/fi\/wp-json\/wp\/v2\/categories?post=15807"},{"taxonomy":"post_tag","embeddable":true,"href":"https:\/\/www.europesays.com\/fi\/wp-json\/wp\/v2\/tags?post=15807"}],"curies":[{"name":"wp","href":"https:\/\/api.w.org\/{rel}","templated":true}]}}