{"id":158089,"date":"2026-02-01T11:11:09","date_gmt":"2026-02-01T11:11:09","guid":{"rendered":"https:\/\/www.europesays.com\/fi\/158089\/"},"modified":"2026-02-01T11:11:09","modified_gmt":"2026-02-01T11:11:09","slug":"jasmin-vahakankaan-instagram-moka-ja-pelottava-hetki-vauvan-kanssa","status":"publish","type":"post","link":"https:\/\/www.europesays.com\/fi\/158089\/","title":{"rendered":"Jasmin V\u00e4h\u00e4kankaan Instagram-moka ja pelottava hetki vauvan kanssa"},"content":{"rendered":"<p>            Markku Ruottinen\n        <\/p>\n<p class=\"subtitle \">Jasmin my\u00f6nt\u00e4\u00e4 hassun k\u00f6mm\u00e4hdyksens\u00e4 Instagramissa.<\/p>\n<p class=\"article-content article-content-width !bg-background\">\u00a0(os.) on rauhoittunut herttaisen perhe-el\u00e4m\u00e4n pariin puolisonsa\u00a0kanssa. Parille syntyi maaliskuussa 2025 poikavauva.<\/p>\n<p class=\"font-weight-bold m-font-weight-bold article-content article-content-width !bg-background\">Video: Jasmin kertoo pelottavasta hetkest\u00e4 vauvan kanssa<\/p>\n<p class=\"article-content article-content-width !bg-background\">Pieni\u00a0on parin kuukauden p\u00e4\u00e4st\u00e4 jo vuoden ik\u00e4inen, ja niinp\u00e4 h\u00e4n on saanut alkaa opetella jo erilaisia kiinteit\u00e4 ruokia maidon lis\u00e4ksi.<\/p>\n<p class=\"article-content article-content-width !bg-background\">N\u00e4ist\u00e4 tunnelmista Jasmin jakoi Instagram-videon varhain lauantaiaamuna (31.1.). Videolla Ossian istuu sy\u00f6tt\u00f6tuolissa perheen kodin keitti\u00f6ss\u00e4, ja saa maisteltavakseen uuden, varsin voimakkaan maun.<\/p>\n<p class=\"article-content article-content-width !bg-background\">\u2013\u00a0Aamukuudelta lauantain maisteltiin Ossianin el\u00e4m\u00e4n ensimm\u00e4ist\u00e4 sitruunaa,\u00a0Jasmin kertoo videon ohessa.<\/p>\n<p class=\"article-content article-content-width !bg-background\">Sitruuna n\u00e4ytt\u00e4\u00e4 kelpaavan pienelle pojalle, joka maistaa sit\u00e4 toistamiseenkin pienen harkinnan j\u00e4lkeen.<\/p>\n<p class=\"article-content article-content-width !bg-background\">Tarkkasilm\u00e4iset saattavat huomata, ett\u00e4 sitruunaa maistelevan lapsen taustalla n\u00e4kyy videolla peili, ja peiliss\u00e4 voi n\u00e4hd\u00e4 ilmeisen v\u00e4h\u00e4pukeisen Jasminin.<\/p>\n<p class=\"article-content article-content-width !bg-background\">Peilin huomasi my\u00f6s Jasmin, joka my\u00f6nt\u00e4\u00e4 hassun mokansa julkaisunsa kommenttikent\u00e4ss\u00e4.<\/p>\n<p class=\"article-content article-content-width !bg-background\">\u2013\u00a0Ja min\u00e4 ilman housuja, totta kai,\u00a0h\u00e4n kuittaa kommentissaan.<\/p>\n<p class=\"article-content article-content-width !bg-background\">Alati kultaansa tukeva Marko k\u00e4vi oitis j\u00e4tt\u00e4m\u00e4ss\u00e4 vitsikk\u00e4\u00e4n kommentin Jasminin tunnustuksen alle.<\/p>\n<p class=\"article-content article-content-width !bg-background\">\u2013\u00a0ei sit\u00e4 kukaan huomaa,\u00a0h\u00e4n lohduttaa, ja lis\u00e4\u00e4 per\u00e4\u00e4n emojin, jonka suusta valuu kuolaa.<\/p>\n<p>        <a itemprop=\"url\" href=\"https:\/\/www.seiska.fi\/kotimaa\/jasmin-vahakankaalta-kovia-vaitteita-vappu-pimiasta-nain-kommentoi-vappu\/2021415\" rel=\"nofollow noopener\" target=\"_blank\"><\/p>\n<p>\nN\u00e4in Vappu kommentoi\n<\/p>\n<p class=\"section-date\">\n        <strong class=\"article-section\" data-section=\"kotimaa\"><br \/>\n            kotimaa<br \/>\n        <\/strong><br \/>\n        14.12.2025 18:30\n    <\/p>\n<p>Jasmin V\u00e4h\u00e4kankaalta kovia v\u00e4itteit\u00e4 Vappu Pimi\u00e4st\u00e4 \u2013 n\u00e4in kommentoi Vappu!\n    <\/p>\n<p itemprop=\"description\" class=\"subtitle \">\n    Miss Suomi -kohu sen kuin jatkuu. Nyt asiaan ottaa kantaa Jasmin V\u00e4h\u00e4kangas, joka esitt\u00e4\u00e4 my\u00f6s v\u00e4itteit\u00e4 Vappu Pimi\u00e4st\u00e4.\n<\/p>\n<p>        <\/a><\/p>\n<p>Kauhun hetket<\/p>\n<p class=\"article-content article-content-width !bg-background\">Jasminin ja Markon vanhemmuus on pitk\u00e4lti sujunut ilman suuria s\u00e4ik\u00e4ytyksi\u00e4. Kuitenkin lokakuussa perhett\u00e4 kohtasi j\u00e4rkytys, kun Ossian lopetti t\u00e4ysin yht\u00e4kki\u00e4 hengitt\u00e4misen.<\/p>\n<p class=\"article-content article-content-width !bg-background\">\u2013 Marko soitti h\u00e4t\u00e4keskukseen ja sitten vauvan huulet alkoivat jo sinert\u00e4\u00e4. Syd\u00e4n kuitenkin l\u00f6i ja Marko aloitti vauvan tekohengitt\u00e4misen h\u00e4t\u00e4keskuksen ohjeiden mukaan, Jasmin muisteli tapahtunutta Seiskalle taannoin.<\/p>\n<p class=\"article-content article-content-width !bg-background\">Muutaman puhalluksen j\u00e4lkeen Ossian alkoi taas hengitt\u00e4\u00e4, ja pelastushenkil\u00f6kuntakin saapui nopeasti paikalle.<\/p>\n<p class=\"article-content article-content-width !bg-background\">\u2013 \u00c4itiydest\u00e4 sanotaan, ett\u00e4 se on ihanaa ja kauheaa. Nyt ymm\u00e4rsin my\u00f6s tuon j\u00e4lkimm\u00e4isen. Pelk\u00e4sin vauvani kuolevan, Jasmin kertoo ajatuksistaan.<\/p>\n<p class=\"article-content article-content-width !bg-background\">Vauvaa tutkittiin sairaalassa kolmen vuorokauden ajan. Lopulta kohtaukselle ei l\u00f6ytynyt l\u00e4\u00e4ketieteellist\u00e4 syyt\u00e4.<\/p>\n<p>        <a itemprop=\"url\" href=\"https:\/\/www.seiska.fi\/vain-seiskassa\/jasmin-vahakankaan-kauhunhetket-vauva-lakkasi-hengittamasta\/1974126\" rel=\"nofollow noopener\" target=\"_blank\"><\/p>\n<p>\nVauva lakkasi hengitt\u00e4m\u00e4st\u00e4\n<\/p>\n<p class=\"section-date\">\n        <strong class=\"article-section\" data-section=\"vain seiskassa\"><br \/>\n            vain seiskassa<br \/>\n        <\/strong><br \/>\n        30.10.2025 05:00\n    <\/p>\n<p>Jasmin V\u00e4h\u00e4kankaan kauhunhetket: Vauva lakkasi hengitt\u00e4m\u00e4st\u00e4\n    <\/p>\n<p itemprop=\"description\" class=\"subtitle \">\n    Jasmin V\u00e4h\u00e4kangas huomasi heti vauvansa katseesta, ettei kaikki ollut kunnossa. Pian pienokainen lakkasi hengitt\u00e4m\u00e4st\u00e4.\n<\/p>\n<p>        <\/a><\/p>\n","protected":false},"excerpt":{"rendered":"Markku Ruottinen Jasmin my\u00f6nt\u00e4\u00e4 hassun k\u00f6mm\u00e4hdyksens\u00e4 Instagramissa. \u00a0(os.) on rauhoittunut herttaisen perhe-el\u00e4m\u00e4n pariin puolisonsa\u00a0kanssa. Parille syntyi maaliskuussa 2025&hellip;\n","protected":false},"author":2,"featured_media":158090,"comment_status":"","ping_status":"","sticky":false,"template":"","format":"standard","meta":{"footnotes":"","_share_on_mastodon":"0"},"categories":[136],"tags":[407,137,33,31,30,11299,408,212,11298,16260,32,3342,109],"class_list":["post-158089","post","type-post","status-publish","format-standard","has-post-thumbnail","category-julkkikset","tag-celebrities","tag-entertainment","tag-fi","tag-finland","tag-finnish","tag-jasmin-vahakangas","tag-julkkikset","tag-lifestyle","tag-marko-vahakangas","tag-ossian","tag-suomi","tag-vanhemmuus","tag-viihde"],"share_on_mastodon":{"url":"https:\/\/pubeurope.com\/@fi\/115995075078640034","error":""},"_links":{"self":[{"href":"https:\/\/www.europesays.com\/fi\/wp-json\/wp\/v2\/posts\/158089","targetHints":{"allow":["GET"]}}],"collection":[{"href":"https:\/\/www.europesays.com\/fi\/wp-json\/wp\/v2\/posts"}],"about":[{"href":"https:\/\/www.europesays.com\/fi\/wp-json\/wp\/v2\/types\/post"}],"author":[{"embeddable":true,"href":"https:\/\/www.europesays.com\/fi\/wp-json\/wp\/v2\/users\/2"}],"replies":[{"embeddable":true,"href":"https:\/\/www.europesays.com\/fi\/wp-json\/wp\/v2\/comments?post=158089"}],"version-history":[{"count":0,"href":"https:\/\/www.europesays.com\/fi\/wp-json\/wp\/v2\/posts\/158089\/revisions"}],"wp:featuredmedia":[{"embeddable":true,"href":"https:\/\/www.europesays.com\/fi\/wp-json\/wp\/v2\/media\/158090"}],"wp:attachment":[{"href":"https:\/\/www.europesays.com\/fi\/wp-json\/wp\/v2\/media?parent=158089"}],"wp:term":[{"taxonomy":"category","embeddable":true,"href":"https:\/\/www.europesays.com\/fi\/wp-json\/wp\/v2\/categories?post=158089"},{"taxonomy":"post_tag","embeddable":true,"href":"https:\/\/www.europesays.com\/fi\/wp-json\/wp\/v2\/tags?post=158089"}],"curies":[{"name":"wp","href":"https:\/\/api.w.org\/{rel}","templated":true}]}}