{"id":15825,"date":"2025-08-25T12:33:07","date_gmt":"2025-08-25T12:33:07","guid":{"rendered":"https:\/\/www.europesays.com\/fi\/15825\/"},"modified":"2025-08-25T12:33:07","modified_gmt":"2025-08-25T12:33:07","slug":"nain-paljon-miljardoorit-maksavat-veroja-usassa","status":"publish","type":"post","link":"https:\/\/www.europesays.com\/fi\/15825\/","title":{"rendered":"N\u00e4in paljon miljard\u00f6\u00f6rit maksavat veroja USA:ssa"},"content":{"rendered":"<p class=\"ai-optimize-6 ai-optimize-introduction\">Uuden tutkimuksen mukaan l\u00e4hes 40 prosenttia 400 rikkaimman amerikkalaisen henkil\u00f6n vuosina 2018-2020 maksamista veroista tuli yritysveroista, uutisoi <a href=\"https:\/\/www.wsj.com\/personal-finance\/taxes\/corporate-income-tax-wealth-ade5fbb3?mod=hp_lead_pos10\" target=\"_blank\" rel=\"noopener nofollow\">The Wall Street Journal<\/a>.<\/p>\n<p class=\"ai-optimize-7\">Tutkimuksen toinen kirjoittaja, Kalifornian yliopiston taloustieteen professori <strong>Emmanuel Saez <\/strong>muistuttaa, ett\u00e4 yritysvero k\u00e4yt\u00e4nn\u00f6ss\u00e4 pid\u00e4tet\u00e4\u00e4n saatavista tuloista, joten se on miljard\u00f6\u00f6reille edelleen merkitt\u00e4v\u00e4 vero.<\/p>\n<p class=\"ai-optimize-8\">Tutkimuksessa hy\u00f6dynnettiin Yhdysvaltain veroviraston tietoja, jonka avulla luotiin kattava arvio kaikkein rikkaimpien yhdysvaltalaisten maksamista tuloista ja veroista.<\/p>\n<p class=\"ai-optimize-9\">Tutkimuksen mukaan 400 rikkainta amerikkalaista maksoi 23,8 prosenttia tuloistaan \u200b\u200bveroina vuosina 2018\u20132020. N\u00e4ist\u00e4 veroista 37 prosenttia tuli yritysverojen kautta, ja suurin osa lopuista koostui henkil\u00f6iden tuloveroista.<\/p>\n<p class=\"ai-optimize-10\">WSJ muistuttaa, ett\u00e4 23,8 prosentin verotaso on paljon korkeampi kuin edellisen presidentin <strong>Joe Bidenin<\/strong> hallinnon usein esitt\u00e4m\u00e4 v\u00e4ite, jonka mukaan Yhdysvaltain miljard\u00f6\u00f6rit maksavat veroja vain keskim\u00e4\u00e4rin 8,2 prosenttia.<\/p>\n<p class=\"ai-optimize-11\">Eritt\u00e4in rikkaiden ihmisten omistukset ja veroprofiilit poikkeavat huomattavasti koko v\u00e4est\u00f6st\u00e4. Tavalliseen palkansaajaan verrattuna eritt\u00e4in rikkaat hy\u00f6tyv\u00e4t enemm\u00e4n yksityisten yritysten voitoista ja julkisesti noteerattujen yhti\u00f6iden osakkeista. Heid\u00e4n ei kuitenkaan tarvitse maksaa henkil\u00f6kohtaisesti veroa yritysomistuksista, elleiv\u00e4t he myy osakkeita tai saa osinkoja.<\/p>\n<p class=\"ai-optimize-12\">Tutkimuksen mukaan t\u00e4m\u00e4 tarkoittaa, ett\u00e4 miljard\u00f6\u00f6rien henkil\u00f6kohtaiset tuloveroilmoitukset voivat merkitt\u00e4v\u00e4sti aliarvioida heid\u00e4n koko taloudellista tuloaan sek\u00e4 heid\u00e4n kokonaisverorasitustaan.<\/p>\n<p class=\"ai-optimize-13\">Tutkimus sis\u00e4llytt\u00e4\u00e4 yrityksist\u00e4 saadut voitot henkil\u00f6kohtaisiin tuloihin ja yritysverot henkil\u00f6kohtaisesti maksettuihin veroihin ja yhdist\u00e4\u00e4 omistusosuudet Forbesin listalla oleviin henkil\u00f6ihin. Yrityksist\u00e4 saatujen voittojen ja maksujen laskeminen antaa tutkijoiden mukaan kattavamman kuvan siit\u00e4, paljonko rikkaimmat amerikkalaiset todellisuudessa maksavat valtiolle<\/p>\n<p class=\"ai-optimize-14\">WSJ:n mukaan amerikkalaiset maksavat veroa keskim\u00e4\u00e4rin noin 30 prosenttia. Ty\u00f6tulojen varassa olevat suurituloiset kotitaloudet maksavat veroja noin 45 prosenttia. Luku ei sis\u00e4ll\u00e4 suurituloisten kotitalouksien hyv\u00e4ntekev\u00e4isyyslahjoituksia, jotka ovat yhteens\u00e4 11,4 prosenttia tuloista.<\/p>\n<p class=\"ai-optimize-15\">Tutkimuksen mukaan kaikkein rikkaimmat maksavat yritysveroa keskim\u00e4\u00e4rin 8,9 prosenttia tuloista, kun koko v\u00e4est\u00f6 maksaa sit\u00e4 keskim\u00e4\u00e4rin 1,7 prosenttia.<\/p>\n<p class=\"ai-optimize-16\">Taloustieteilij\u00e4t ja p\u00e4\u00e4tt\u00e4j\u00e4t ovat kantaneet huolta yritysverojen kasvuvaikutuksista. Republikaanit ja presidentti <strong>Donald Trump <\/strong>leikkasivat yritysverokantaa ensimm\u00e4isell\u00e4 kaudellaan vuonna 2017 ja alensivat sit\u00e4 edelleen t\u00e4n\u00e4 vuonna mahdollistamalla lis\u00e4v\u00e4hennyksi\u00e4 investoinneista.<\/p>\n<p>Poimintoja videosis\u00e4ll\u00f6ist\u00e4mme<\/p>\n","protected":false},"excerpt":{"rendered":"Uuden tutkimuksen mukaan l\u00e4hes 40 prosenttia 400 rikkaimman amerikkalaisen henkil\u00f6n vuosina 2018-2020 maksamista veroista tuli yritysveroista, uutisoi The&hellip;\n","protected":false},"author":2,"featured_media":15826,"comment_status":"","ping_status":"","sticky":false,"template":"","format":"standard","meta":{"footnotes":""},"categories":[14],"tags":[22,23,26,27,33,31,30,17,24,25,28,29,15,18,21,32,19,20,56,16,59,60,61,619],"class_list":{"0":"post-15825","1":"post","2":"type-post","3":"status-publish","4":"format-standard","5":"has-post-thumbnail","7":"category-ulkomaat","8":"tag-breaking-news","9":"tag-breakingnews","10":"tag-featured-news","11":"tag-featurednews","12":"tag-fi","13":"tag-finland","14":"tag-finnish","15":"tag-headlines","16":"tag-latest-news","17":"tag-latestnews","18":"tag-main-news","19":"tag-mainnews","20":"tag-news","21":"tag-otsikot","22":"tag-paauutiset","23":"tag-suomi","24":"tag-top-stories","25":"tag-topstories","26":"tag-ulkomaat","27":"tag-uutiset","28":"tag-world","29":"tag-world-news","30":"tag-worldnews","31":"tag-yhdysvallat"},"share_on_mastodon":{"url":"","error":""},"_links":{"self":[{"href":"https:\/\/www.europesays.com\/fi\/wp-json\/wp\/v2\/posts\/15825","targetHints":{"allow":["GET"]}}],"collection":[{"href":"https:\/\/www.europesays.com\/fi\/wp-json\/wp\/v2\/posts"}],"about":[{"href":"https:\/\/www.europesays.com\/fi\/wp-json\/wp\/v2\/types\/post"}],"author":[{"embeddable":true,"href":"https:\/\/www.europesays.com\/fi\/wp-json\/wp\/v2\/users\/2"}],"replies":[{"embeddable":true,"href":"https:\/\/www.europesays.com\/fi\/wp-json\/wp\/v2\/comments?post=15825"}],"version-history":[{"count":0,"href":"https:\/\/www.europesays.com\/fi\/wp-json\/wp\/v2\/posts\/15825\/revisions"}],"wp:featuredmedia":[{"embeddable":true,"href":"https:\/\/www.europesays.com\/fi\/wp-json\/wp\/v2\/media\/15826"}],"wp:attachment":[{"href":"https:\/\/www.europesays.com\/fi\/wp-json\/wp\/v2\/media?parent=15825"}],"wp:term":[{"taxonomy":"category","embeddable":true,"href":"https:\/\/www.europesays.com\/fi\/wp-json\/wp\/v2\/categories?post=15825"},{"taxonomy":"post_tag","embeddable":true,"href":"https:\/\/www.europesays.com\/fi\/wp-json\/wp\/v2\/tags?post=15825"}],"curies":[{"name":"wp","href":"https:\/\/api.w.org\/{rel}","templated":true}]}}