{"id":15827,"date":"2025-08-25T12:34:08","date_gmt":"2025-08-25T12:34:08","guid":{"rendered":"https:\/\/www.europesays.com\/fi\/15827\/"},"modified":"2025-08-25T12:34:08","modified_gmt":"2025-08-25T12:34:08","slug":"huolestuttava-ilmio-pesiytynyt-porin-hautausmaille","status":"publish","type":"post","link":"https:\/\/www.europesays.com\/fi\/15827\/","title":{"rendered":"Huolestuttava ilmi\u00f6 pesiytynyt Porin hautausmaille"},"content":{"rendered":"<p>Ik\u00e4v\u00e4st\u00e4 ilmi\u00f6st\u00e4 on ollut hautausmaan ty \u00f6ntekij\u00f6ille arkea.<\/p>\n<p><img decoding=\"async\" class=\"image image-show image-preview\" src=\"https:\/\/www.europesays.com\/fi\/wp-content\/uploads\/2025\/08\/5273a01a9b6c1e90d3491c064ba037765bd7bacf21f3f53d1ff92ec54eda95e2.jpg\" alt=\"\"\/><img decoding=\"async\" class=\"image image-show\" src=\"https:\/\/www.europesays.com\/fi\/wp-content\/uploads\/2025\/08\/1756125248_107_5273a01a9b6c1e90d3491c064ba037765bd7bacf21f3f53d1ff92ec54eda95e2.jpg\" alt=\"\"\/><\/p>\n<p>Porin p\u00e4ihdeklinikka ja asumisyksikk\u00f6 sijaitsevat hautausmaiden l\u00e4heisyydess\u00e4, Yle kertoo. Kuvituskuva. Mostphotos<\/p>\n<p class=\"paragraph\">Huumeidenk\u00e4ytt\u00e4jien toiminta aiheuttaa huolta Porin hautausmailla, <a href=\"https:\/\/yle.fi\/a\/74-20178926\" target=\"_blank\" rel=\"noopener nofollow\">Yle<\/a> uutisoi.<\/p>\n<p class=\"paragraph\">Ylen ja aiheesta aiemmin kertoneen Porin Kirkkosanomien mukaan K\u00e4pp\u00e4r\u00e4n hautausmaata ja Porin vanhaa hautausmaata k\u00e4ytet\u00e4\u00e4n huumeiden v\u00e4livarastona.<\/p>\n<p class=\"paragraph\">Tiettyjen, helposti tunnistettavien hautakivien l\u00e4heisyydess\u00e4 on lojunut muun muassa takkeja, joiden taskuissa on ollut ohjeita huumek\u00e4tk\u00f6jen l\u00f6yt\u00e4miseksi.<\/p>\n<p class=\"paragraph\">Porin seurakuntayhtym\u00e4n ylipuutarhuri <strong>Sari Salow<\/strong> kertoi Ylelle, ett\u00e4 huumeisiin liittyv\u00e4t l\u00f6yd\u00f6kset ovat hautausmaan ty\u00f6ntekij\u00f6ille arkea. Huumeruiskuja l\u00f6ytyy alueelta l\u00e4hes p\u00e4ivitt\u00e4in.<\/p>\n<p class=\"paragraph\">Ty\u00f6ntekij\u00f6iden turvallisuutta on pyritty parantamaan muun muassa lis\u00e4\u00e4m\u00e4ll\u00e4 valvontaa ja hankkimalla erityisi\u00e4 hansikkaita. Paljoa ei kuitenkaan ole teht\u00e4viss\u00e4, sill\u00e4 K\u00e4pp\u00e4r\u00e4n hautausmaalla on kokoa 18 hehtaaria, Yle kertoo.<\/p>\n","protected":false},"excerpt":{"rendered":"Ik\u00e4v\u00e4st\u00e4 ilmi\u00f6st\u00e4 on ollut hautausmaan ty \u00f6ntekij\u00f6ille arkea. Porin p\u00e4ihdeklinikka ja asumisyksikk\u00f6 sijaitsevat hautausmaiden l\u00e4heisyydess\u00e4, Yle kertoo. Kuvituskuva.&hellip;\n","protected":false},"author":2,"featured_media":15828,"comment_status":"","ping_status":"","sticky":false,"template":"","format":"standard","meta":{"footnotes":""},"categories":[12],"tags":[35,22,23,26,27,33,31,30,17,53,24,25,28,29,15,18,21,54,52,103,32,19,20,860,16],"class_list":{"0":"post-15827","1":"post","2":"type-post","3":"status-publish","4":"format-standard","5":"has-post-thumbnail","7":"category-suomi","8":"tag-24h","9":"tag-breaking-news","10":"tag-breakingnews","11":"tag-featured-news","12":"tag-featurednews","13":"tag-fi","14":"tag-finland","15":"tag-finnish","16":"tag-headlines","17":"tag-laki-oikeus-ja-rikos","18":"tag-latest-news","19":"tag-latestnews","20":"tag-main-news","21":"tag-mainnews","22":"tag-news","23":"tag-otsikot","24":"tag-paauutiset","25":"tag-pelastuspalvelut","26":"tag-poliisi","27":"tag-sosiaalikysymykset","28":"tag-suomi","29":"tag-top-stories","30":"tag-topstories","31":"tag-tyoelama","32":"tag-uutiset"},"share_on_mastodon":{"url":"","error":""},"_links":{"self":[{"href":"https:\/\/www.europesays.com\/fi\/wp-json\/wp\/v2\/posts\/15827","targetHints":{"allow":["GET"]}}],"collection":[{"href":"https:\/\/www.europesays.com\/fi\/wp-json\/wp\/v2\/posts"}],"about":[{"href":"https:\/\/www.europesays.com\/fi\/wp-json\/wp\/v2\/types\/post"}],"author":[{"embeddable":true,"href":"https:\/\/www.europesays.com\/fi\/wp-json\/wp\/v2\/users\/2"}],"replies":[{"embeddable":true,"href":"https:\/\/www.europesays.com\/fi\/wp-json\/wp\/v2\/comments?post=15827"}],"version-history":[{"count":0,"href":"https:\/\/www.europesays.com\/fi\/wp-json\/wp\/v2\/posts\/15827\/revisions"}],"wp:featuredmedia":[{"embeddable":true,"href":"https:\/\/www.europesays.com\/fi\/wp-json\/wp\/v2\/media\/15828"}],"wp:attachment":[{"href":"https:\/\/www.europesays.com\/fi\/wp-json\/wp\/v2\/media?parent=15827"}],"wp:term":[{"taxonomy":"category","embeddable":true,"href":"https:\/\/www.europesays.com\/fi\/wp-json\/wp\/v2\/categories?post=15827"},{"taxonomy":"post_tag","embeddable":true,"href":"https:\/\/www.europesays.com\/fi\/wp-json\/wp\/v2\/tags?post=15827"}],"curies":[{"name":"wp","href":"https:\/\/api.w.org\/{rel}","templated":true}]}}