{"id":158298,"date":"2026-02-01T16:35:06","date_gmt":"2026-02-01T16:35:06","guid":{"rendered":"https:\/\/www.europesays.com\/fi\/158298\/"},"modified":"2026-02-01T16:35:06","modified_gmt":"2026-02-01T16:35:06","slug":"tuomarit-soittavat-halytyskelloja-cosa-nostra-on-edelleen-lasna","status":"publish","type":"post","link":"https:\/\/www.europesays.com\/fi\/158298\/","title":{"rendered":"Tuomarit soittavat h\u00e4lytyskelloja: &#8221;Cosa Nostra on edelleen l\u00e4sn\u00e4&#8221;"},"content":{"rendered":"<p class=\"ai-optimize-6 ai-optimize-introduction\">\u2013 Mafia on edelleen kaiken keskipisteess\u00e4, huolimatta voitoista kent\u00e4ll\u00e4, pid\u00e4tyksist\u00e4, tuomioista sek\u00e4 oikeuslaitoksen ja lainvalvonnan ty\u00f6st\u00e4, sanoi Palermon p\u00e4\u00e4syytt\u00e4j\u00e4 <strong>Maurizio De Lucia<\/strong> lauantaina sanomalehti<a href=\"https:\/\/www.lasicilia.it\/news\/cronaca\/3016016\/il-procuratore-de-lucia-la-mafia-guarda-al-futuro-e-pezzi-di-societa-la-cercano.html\" target=\"_blank\" rel=\"noopener nofollow\"> La Sicilian<\/a> mukaan.<\/p>\n<p class=\"ai-optimize-7\">De Lucia puhui avoimesti yhteiskunnan osasta, joka tarkkailee kiinnostuneena mafiaklaaneja.<\/p>\n<p class=\"ai-optimize-8\">\u2013 Jotkut ovat innokkaita sanomaan, ett\u00e4 Cosa Nostra ja mafia ovat mennytt\u00e4 aikaa, ett\u00e4 se on nyt vain sekalainen rikollisj\u00e4rjest\u00f6, joka el\u00e4\u00e4 kiristyksell\u00e4 ja v\u00e4h\u00e4p\u00e4t\u00f6isell\u00e4 huumekaupalla.<\/p>\n<p class=\"ai-optimize-9\">De Lucia kuitenkin luetteli lukuja kaupungissa, jossa mafiayhteydet ovat edelleen laajalle levinneit\u00e4.<\/p>\n<p class=\"ai-optimize-10\">\u2013 Minulla on velvollisuus huomauttaa, ett\u00e4 t\u00e4n\u00e4 vuonna syytt\u00e4j\u00e4t ja poliisi ovat toteuttaneet 409 varotoimenpidett\u00e4. N\u00e4m\u00e4 luvut koskevat 12 kuukautta ja satoja ihmisi\u00e4, jotka kuuluvat rikolliseen v\u00e4est\u00f6\u00f6n.<\/p>\n<p class=\"ai-optimize-11\">De Lucian mukaan mafia katsoo my\u00f6s tulevaisuuteen \u2013 ja eritt\u00e4in tarkkaavaisesti.<\/p>\n<p class=\"ai-optimize-12\">P\u00e4\u00e4syytt\u00e4j\u00e4 totesi, ett\u00e4 Palermon j\u00e4rjest\u00e4ytyneen rikollisuuden j\u00e4senet etsiv\u00e4t suhteita yhteiskuntaan, \u201djoka ei ole p\u00e4\u00e4tt\u00e4nyt lopettaa suhdettaan mafiaan, vaan odottaa voidakseen jatkaa sen kehitt\u00e4mist\u00e4 ja on ensimm\u00e4inen, joka nostaa esiin iskulauseen mafiasta, jota ei muka en\u00e4\u00e4 ole olemassa\u201d.<\/p>\n<p class=\"ai-optimize-12\">\u2013 T\u00e4m\u00e4 on asia, joka meid\u00e4n on painokkaasti toistettava kaikilla foorumeilla: Cosa Nostra on nurkan takana, h\u00e4n sanoi.<\/p>\n<p>\u201dMafiaa ei ole voitettu\u201d<\/p>\n<p class=\"ai-optimize-14\">Saman asian totesi Palermon syytt\u00e4j\u00e4laitoksen <strong>Lia Sava<\/strong> viime vuoden lokakuussa kansallisen tuomareiden yhdistyksen konferenssissa, kertoo <a href=\"https:\/\/www.antimafiaduemila.com\/home\/mafie-news\/228-cosa-nostra\/106438-la-mafia-non-e-sconfitta-l-allarme-del-procuratore-lia-sava.html\" target=\"_blank\" rel=\"noopener nofollow\">Antimafia2000<\/a>.<\/p>\n<p class=\"ai-optimize-15\">\u2013 Sallikaa minun soittaa h\u00e4lytyskelloja. Kuulen, jopa arvovaltaisten \u00e4\u00e4nien taholta, ett\u00e4 mafiaa ei en\u00e4\u00e4 ole olemassa, ett\u00e4 se on kukistettu. Mutta se ei ole totta<\/p>\n<p class=\"ai-optimize-16\">\u2013 Me voitimme Corleonesit, se on totta. Mutta Cosa Nostra on olemassa. Se el\u00e4\u00e4 ja voi hyvin. Se yksinkertaisesti valitsi maan alle vet\u00e4ytymisen strategian.<\/p>\n<p class=\"ai-optimize-17\">Savan mukaan Cosa Nostra on lyhyesti sanottuna hiljaisempi, v\u00e4hemm\u00e4n verenhimoinen, mutta ei yht\u00e4\u00e4n v\u00e4hemm\u00e4n voimakas.<\/p>\n<p class=\"ai-optimize-18\">Sava kuvaili sit\u00e4 organisaatioksi, joka toimii talouden ja rahoituksen globaaleissa piireiss\u00e4, toteuttaa \u201dk\u00e4sitt\u00e4m\u00e4tt\u00f6mien mittasuhteiden\u201d sopimuksia ja sijoittaa laitonta p\u00e4\u00e4omaa uudelleen laillisille markkinoille.<\/p>\n<p class=\"ai-optimize-19\">\u2013 Laillisen ja laittoman talouden erottaminen toisistaan on nyky\u00e4\u00e4n vaikeaa. Samalla kun me keskustelemme kokonaiskuvasta, he tekev\u00e4t bisnest\u00e4 ja hy\u00f6dynt\u00e4v\u00e4t meid\u00e4n heikkouksiamme.<\/p>\n<p>Poimintoja videosis\u00e4ll\u00f6ist\u00e4mme<\/p>\n","protected":false},"excerpt":{"rendered":"\u2013 Mafia on edelleen kaiken keskipisteess\u00e4, huolimatta voitoista kent\u00e4ll\u00e4, pid\u00e4tyksist\u00e4, tuomioista sek\u00e4 oikeuslaitoksen ja lainvalvonnan ty\u00f6st\u00e4, sanoi Palermon&hellip;\n","protected":false},"author":2,"featured_media":158299,"comment_status":"","ping_status":"","sticky":false,"template":"","format":"standard","meta":{"footnotes":"","_share_on_mastodon":"0"},"categories":[14],"tags":[22,23,26,27,33,31,30,17,199,24,25,3492,28,29,15,18,21,32,19,20,56,16,59,60,61],"class_list":["post-158298","post","type-post","status-publish","format-standard","has-post-thumbnail","category-ulkomaat","tag-breaking-news","tag-breakingnews","tag-featured-news","tag-featurednews","tag-fi","tag-finland","tag-finnish","tag-headlines","tag-italia","tag-latest-news","tag-latestnews","tag-mafia","tag-main-news","tag-mainnews","tag-news","tag-otsikot","tag-paauutiset","tag-suomi","tag-top-stories","tag-topstories","tag-ulkomaat","tag-uutiset","tag-world","tag-world-news","tag-worldnews"],"share_on_mastodon":{"url":"https:\/\/pubeurope.com\/@fi\/115996349283072674","error":""},"_links":{"self":[{"href":"https:\/\/www.europesays.com\/fi\/wp-json\/wp\/v2\/posts\/158298","targetHints":{"allow":["GET"]}}],"collection":[{"href":"https:\/\/www.europesays.com\/fi\/wp-json\/wp\/v2\/posts"}],"about":[{"href":"https:\/\/www.europesays.com\/fi\/wp-json\/wp\/v2\/types\/post"}],"author":[{"embeddable":true,"href":"https:\/\/www.europesays.com\/fi\/wp-json\/wp\/v2\/users\/2"}],"replies":[{"embeddable":true,"href":"https:\/\/www.europesays.com\/fi\/wp-json\/wp\/v2\/comments?post=158298"}],"version-history":[{"count":0,"href":"https:\/\/www.europesays.com\/fi\/wp-json\/wp\/v2\/posts\/158298\/revisions"}],"wp:featuredmedia":[{"embeddable":true,"href":"https:\/\/www.europesays.com\/fi\/wp-json\/wp\/v2\/media\/158299"}],"wp:attachment":[{"href":"https:\/\/www.europesays.com\/fi\/wp-json\/wp\/v2\/media?parent=158298"}],"wp:term":[{"taxonomy":"category","embeddable":true,"href":"https:\/\/www.europesays.com\/fi\/wp-json\/wp\/v2\/categories?post=158298"},{"taxonomy":"post_tag","embeddable":true,"href":"https:\/\/www.europesays.com\/fi\/wp-json\/wp\/v2\/tags?post=158298"}],"curies":[{"name":"wp","href":"https:\/\/api.w.org\/{rel}","templated":true}]}}