{"id":158758,"date":"2026-02-02T06:02:07","date_gmt":"2026-02-02T06:02:07","guid":{"rendered":"https:\/\/www.europesays.com\/fi\/158758\/"},"modified":"2026-02-02T06:02:07","modified_gmt":"2026-02-02T06:02:07","slug":"miksei-kela-valinnut-eurooppalaista-pilvipalvelua","status":"publish","type":"post","link":"https:\/\/www.europesays.com\/fi\/158758\/","title":{"rendered":"Miksei Kela valinnut eurooppalaista pilvipalvelua?"},"content":{"rendered":"<p data-beyondwords-marker=\"1215847f-9bd3-4e9d-b43f-26dc3ed4fb66\"><strong>Kela uudistaa etuuksien k\u00e4sittelyj\u00e4rjestelm\u00e4n siirtym\u00e4ll\u00e4 omista koneista pilvipalveluihin vuonna 2027. Teknologia on yhdysvaltalaisen ohjelmistoyhti\u00f6 Salesforcen. Kelan asiakkaiden tiedot siirtyv\u00e4t datakeskuksiin L\u00e4nsi-Eurooppaan. Miksi juuri Salesforce, Kelan IT-palveluista vastaava johtaja Nina Nissil\u00e4?<\/strong><\/p>\n<p data-beyondwords-marker=\"62b81b5b-2e8d-48b3-ba60-a631b3187657\">\u201cUudistus on osa laajempaa Eepos-kehitt\u00e4misohjelmaa. Kilpailutimme kehitt\u00e4misohjelman ja sen mukana teknologiaratkaisun. Voittajaksi valikoitui konsulttiyhti\u00f6 PwC Italia, joka tarjosi ratkaisuksi Salesforcea. Valinnassa painoi 70 prosenttia laatu ja 30 prosenttia hinta.\u201d<\/p>\n<p data-beyondwords-marker=\"5633389e-164c-46de-9543-3a4791990d35\"><strong>Mit\u00e4 t\u00e4m\u00e4 maksaa?<\/strong><\/p>\n<p data-beyondwords-marker=\"6e664852-db2d-4160-be76-c7e3d479476f\">\u201dPwC-ratkaisu maksaa 589 miljoonaa kymmeness\u00e4 vuodessa. Meid\u00e4n t\u00e4m\u00e4nhetkiset IT-palvelumme kustantavat 100 miljoonaa vuodessa.\u201d<\/p>\n<p data-beyondwords-marker=\"19e0a87c-cf65-48fc-be84-7dc90b7594e9\"><strong>Oliko ehdolla eurooppalaista teknologiaa?<\/strong><\/p>\n<p data-beyondwords-marker=\"0f8f45d0-c339-4ddc-ab5b-2c51861f087e\">\u201cTarjouskilpailuun ilmoittautui 17 toimijaa, joista joillakin oli eurooppalaistaustaisia ratkaisuja, mutta niill\u00e4kin oli vahva kytk\u00f6s yhdysvaltalaisteknologiaan. Noudatamme hankintalakia, joten tietyst\u00e4 maasta tulevan ratkaisun suosiminen ei ole mahdollista. Puhtaasti eurooppalaista ratkaisua, joka olisi t\u00e4ytt\u00e4nyt varsin kor\u00adkeat turvallisuus- ja laatuvaatimuksemme, ei ollut.\u201d<\/p>\n<p data-beyondwords-marker=\"62d95a20-4776-4346-9d27-caa39b1480fc\"><strong>Luotetaanko Kelassa siihen, ett\u00e4 EU:n ja Yhdysvaltojen kauppa pysyy ennallaan? Donald Trump on uhannut Eurooppaa mittavilla tulleilla jo kahdesti. Jos EU ottaisi k\u00e4ytt\u00f6\u00f6n <a href=\"https:\/\/suomenkuvalehti.fi\/paajutut\/tallaisia-keinoja-eulla-olisi-kauppasodassa-yhdysvaltoja-vastaan-on-tullut-selvemmaksi-etta-trumpin-paa-ei-kaanny\/?shared=1345771-b32619c5-999\" target=\"_blank\" rel=\"noreferrer noopener nofollow\">vastatoimia<\/a>, se saattaisi rajoittaa yhdysvaltalaisten palveluiden k\u00e4ytt\u00f6\u00e4.<\/strong><\/p>\n<p data-beyondwords-marker=\"cd6efd23-9ee9-4a0b-9c12-70ec7a7ea524\">\u201cRatkaisua, joka ei ole riippuvainen Yhdysvalloista, ei ollut. Kelassa varaudumme erilaisiin geopoliittisiin muutoksiin my\u00f6s osana t\u00e4t\u00e4 ohjelmaa ja olemme hyvin varustautuneita siihen, ett\u00e4 toimintakyky s\u00e4ilyy tilanteessa kuin tilanteessa.\u201d<\/p>\n<p data-beyondwords-marker=\"026595db-c658-4852-ac78-0cb059e04b70\"><strong>Miten konkreettisesti varaudutte? <\/strong><\/p>\n<p data-beyondwords-marker=\"eb1bff87-d06c-4155-a6e9-ffe8ccff8b4e\">\u201cT\u00e4m\u00e4 on osa-alue, josta en voi julkisesti keskustella tarkemmin.\u201d<\/p>\n<p data-beyondwords-marker=\"8b52f19f-239b-4784-b811-6c493e8bfe1b\"><strong>Mit\u00e4 jos Salesforcen hinnat nousevat vaikkapa viisi prosenttia maailmantilanteen takia? <\/strong><\/p>\n<p data-beyondwords-marker=\"091893ad-5929-408d-9f54-10313049da1c\">\u201cSe olisi PwC:n ongelma. Kelan kustannukset perustuvat sopimuksessa jo sovittuihin hintoihin.\u201d\u2009<\/p>\n<p>            Lue my\u00f6s:          <\/p>\n<p>      <img decoding=\"async\" class=\"free-sample awpo-lazy\" src=\"https:\/\/suomenkuvalehti.fi\/wp-content\/themes\/om-suomenkuvalehti-theme\/assets\/images\/free-sample-banner.svg\"\/><\/p>\n","protected":false},"excerpt":{"rendered":"Kela uudistaa etuuksien k\u00e4sittelyj\u00e4rjestelm\u00e4n siirtym\u00e4ll\u00e4 omista koneista pilvipalveluihin vuonna 2027. Teknologia on yhdysvaltalaisen ohjelmistoyhti\u00f6 Salesforcen. Kelan asiakkaiden tiedot&hellip;\n","protected":false},"author":2,"featured_media":158759,"comment_status":"","ping_status":"","sticky":false,"template":"","format":"standard","meta":{"footnotes":"","_share_on_mastodon":"0"},"categories":[12],"tags":[12023,22,23,26,27,33,31,30,17,12025,24,25,28,29,15,18,21,32,19,20,16],"class_list":["post-158758","post","type-post","status-publish","format-standard","has-post-thumbnail","category-suomi","tag-ajankohtainen","tag-breaking-news","tag-breakingnews","tag-featured-news","tag-featurednews","tag-fi","tag-finland","tag-finnish","tag-headlines","tag-juttu-2","tag-latest-news","tag-latestnews","tag-main-news","tag-mainnews","tag-news","tag-otsikot","tag-paauutiset","tag-suomi","tag-top-stories","tag-topstories","tag-uutiset"],"share_on_mastodon":{"url":"https:\/\/pubeurope.com\/@fi\/115999522454454791","error":""},"_links":{"self":[{"href":"https:\/\/www.europesays.com\/fi\/wp-json\/wp\/v2\/posts\/158758","targetHints":{"allow":["GET"]}}],"collection":[{"href":"https:\/\/www.europesays.com\/fi\/wp-json\/wp\/v2\/posts"}],"about":[{"href":"https:\/\/www.europesays.com\/fi\/wp-json\/wp\/v2\/types\/post"}],"author":[{"embeddable":true,"href":"https:\/\/www.europesays.com\/fi\/wp-json\/wp\/v2\/users\/2"}],"replies":[{"embeddable":true,"href":"https:\/\/www.europesays.com\/fi\/wp-json\/wp\/v2\/comments?post=158758"}],"version-history":[{"count":0,"href":"https:\/\/www.europesays.com\/fi\/wp-json\/wp\/v2\/posts\/158758\/revisions"}],"wp:featuredmedia":[{"embeddable":true,"href":"https:\/\/www.europesays.com\/fi\/wp-json\/wp\/v2\/media\/158759"}],"wp:attachment":[{"href":"https:\/\/www.europesays.com\/fi\/wp-json\/wp\/v2\/media?parent=158758"}],"wp:term":[{"taxonomy":"category","embeddable":true,"href":"https:\/\/www.europesays.com\/fi\/wp-json\/wp\/v2\/categories?post=158758"},{"taxonomy":"post_tag","embeddable":true,"href":"https:\/\/www.europesays.com\/fi\/wp-json\/wp\/v2\/tags?post=158758"}],"curies":[{"name":"wp","href":"https:\/\/api.w.org\/{rel}","templated":true}]}}