{"id":15883,"date":"2025-08-25T13:51:09","date_gmt":"2025-08-25T13:51:09","guid":{"rendered":"https:\/\/www.europesays.com\/fi\/15883\/"},"modified":"2025-08-25T13:51:09","modified_gmt":"2025-08-25T13:51:09","slug":"huivi-aiheutti-erikoisen-tilanteen-stubbin-kuvausjonossa","status":"publish","type":"post","link":"https:\/\/www.europesays.com\/fi\/15883\/","title":{"rendered":"Huivi aiheutti erikoisen tilanteen Stubbin kuvausjonossa"},"content":{"rendered":"<p>Tasavallan presidentti Alexander Stubb otti ahvenanmaalaisten kanssa yhteiskuvia Maarianhaminan torilla.<\/p>\n<p><img decoding=\"async\" class=\"image image-show image-preview\" src=\"https:\/\/www.europesays.com\/fi\/wp-content\/uploads\/2025\/08\/b6dda068e80fc8120fd7dc8ab01d3e00009424a5031c157ff7a52fb8c007ef78.jpg\" alt=\"\"\/><img decoding=\"async\" class=\"image image-show\" src=\"https:\/\/www.europesays.com\/fi\/wp-content\/uploads\/2025\/08\/1756129869_828_b6dda068e80fc8120fd7dc8ab01d3e00009424a5031c157ff7a52fb8c007ef78.jpg\" alt=\"\"\/><\/p>\n<p>Presidenttipari otti yhteiskuvan my\u00f6s palestiinalaishuivia kantaneen henkil\u00f6n kanssa. Elle Laitila \/ IL<\/p>\n<p class=\"paragraph\">Presidenttipari vierailee t\u00e4n\u00e4\u00e4n Ahvenanmaalla. Iltap\u00e4iv\u00e4ll\u00e4 ohjelmassa oli Alexander Stubbin haastattelu Maarianhaminan torin lavalla, ja\u00a0t\u00e4m\u00e4n j\u00e4lkeen yhteiskuvia kansalaisten kanssa.<\/p>\n<p class=\"paragraph\">Jono muodostui pitk\u00e4ksi, kun moni paikallinen halusi yhteiskuvan.<\/p>\n<p class=\"paragraph\">Yhdell\u00e4 kuvaa haluavalla oli palestiinalaishuivi, jonka Stubb huomasi.<\/p>\n<p class=\"paragraph\">\u2013\u2009Voitko ottaa huivin pois? Emme voi ottaa kuvia, joissa on poliittisia&#8230;Stubb sanoi kohteliaasti.<\/p>\n<p class=\"paragraph\">Stubbin lehdist\u00f6edustaja n\u00e4ytti k\u00e4dell\u00e4\u00e4n, ett\u00e4 huivi on ok, ja nuori nainen sai yhteiskuvan presidentin kanssa.<\/p>\n<p class=\"paragraph\">Tasavallan presidentin kanslian (TPK) viestinn\u00e4st\u00e4 kerrotaan Iltalehdelle, ett\u00e4 tilanteessa oli v\u00e4\u00e4rink\u00e4sitys.<\/p>\n<p class=\"paragraph\">TPK:sta kerotaan, ett\u00e4 he pyrkiv\u00e4t v\u00e4lttelem\u00e4\u00e4n kuvaamista poliittisten elementtien kanssa. Kuvaustilanteessa luultiin, ett\u00e4 kuvattavalla olisi huivin lis\u00e4ksi my\u00f6s Palestiinan lippu.<\/p>\n","protected":false},"excerpt":{"rendered":"Tasavallan presidentti Alexander Stubb otti ahvenanmaalaisten kanssa yhteiskuvia Maarianhaminan torilla. Presidenttipari otti yhteiskuvan my\u00f6s palestiinalaishuivia kantaneen henkil\u00f6n kanssa.&hellip;\n","protected":false},"author":2,"featured_media":15884,"comment_status":"","ping_status":"","sticky":false,"template":"","format":"standard","meta":{"footnotes":""},"categories":[14],"tags":[35,22,23,26,27,33,31,30,17,24,25,28,29,15,18,21,142,637,886,888,887,32,19,20,56,16,59,60,61],"class_list":{"0":"post-15883","1":"post","2":"type-post","3":"status-publish","4":"format-standard","5":"has-post-thumbnail","7":"category-ulkomaat","8":"tag-24h","9":"tag-breaking-news","10":"tag-breakingnews","11":"tag-featured-news","12":"tag-featurednews","13":"tag-fi","14":"tag-finland","15":"tag-finnish","16":"tag-headlines","17":"tag-latest-news","18":"tag-latestnews","19":"tag-main-news","20":"tag-mainnews","21":"tag-news","22":"tag-otsikot","23":"tag-paauutiset","24":"tag-poliitikot","25":"tag-politiikka","26":"tag-puolueet","27":"tag-suomalaiset-poliitikot","28":"tag-suomen-politiikka","29":"tag-suomi","30":"tag-top-stories","31":"tag-topstories","32":"tag-ulkomaat","33":"tag-uutiset","34":"tag-world","35":"tag-world-news","36":"tag-worldnews"},"share_on_mastodon":{"url":"","error":""},"_links":{"self":[{"href":"https:\/\/www.europesays.com\/fi\/wp-json\/wp\/v2\/posts\/15883","targetHints":{"allow":["GET"]}}],"collection":[{"href":"https:\/\/www.europesays.com\/fi\/wp-json\/wp\/v2\/posts"}],"about":[{"href":"https:\/\/www.europesays.com\/fi\/wp-json\/wp\/v2\/types\/post"}],"author":[{"embeddable":true,"href":"https:\/\/www.europesays.com\/fi\/wp-json\/wp\/v2\/users\/2"}],"replies":[{"embeddable":true,"href":"https:\/\/www.europesays.com\/fi\/wp-json\/wp\/v2\/comments?post=15883"}],"version-history":[{"count":0,"href":"https:\/\/www.europesays.com\/fi\/wp-json\/wp\/v2\/posts\/15883\/revisions"}],"wp:featuredmedia":[{"embeddable":true,"href":"https:\/\/www.europesays.com\/fi\/wp-json\/wp\/v2\/media\/15884"}],"wp:attachment":[{"href":"https:\/\/www.europesays.com\/fi\/wp-json\/wp\/v2\/media?parent=15883"}],"wp:term":[{"taxonomy":"category","embeddable":true,"href":"https:\/\/www.europesays.com\/fi\/wp-json\/wp\/v2\/categories?post=15883"},{"taxonomy":"post_tag","embeddable":true,"href":"https:\/\/www.europesays.com\/fi\/wp-json\/wp\/v2\/tags?post=15883"}],"curies":[{"name":"wp","href":"https:\/\/api.w.org\/{rel}","templated":true}]}}