{"id":15885,"date":"2025-08-25T13:52:07","date_gmt":"2025-08-25T13:52:07","guid":{"rendered":"https:\/\/www.europesays.com\/fi\/15885\/"},"modified":"2025-08-25T13:52:07","modified_gmt":"2025-08-25T13:52:07","slug":"poliisitutkinta-eagle-s-tankkerin-miehisto-meni-paniikkiin-kun-kuuli-ankkurin-putoamisesta-mereen-kotimaa","status":"publish","type":"post","link":"https:\/\/www.europesays.com\/fi\/15885\/","title":{"rendered":"Poliisitutkinta: Eagle S -tankkerin miehist\u00f6 meni paniikkiin, kun kuuli ankkurin putoamisesta mereen | Kotimaa"},"content":{"rendered":"<p>Juttu tiivistettyn\u00e4<\/p>\n<ul class=\"sc-dMmcxd iwejNa yle__article__list yle__article__list--ul\">\n<li class=\"sc-fGqoZs ftBuqH\">Keskusrikospoliisi on julkistanut tutkinnan Estlink 2 -s\u00e4hk\u00f6kaapelin ja tietoliikennekaapelien katkeamisesta joulup\u00e4iv\u00e4n\u00e4 2024.<\/li>\n<li class=\"sc-fGqoZs ftBuqH\">Kaapelit katkesivat samaan aikaan, kun Eagle S -\u00f6ljytankkeri kulki niiden yli.<\/li>\n<li class=\"sc-fGqoZs ftBuqH\">Poliisin mukaan laiva raahasi ankkuria meren pohjassa noin 90 kilometri\u00e4.<\/li>\n<li class=\"sc-fGqoZs ftBuqH\">Kapteeni ihmettelee, miksi viranomaiset eiv\u00e4t kertoneet kaapeleiden katkeamisesta miehist\u00f6lle.<\/li>\n<li class=\"sc-fGqoZs ftBuqH\">Eagle S -tankeriln p\u00e4\u00e4llyst\u00f6\u00e4 vastaan on nostettu syytteet t\u00f6rke\u00e4st\u00e4 tuhoty\u00f6st\u00e4 ja t\u00f6rke\u00e4st\u00e4 tietoliikenteen h\u00e4irinn\u00e4st\u00e4.<\/li>\n<li class=\"sc-fGqoZs ftBuqH\">Syytetyt kiist\u00e4v\u00e4t syyllisyytens\u00e4.<\/li>\n<\/ul>\n<p class=\"sc-jYczwO sc-ciCoXh bUKqJd cIOueB yle__article__paragraph\">T\u00e4m\u00e4 on teko\u00e4lyn avulla tuotettu, toimittajan tarkistama tiivistelm\u00e4.<\/p>\n<p class=\"sc-jYczwO sc-ciCoXh bUKqJd cIOueB yle__article__paragraph\">Keskusrikospoliisi (KRP) on julkistanut tutkinnan tapahtumista, jotka johtivat Suomen ja Viron v\u00e4lisen Estlink 2 -s\u00e4hk\u00f6nsiirtokaapelin ja tietoliikennekaapeleiden katkeamiseen Suomenlahdella <a class=\"sc-jDJeIs gotUgl yle__article__link\" href=\"https:\/\/yle.fi\/a\/74-20133526\" role=\"link\" rel=\"nofollow noopener\" target=\"_blank\">joulup\u00e4iv\u00e4n\u00e4 2024<\/a>.<\/p>\n<p class=\"sc-jYczwO sc-ciCoXh bUKqJd cIOueB yle__article__paragraph\">Kaapelit katkesivat samaan aikaan kun Eagle S -\u00f6ljytankkeri kulki niiden yli.<\/p>\n<p class=\"sc-jYczwO sc-ciCoXh bUKqJd cIOueB yle__article__paragraph\">Viranomaiset ottivat aluksen haltuun poikkeuksellisella tavalla <a class=\"sc-jDJeIs gotUgl yle__article__link\" href=\"https:\/\/yle.fi\/a\/74-20134670\" role=\"link\" rel=\"nofollow noopener\" target=\"_blank\">tapaninp\u00e4iv\u00e4n\u00e4 2024<\/a> ja aloittivat l\u00e4hes puoli vuotta kest\u00e4neen tutkinnan.<\/p>\n<p class=\"sc-jYczwO sc-ciCoXh bUKqJd cIOueB yle__article__paragraph\">Esitutkinta paljastaa, kuinka miehist\u00f6 kertoi tapahtumista kuulusteluissa.<\/p>\n<p class=\"sc-jYczwO sc-ciCoXh bUKqJd cIOueB yle__article__paragraph\">Esitutkinnassa kuultiin kaikki miehist\u00f6n j\u00e4senet. Kukaan ei tuonut esiin huomanneensa aluksen k\u00e4ytt\u00e4ytymisess\u00e4 mit\u00e4\u00e4n normaalista poikkeavaa.<\/p>\n<p>Alus py\u00f6ri merell\u00e4 moottorivian vuoksi<\/p>\n<p class=\"sc-jYczwO sc-ciCoXh bUKqJd cIOueB yle__article__paragraph\">Tankkeri joutui vaikeuksiin ennen Suomen talousvy\u00f6hykkeelle saapumista. Sen nopeus alkoi hieman puolenp\u00e4iv\u00e4n j\u00e4lkeen laskea.<\/p>\n<p class=\"sc-jYczwO sc-ciCoXh bUKqJd cIOueB yle__article__paragraph\">Aluksella huomattiin noin yhden aikaan iltap\u00e4iv\u00e4ll\u00e4 moottorivika, kun sen kierrokset laskivat. Laiva pys\u00e4ytettiin ja vikaa korjattiin. Alus ajelehti jonkin aikaa merell\u00e4 ilman ankkuria.<\/p>\n<p class=\"sc-jYczwO sc-ciCoXh bUKqJd cIOueB yle__article__paragraph\">Miehist\u00f6 ei osannut yhdist\u00e4\u00e4 ongelmia laivan moottorissa ankkurin tippumiseen. Moottori oli temppuillut aiemminkin.<\/p>\n<p class=\"sc-jYczwO sc-ciCoXh bUKqJd cIOueB yle__article__paragraph\">Kapteeni <strong class=\"sc-eEHciv gtNhAX yle__article__strong\">Davit Vadatchkoria<\/strong> kertoi kuulusteluissa, ett\u00e4 korjaust\u00f6iden j\u00e4lkeen matkaa jatkettiin normaalisti hyv\u00e4ll\u00e4 koneteholla.<\/p>\n<p>Miehist\u00f6 meni paniikkiin<\/p>\n<p class=\"sc-jYczwO sc-ciCoXh bUKqJd cIOueB yle__article__paragraph\">Kapteenin mukaan t\u00e4m\u00e4n j\u00e4lkeen yliper\u00e4mies kertoi merivartioston ilmoittaneen, ett\u00e4 laiva raahaa jotakin ja kysyneen, onko ankkurin kanssa ongelma.<\/p>\n<p class=\"sc-jYczwO sc-ciCoXh bUKqJd cIOueB yle__article__paragraph\">\u2013 T\u00e4m\u00e4 alus on ollut valtamerell\u00e4 Cape Townin l\u00e4hell\u00e4 todella hankalissa s\u00e4\u00e4olosuhteissa, myrskyss\u00e4, ilman mit\u00e4\u00e4n ongelmia. Silloin ei l\u00e4htenyt mit\u00e4\u00e4n irti tai mennyt rikki. Nytkin oli huono s\u00e4\u00e4, mutta ei mit\u00e4\u00e4n sellaista.<\/p>\n<p class=\"sc-jYczwO sc-ciCoXh bUKqJd cIOueB yle__article__paragraph\">T\u00e4m\u00e4n j\u00e4lkeen kapteeri m\u00e4\u00e4r\u00e4si tarkistamaan ankkurin ja yl\u00f6s tuli pelkk\u00e4 ketju.<\/p>\n<p class=\"sc-jYczwO sc-ciCoXh bUKqJd cIOueB yle__article__paragraph\">\u2013 Rupesimme ottamaan sit\u00e4 sis\u00e4\u00e4n ja toivoimme, ett\u00e4 ankkuri olisi viel\u00e4 tallella. Ymm\u00e4rsimme mit\u00e4 oli tapahtunut. Olimme kaikki paniikissa, kertoi puosu kuulusteluissa.<\/p>\n<p>Kapteeni: Miksi asian vakavuutta ei kerrotu?<\/p>\n<p class=\"sc-jYczwO sc-ciCoXh bUKqJd cIOueB yle__article__paragraph\">Aiemmin p\u00e4iv\u00e4ll\u00e4 tehty kysely ankkurista oli laivalla sivuutettu, koska miehist\u00f6 piti sit\u00e4 rutiiniluontoisena kysymyksen\u00e4.<\/p>\n<p class=\"sc-jYczwO sc-ciCoXh bUKqJd cIOueB yle__article__paragraph\">\u2013 He eiv\u00e4t selke\u00e4sti tajua siin\u00e4 kysymyst\u00e4 vaan ajattelevat sen olevan normaali kysymys VTS:lt\u00e4 (merenkulun alusliikennepalvelu Vessel Traffic Service) eiv\u00e4tk\u00e4 edes ep\u00e4ile muuta, kertoi kapteeni.<\/p>\n<p class=\"sc-jYczwO sc-ciCoXh bUKqJd cIOueB yle__article__paragraph\">Ankkureiden oletettiin olevan paikoillaan eik\u00e4 kukaan k\u00e4ynyt niit\u00e4 katsomassa.<\/p>\n<p class=\"sc-jYczwO sc-ciCoXh bUKqJd cIOueB yle__article__paragraph\">\u2013 Muistan, ett\u00e4 teid\u00e4n presidenttinne <strong class=\"sc-eEHciv gtNhAX yle__article__strong\">Alexander Stubb<\/strong> kertoi uutisissa, ett\u00e4 kaapeli katkesi ennen kuin VTS edes ilmoitti asiasta meille. H\u00e4n kertoo saaneensa tiedon asiasta jo kello 15.02.<\/p>\n<p class=\"sc-jYczwO sc-ciCoXh bUKqJd cIOueB yle__article__paragraph\">\u2013 Miksi asiasta ei kysytty uudelleen tai k\u00e4sketty kapteenia olemaan yhteydess\u00e4, jos kerran tiedettiin, ett\u00e4 kaapeli on jo poikki ja asia n\u00e4in t\u00e4rke\u00e4? ihmetteli Vadatchkoria kuulusteluissa.<\/p>\n<p>Miehist\u00f6 k\u00e4skettiin pois kannelta<\/p>\n<p class=\"sc-jYczwO sc-ciCoXh bUKqJd cIOueB yle__article__paragraph\">Kapteeni kertoi, ett\u00e4 rannikkovartiosto m\u00e4\u00e4r\u00e4si laivan uudelle kurssille ja k\u00e4ski etsi\u00e4 ankkurointipaikan.<\/p>\n<p class=\"sc-jYczwO sc-ciCoXh bUKqJd cIOueB yle__article__paragraph\">Kapteeni sanoo tarkistaneensa varustamolta, miten tulisi toimia ja saaneensa vahvistuksen, ett\u00e4 rannikkovartioston k\u00e4skyj\u00e4 tulisi noudattaa.<\/p>\n<p class=\"sc-jYczwO sc-ciCoXh bUKqJd cIOueB yle__article__paragraph\">\u2013 Hieman my\u00f6hemmin meille kerrottiin, ett\u00e4 rannikkovartiosto nousee alukseen ja miehist\u00f6n on ment\u00e4v\u00e4 messiin. Ainoastaan kapteeni, puosu ja konep\u00e4\u00e4llikk\u00f6 laivan komentosillalle. Rannikkovartiosto ilmoitti, ett\u00e4 he tulevat helikoptereilla.<\/p>\n<p class=\"sc-jYczwO sc-ciCoXh bUKqJd cIOueB yle__article__paragraph\">Vadatchkoria kertoo k\u00e4skeneens\u00e4 miehist\u00f6n valmistella aluksen helikopterin tuloon.<\/p>\n<p class=\"sc-jYczwO sc-ciCoXh bUKqJd cIOueB yle__article__paragraph\">\u2013 Rannikkovartioston alus ilmoitti meille, ett\u00e4 miksi emme noudata ohjeita ja kannella on edelleen henkil\u00f6it\u00e4. K\u00e4skin sitten lopettaa valmistelutoimet ja k\u00e4skin miehist\u00f6n menem\u00e4\u00e4n messiin.<\/p>\n<p>Kapteeni: Konep\u00e4\u00e4llikk\u00f6 pakotettiin aseen avulla tuolille<\/p>\n<p class=\"sc-jYczwO sc-ciCoXh bUKqJd cIOueB yle__article__paragraph\">Kapeenin mielest\u00e4 alukselle tulossa meneteltiin v\u00e4\u00e4rin.<\/p>\n<p class=\"sc-jYczwO sc-ciCoXh bUKqJd cIOueB yle__article__paragraph\">H\u00e4n kertoi kuulusteluissa, ett\u00e4 laiva oli t\u00e4ynn\u00e4 kevytt\u00e4 petroolia ja turvallisuusm\u00e4\u00e4r\u00e4ysten mukaan aluksen kannelle ei saanut tuoda sytyttimi\u00e4, aseita eik\u00e4 suojaamattomia puhelimia.<\/p>\n<p class=\"sc-jYczwO sc-ciCoXh bUKqJd cIOueB yle__article__paragraph\">Kapteenin mielest\u00e4 viranomaisten olisi tullut sopia h\u00e4nen kanssaan siit\u00e4, mit\u00e4 he olivat tuomassa laivaan. H\u00e4n arvosteli my\u00f6s alaisensa kohtelua.<\/p>\n<p class=\"sc-jYczwO sc-ciCoXh bUKqJd cIOueB yle__article__paragraph\">\u2013 Minun ja puosun osalta se oli ok. Mutta he koskivat minun konep\u00e4\u00e4llikk\u00f6\u00f6ni ja pakottivat h\u00e4net tuolille. He ottivat h\u00e4nt\u00e4 niskasta kiinni ja pakottivat h\u00e4net tuolille aseen kanssa. Sitten h\u00e4n vain istui siin\u00e4 samassa asennossa koko illan, kapteeni sanoi kuulusteluissa.<\/p>\n<p class=\"sc-jYczwO sc-ciCoXh bUKqJd cIOueB yle__article__paragraph\"><strong class=\"sc-eEHciv gtNhAX yle__article__strong\">Animaatio n\u00e4ytt\u00e4\u00e4 Eagle S- tankkerin reitin Suomenlahdella kaapeleiden katkeamisen aikaaan.<\/strong><\/p>\n<p class=\"sc-jYczwO sc-ciCoXh bUKqJd cIOueB yle__article__paragraph\">Laivan kapteenia ja kahta per\u00e4miest\u00e4 <a class=\"sc-jDJeIs gotUgl yle__article__link\" href=\"https:\/\/yle.fi\/a\/74-20176846\" role=\"link\" rel=\"nofollow noopener\" target=\"_blank\">syytet\u00e4\u00e4n<\/a> Helsingin k\u00e4r\u00e4j\u00e4oikeudessa ensisijaisesti t\u00f6rke\u00e4st\u00e4 tuhoty\u00f6st\u00e4 ja t\u00f6rke\u00e4st\u00e4 tietoliikenteen h\u00e4irinn\u00e4st\u00e4. Syytetyt kiist\u00e4v\u00e4t syyllistyneens\u00e4 rikoksiin.<\/p>\n<p class=\"sc-jYczwO sc-ciCoXh bUKqJd cIOueB yle__article__paragraph\">Eagle S kuuluu Ven\u00e4j\u00e4n niin sanottuun varjolaivastoon, jonka alukset seilaavat muiden maiden lippujen alla ja kiert\u00e4v\u00e4t Ven\u00e4j\u00e4lle asetettuja pakotteita. Eagle S seilaa Cookinsaarten lipun alla.<\/p>\n<p class=\"sc-jYczwO sc-ciCoXh bUKqJd cIOueB yle__article__paragraph\">Uutinen p\u00e4ivittyy.<\/p>\n","protected":false},"excerpt":{"rendered":"Juttu tiivistettyn\u00e4 Keskusrikospoliisi on julkistanut tutkinnan Estlink 2 -s\u00e4hk\u00f6kaapelin ja tietoliikennekaapelien katkeamisesta joulup\u00e4iv\u00e4n\u00e4 2024. Kaapelit katkesivat samaan aikaan,&hellip;\n","protected":false},"author":2,"featured_media":15886,"comment_status":"","ping_status":"","sticky":false,"template":"","format":"standard","meta":{"footnotes":""},"categories":[12],"tags":[22,23,5093,6136,1744,5094,26,27,33,6135,31,30,17,5990,6134,675,71,24,25,28,29,6133,15,2098,18,21,1263,5991,32,19,20,546,16],"class_list":{"0":"post-15885","1":"post","2":"type-post","3":"status-publish","4":"format-standard","5":"has-post-thumbnail","7":"category-suomi","8":"tag-breaking-news","9":"tag-breakingnews","10":"tag-eagle-s","11":"tag-elering","12":"tag-elisa","13":"tag-estlink-2-kaapelin-vaurio-2024","14":"tag-featured-news","15":"tag-featurednews","16":"tag-fi","17":"tag-fingrid","18":"tag-finland","19":"tag-finnish","20":"tag-headlines","21":"tag-helsingin-karajaoikeus","22":"tag-huoltovarmuus","23":"tag-internet-ja-muut-tietoverkot","24":"tag-kotimaa","25":"tag-latest-news","26":"tag-latestnews","27":"tag-main-news","28":"tag-mainnews","29":"tag-meriliikenne","30":"tag-news","31":"tag-oikeudenkaynnit","32":"tag-otsikot","33":"tag-paauutiset","34":"tag-rikosepailyt","35":"tag-suomenlahti","36":"tag-suomi","37":"tag-top-stories","38":"tag-topstories","39":"tag-turvallisuus","40":"tag-uutiset"},"share_on_mastodon":{"url":"","error":""},"_links":{"self":[{"href":"https:\/\/www.europesays.com\/fi\/wp-json\/wp\/v2\/posts\/15885","targetHints":{"allow":["GET"]}}],"collection":[{"href":"https:\/\/www.europesays.com\/fi\/wp-json\/wp\/v2\/posts"}],"about":[{"href":"https:\/\/www.europesays.com\/fi\/wp-json\/wp\/v2\/types\/post"}],"author":[{"embeddable":true,"href":"https:\/\/www.europesays.com\/fi\/wp-json\/wp\/v2\/users\/2"}],"replies":[{"embeddable":true,"href":"https:\/\/www.europesays.com\/fi\/wp-json\/wp\/v2\/comments?post=15885"}],"version-history":[{"count":0,"href":"https:\/\/www.europesays.com\/fi\/wp-json\/wp\/v2\/posts\/15885\/revisions"}],"wp:featuredmedia":[{"embeddable":true,"href":"https:\/\/www.europesays.com\/fi\/wp-json\/wp\/v2\/media\/15886"}],"wp:attachment":[{"href":"https:\/\/www.europesays.com\/fi\/wp-json\/wp\/v2\/media?parent=15885"}],"wp:term":[{"taxonomy":"category","embeddable":true,"href":"https:\/\/www.europesays.com\/fi\/wp-json\/wp\/v2\/categories?post=15885"},{"taxonomy":"post_tag","embeddable":true,"href":"https:\/\/www.europesays.com\/fi\/wp-json\/wp\/v2\/tags?post=15885"}],"curies":[{"name":"wp","href":"https:\/\/api.w.org\/{rel}","templated":true}]}}