{"id":159051,"date":"2026-02-02T13:50:08","date_gmt":"2026-02-02T13:50:08","guid":{"rendered":"https:\/\/www.europesays.com\/fi\/159051\/"},"modified":"2026-02-02T13:50:08","modified_gmt":"2026-02-02T13:50:08","slug":"poliisi-ei-epaile-rikosta-pienkerrostalon-palossa-tampereella-uutissuomalainen","status":"publish","type":"post","link":"https:\/\/www.europesays.com\/fi\/159051\/","title":{"rendered":"Poliisi ei ep\u00e4ile rikosta pienkerrostalon palossa Tampereella | Uutissuomalainen"},"content":{"rendered":"<p>Poliisi ei ep\u00e4ile, ett\u00e4 Tampereen Epil\u00e4ss\u00e4 Pispalan valtatien varrella lauantaina palaneen pienkerrostalon tapaukseen liittyisi rikosta.<\/p>\n<p>Sis\u00e4-Suomen poliisilaitos <a href=\"https:\/\/poliisi.fi\/-\/poliisi-jatkaa-palonsyyn-tutkintaa-tampereella-epilassa\" rel=\"nofollow noopener\" target=\"_blank\">kertoi<\/a> maanantaina, ett\u00e4 palon ep\u00e4ill\u00e4\u00e4n saaneen alkunsa asunnosta, jonka asukkaat olivat poissa syttymishetkell\u00e4.<\/p>\n<p>Poliisi ei t\u00e4ss\u00e4 vaiheessa tarkenna ep\u00e4ilty\u00e4 syttymissyyt\u00e4 tai tarkempaa syttymispaikkaa. Poliisin mukaan paikkatutkintaan tuo haasteita se, ett\u00e4 palopaikka on j\u00e4\u00e4n peitossa sammutusveden ja kovan pakkasen vuoksi. Lis\u00e4ksi talo vaurioitui palossa pahasti.<\/p>\n<p>Pirkanmaan pelastuslaitokselta kerrottiin STT:lle lauantaina, ett\u00e4 pienkerrostalossa oli kuusi asuntoa, joista evakuoitiin noin tusinan verran asukkaita. Kukaan ei loukkaantunut palossa.<\/p>\n<p>Pelastuslaitoksen mukaan palo p\u00e4\u00e4si levi\u00e4m\u00e4\u00e4n pienkerrostalon katosta alasp\u00e4in.<\/p>\n","protected":false},"excerpt":{"rendered":"Poliisi ei ep\u00e4ile, ett\u00e4 Tampereen Epil\u00e4ss\u00e4 Pispalan valtatien varrella lauantaina palaneen pienkerrostalon tapaukseen liittyisi rikosta. Sis\u00e4-Suomen poliisilaitos kertoi&hellip;\n","protected":false},"author":2,"featured_media":159052,"comment_status":"","ping_status":"","sticky":false,"template":"","format":"standard","meta":{"footnotes":"","_share_on_mastodon":"0"},"categories":[12],"tags":[36,22,23,26,27,33,31,30,17,24,25,28,29,15,18,21,122,54,5437,32,551,712,19,20,546,16],"class_list":["post-159051","post","type-post","status-publish","format-standard","has-post-thumbnail","category-suomi","tag-asuintalot-ja-asunnot","tag-breaking-news","tag-breakingnews","tag-featured-news","tag-featurednews","tag-fi","tag-finland","tag-finnish","tag-headlines","tag-latest-news","tag-latestnews","tag-main-news","tag-mainnews","tag-news","tag-otsikot","tag-paauutiset","tag-pelastaminen","tag-pelastuspalvelut","tag-pispala","tag-suomi","tag-tampere","tag-tampereen-seutukunta","tag-top-stories","tag-topstories","tag-turvallisuus","tag-uutiset"],"share_on_mastodon":{"url":"https:\/\/pubeurope.com\/@fi\/116001362681767509","error":""},"_links":{"self":[{"href":"https:\/\/www.europesays.com\/fi\/wp-json\/wp\/v2\/posts\/159051","targetHints":{"allow":["GET"]}}],"collection":[{"href":"https:\/\/www.europesays.com\/fi\/wp-json\/wp\/v2\/posts"}],"about":[{"href":"https:\/\/www.europesays.com\/fi\/wp-json\/wp\/v2\/types\/post"}],"author":[{"embeddable":true,"href":"https:\/\/www.europesays.com\/fi\/wp-json\/wp\/v2\/users\/2"}],"replies":[{"embeddable":true,"href":"https:\/\/www.europesays.com\/fi\/wp-json\/wp\/v2\/comments?post=159051"}],"version-history":[{"count":0,"href":"https:\/\/www.europesays.com\/fi\/wp-json\/wp\/v2\/posts\/159051\/revisions"}],"wp:featuredmedia":[{"embeddable":true,"href":"https:\/\/www.europesays.com\/fi\/wp-json\/wp\/v2\/media\/159052"}],"wp:attachment":[{"href":"https:\/\/www.europesays.com\/fi\/wp-json\/wp\/v2\/media?parent=159051"}],"wp:term":[{"taxonomy":"category","embeddable":true,"href":"https:\/\/www.europesays.com\/fi\/wp-json\/wp\/v2\/categories?post=159051"},{"taxonomy":"post_tag","embeddable":true,"href":"https:\/\/www.europesays.com\/fi\/wp-json\/wp\/v2\/tags?post=159051"}],"curies":[{"name":"wp","href":"https:\/\/api.w.org\/{rel}","templated":true}]}}