{"id":159228,"date":"2026-02-02T18:10:08","date_gmt":"2026-02-02T18:10:08","guid":{"rendered":"https:\/\/www.europesays.com\/fi\/159228\/"},"modified":"2026-02-02T18:10:08","modified_gmt":"2026-02-02T18:10:08","slug":"kaksi-miesta-sai-tuomion-tamperelaisen-k-marketin-torkeasta-ryostosta-molemmille-noin-kolme-vuotta-vankeutta-pirkanmaa","status":"publish","type":"post","link":"https:\/\/www.europesays.com\/fi\/159228\/","title":{"rendered":"Kaksi miest\u00e4 sai tuomion tamperelaisen K-marketin t\u00f6rke\u00e4st\u00e4 ry\u00f6st\u00f6st\u00e4 \u2013 molemmille noin kolme vuotta vankeutta | Pirkanmaa"},"content":{"rendered":"<p class=\"aw-1gybjub aw-5vja16 kEtdKx kmuxyA yle__article__paragraph\">Poliisipartio otti miehet kiinni tekopaikalla. Ry\u00f6st\u00f6 tapahtui marraskuussa Tampereen keskustan tuntumassa.<\/p>\n<p><img decoding=\"async\" alt=\"Alaviistosta otettu kuva punatiiliset\u00e4 oikeustalosta. Rakennuksen sein\u00e4ss\u00e4 teksti &quot;oikeustalo&quot;.\" src=\"https:\/\/www.europesays.com\/fi\/wp-content\/uploads\/2026\/02\/39-15878166979c522f2a91.jpeg\" class=\"aw-1l9m598 hKVVvP\"\/><\/p>\n<p>Avaa kuvien katselu<\/p>\n<p>Pirkanmaan k\u00e4r\u00e4j\u00e4oikeus antoi tuomion K-marketin ry\u00f6st\u00f6st\u00e4 tammikuun alkupuolella. Kuva: Sanni Isom\u00e4ki \/ Yle<\/p>\n<p class=\"aw-1gybjub aw-1p7kakr kEtdKx cEmitX yle__article__paragraph\">Pirkanmaan k\u00e4r\u00e4j\u00e4oikeus on tuominnut kaksi miest\u00e4 vankeuteen tamperelaisen K-marketin t\u00f6rke\u00e4st\u00e4 ry\u00f6st\u00f6st\u00e4.<\/p>\n<p class=\"aw-1gybjub aw-1p7kakr kEtdKx cEmitX yle__article__paragraph\">Molemmat miehet saivat noin kolmen vuoden vankeusrangaistuksen.<\/p>\n<p class=\"aw-1gybjub aw-1p7kakr kEtdKx cEmitX yle__article__paragraph\">Toisen miehen rangaistuksessa on mukana aikaisemmassa tuomiossa tuomittu, nyt t\u00e4yt\u00e4nt\u00f6\u00f6npantavaksi m\u00e4\u00e4r\u00e4tty rangaistus.<\/p>\n<p class=\"aw-1gybjub aw-1p7kakr kEtdKx cEmitX yle__article__paragraph\">Toisen tuomitun rangaistukseen sis\u00e4ltyy t\u00e4yt\u00e4nt\u00f6\u00f6npantavaksi m\u00e4\u00e4r\u00e4tty j\u00e4\u00e4nn\u00f6srangaistus. Mies oli p\u00e4\u00e4ssyt ehdonalaiseen vapauteen toukokuussa 2025.<\/p>\n<p class=\"aw-1gybjub aw-1p7kakr kEtdKx cEmitX yle__article__paragraph\">Kyse on tapauksesta, jossa kaksi miest\u00e4 yritti ry\u00f6st\u00e4\u00e4 Pyynikinkulman K-marketin lauantaiaamuna viime marraskuussa. Kauppa sijaitsee Tampereen Kaakinmaalla keskustan tuntumassa.<\/p>\n<p>Miehet uhkasivat keitti\u00f6veitsill\u00e4<\/p>\n<p class=\"aw-1gybjub aw-1p7kakr kEtdKx cEmitX yle__article__paragraph\">Miehet yrittiv\u00e4t vied\u00e4 kaupan kassavarat uhkaamalla myym\u00e4l\u00e4n ty\u00f6ntekij\u00f6it\u00e4 keitti\u00f6veitsill\u00e4. Miehet saapuivat kauppaan naamioituneina.<\/p>\n<p class=\"aw-1gybjub aw-1p7kakr kEtdKx cEmitX yle__article__paragraph\">Miehet eiv\u00e4t saaneet myym\u00e4l\u00e4n kassakaapissa olleita rahoja, koska ty\u00f6ntekij\u00e4t eiv\u00e4t tienneet kassakaapin koodia. T\u00e4m\u00e4n j\u00e4lkeen miehet veiv\u00e4t kahdelta ty\u00f6ntekij\u00e4lt\u00e4 ja yhdelt\u00e4 asiakkaalta puhelimia, pankkikortteja ja k\u00e4teist\u00e4 rahaa. Lopulta poliisi tuli paikalle ja otti miehet kiinni.<\/p>\n<p class=\"aw-1gybjub aw-1p7kakr kEtdKx cEmitX yle__article__paragraph\">Miehet tunnustivat toimineensa syytteen esitt\u00e4m\u00e4ll\u00e4 tavalla. Todisteet ja asianomistajien kertomukset tukivat syytett\u00e4.<\/p>\n<p class=\"aw-1gybjub aw-1p7kakr kEtdKx cEmitX yle__article__paragraph\">Teko kesti noin 15 minuuttia ennen kuin poliisi keskeytti sen. Kukaan ei saanut tilanteessa fyysisi\u00e4 vammoja.<\/p>\n<p class=\"aw-1gybjub aw-1p7kakr kEtdKx cEmitX yle__article__paragraph\">Syytt\u00e4j\u00e4 nosti miehi\u00e4 vastaan syytteet my\u00f6s t\u00f6rkeist\u00e4 vapaudenriistoista, mutta oikeus hylk\u00e4si syytteet. Oikeuden mukaan vastaajien menettely tulee rikosoikeudellisesti riitt\u00e4v\u00e4sti arvioiduksi soveltamalla pelk\u00e4st\u00e4\u00e4n t\u00f6rke\u00e4\u00e4 ry\u00f6st\u00f6\u00e4 koskevaa s\u00e4\u00e4nn\u00f6st\u00e4.<\/p>\n<p class=\"aw-1gybjub aw-1p7kakr kEtdKx cEmitX yle__article__paragraph\">K\u00e4r\u00e4j\u00e4oikeuden tuomioon voi hakea muutosta valittamalla.<\/p>\n<p>Onko sinulla meille juttuvinkki, uutiskuva tai -video Pirkanmaalta?<\/p>\n<p class=\"aw-1gybjub aw-1p7kakr kEtdKx cEmitX yle__article__paragraph\">Voit l\u00e4hesty\u00e4 toimitusta luottamuksella ja l\u00e4hett\u00e4\u00e4 alla olevalla lomakkeella vinkkisi tai uutiskuvasi.<\/p>\n","protected":false},"excerpt":{"rendered":"Poliisipartio otti miehet kiinni tekopaikalla. Ry\u00f6st\u00f6 tapahtui marraskuussa Tampereen keskustan tuntumassa. Avaa kuvien katselu Pirkanmaan k\u00e4r\u00e4j\u00e4oikeus antoi tuomion&hellip;\n","protected":false},"author":2,"featured_media":159229,"comment_status":"","ping_status":"","sticky":false,"template":"","format":"standard","meta":{"footnotes":"","_share_on_mastodon":"0"},"categories":[12],"tags":[22,23,26,27,33,31,30,17,21457,24,25,28,29,15,1915,18,21,553,1726,4678,32,551,19,20,16],"class_list":["post-159228","post","type-post","status-publish","format-standard","has-post-thumbnail","category-suomi","tag-breaking-news","tag-breakingnews","tag-featured-news","tag-featurednews","tag-fi","tag-finland","tag-finnish","tag-headlines","tag-k-market","tag-latest-news","tag-latestnews","tag-main-news","tag-mainnews","tag-news","tag-oikeus","tag-otsikot","tag-paauutiset","tag-pirkanmaa","tag-rangaistukset","tag-ryosto","tag-suomi","tag-tampere","tag-top-stories","tag-topstories","tag-uutiset"],"share_on_mastodon":{"url":"https:\/\/pubeurope.com\/@fi\/116002385050433667","error":""},"_links":{"self":[{"href":"https:\/\/www.europesays.com\/fi\/wp-json\/wp\/v2\/posts\/159228","targetHints":{"allow":["GET"]}}],"collection":[{"href":"https:\/\/www.europesays.com\/fi\/wp-json\/wp\/v2\/posts"}],"about":[{"href":"https:\/\/www.europesays.com\/fi\/wp-json\/wp\/v2\/types\/post"}],"author":[{"embeddable":true,"href":"https:\/\/www.europesays.com\/fi\/wp-json\/wp\/v2\/users\/2"}],"replies":[{"embeddable":true,"href":"https:\/\/www.europesays.com\/fi\/wp-json\/wp\/v2\/comments?post=159228"}],"version-history":[{"count":0,"href":"https:\/\/www.europesays.com\/fi\/wp-json\/wp\/v2\/posts\/159228\/revisions"}],"wp:featuredmedia":[{"embeddable":true,"href":"https:\/\/www.europesays.com\/fi\/wp-json\/wp\/v2\/media\/159229"}],"wp:attachment":[{"href":"https:\/\/www.europesays.com\/fi\/wp-json\/wp\/v2\/media?parent=159228"}],"wp:term":[{"taxonomy":"category","embeddable":true,"href":"https:\/\/www.europesays.com\/fi\/wp-json\/wp\/v2\/categories?post=159228"},{"taxonomy":"post_tag","embeddable":true,"href":"https:\/\/www.europesays.com\/fi\/wp-json\/wp\/v2\/tags?post=159228"}],"curies":[{"name":"wp","href":"https:\/\/api.w.org\/{rel}","templated":true}]}}