{"id":159399,"date":"2026-02-02T23:09:09","date_gmt":"2026-02-02T23:09:09","guid":{"rendered":"https:\/\/www.europesays.com\/fi\/159399\/"},"modified":"2026-02-02T23:09:09","modified_gmt":"2026-02-02T23:09:09","slug":"mikko-leppilampi-yllattaa-musiikkiesityksella-hyvinkaalla-katso-kuvat-ja-tunnelmat","status":"publish","type":"post","link":"https:\/\/www.europesays.com\/fi\/159399\/","title":{"rendered":"Mikko Leppilampi yll\u00e4tt\u00e4\u00e4 musiikkiesityksell\u00e4 Hyvink\u00e4\u00e4ll\u00e4 \u2013 katso kuvat ja tunnelmat"},"content":{"rendered":"<p>            Ari Lahti\n        <\/p>\n<p class=\"subtitle \">Mit\u00e4 hiljaiseloa el\u00e4v\u00e4lle Mikolle kuuluu nyt?<\/p>\n<p class=\"article-content article-content-width !bg-background\">N\u00e4yttelij\u00e4-juontaja  on nautiskellut astetta yksityisemm\u00e4st\u00e4 el\u00e4m\u00e4st\u00e4 jo kev\u00e4\u00e4st\u00e4 2024, <a href=\"https:\/\/www.seiska.fi\/vain-seiskassa\/mikko-leppilampea-epaillaan-seksuaalisesta-ahdistelusta\/1336437\" target=\"_blank\" rel=\"nofollow noopener\">jouduttuaan ik\u00e4v\u00e4n kohun keskelle<\/a>.<\/p>\n<p class=\"font-weight-bold m-font-weight-bold article-content article-content-width !bg-background\">Katso my\u00f6s! N\u00e4in Mikko ja Beata Leppilammen rakkaustarina alkoi:<\/p>\n<p class=\"article-content article-content-width !bg-background\"><a href=\"https:\/\/www.seiska.fi\/vain-seiskassa\/syyttajalta-paatos-mikko-leppilammen-rikostutkinnasta-nain-kavi\/1531024\" target=\"_blank\" rel=\"nofollow noopener\">Marraskuussa 2024 uutisoitiin<\/a>, ett\u00e4 Mikko ei saa syytett\u00e4 seksuaalisesta h\u00e4irinn\u00e4st\u00e4. Syytt\u00e4j\u00e4 teki syytt\u00e4m\u00e4tt\u00e4j\u00e4tt\u00e4misp\u00e4\u00e4t\u00f6ksen, sill\u00e4 v\u00e4itetyst\u00e4 seksuaalisesta ahdistelusta ei ollut riitt\u00e4v\u00e4sti n\u00e4ytt\u00f6\u00e4. P\u00e4\u00e4t\u00f6ksen perustelut on salattu.<\/p>\n<p class=\"article-content article-content-width !bg-background\">Kohun j\u00e4lkeen karismaattinen televisiokasvo on silloin t\u00e4ll\u00f6in muistuttanut olemassa olostaan satunnaisilla esiintymisill\u00e4. T\u00e4ll\u00e4 kertaa Mikko teki sen n\u00e4ytt\u00e4v\u00e4sti musiikin muodossa.<\/p>\n<p>Yll\u00e4tt\u00e4v\u00e4 rep\u00e4isy!<\/p>\n<p class=\"article-content article-content-width !bg-background\"> Moni suomalaisista saattaa toisinaan unohtaa, ett\u00e4 t\u00e4m\u00e4 n\u00e4yttelij\u00e4-juontaja on my\u00f6s lahjakas laulaja. Mikko virkisti kansan muistia perjantaina (30.1.) s\u00e4est\u00e4m\u00e4ll\u00e4 orkesteriesityst\u00e4 yhdess\u00e4 n\u00e4yttelij\u00e4  kanssa. Kyseess\u00e4 oli Hyvink\u00e4\u00e4n orkesterin esitys Hyvink\u00e4\u00e4n salissa, jota Mikko ja Anna-Maija vetiv\u00e4t yhdess\u00e4 kapelimestarin sek\u00e4 komppiosaston kanssa.\u00a0<\/p>\n<p>        <a itemprop=\"url\" href=\"https:\/\/www.seiska.fi\/rikos\/mikko-leppilammen-tutkinnassa-merkittava-kaanne-nain-poliisi-kertoo\/1343313\" rel=\"nofollow noopener\" target=\"_blank\"><\/p>\n<p class=\"section-date\">\n        <strong class=\"article-section\" data-section=\"rikos\"><br \/>\n            rikos<br \/>\n        <\/strong><br \/>\n        7.5.2024 13:08\n    <\/p>\n<p>Mikko Leppilammen tutkinnassa merkitt\u00e4v\u00e4 k\u00e4\u00e4nne: N\u00e4in poliisi kertoo\n    <\/p>\n<p itemprop=\"description\" class=\"subtitle \">\n    Mikko Leppilammesta tehty rikostutkinta on edennyt.\n<\/p>\n<p>        <\/a><\/p>\n<p class=\"article-content article-content-width !bg-background\">Anna-Maija sek\u00e4 Hyvink\u00e4\u00e4n orkesteri julkaisivat tapahtumasta otoksia Instagram-tileilleen.<\/p>\n<p class=\"article-content article-content-width !bg-background\"> \u2013 Aivan huikeaa meininki\u00e4 t\u00e4n\u00e4\u00e4n Hyvink\u00e4\u00e4ll\u00e4. Valovoimaiset solistit Mikko Leppilampi ja Anna-Maija Tuokko, kapellimestari Antti Rissanen, meid\u00e4n ihana orkesteri sek\u00e4 upea komppi-osasto Joonas Kasurinen, Saku Mattila, Timo Tolonen ja Kepa Kettunen pistiv\u00e4t t\u00e4n\u00e4\u00e4n parastaan ja nostivat Hyvink\u00e4\u00e4n salin\u00a0tunnelman kattoon. Ilta p\u00e4\u00e4ttyi koko yleis\u00f6n tanssiessa. KIITOS!!!, julkaisussa hehkutetaan. <\/p>\n<p class=\"article-content article-content-width !bg-background\">Esitys vaikutti menneen siis toden teolla nappiin, ja hymy oli herk\u00e4ss\u00e4 my\u00f6s Mikon ja Anna-Maijan kasvoilla esityksen j\u00e4lkeen.<\/p>\n","protected":false},"excerpt":{"rendered":"Ari Lahti Mit\u00e4 hiljaiseloa el\u00e4v\u00e4lle Mikolle kuuluu nyt? N\u00e4yttelij\u00e4-juontaja on nautiskellut astetta yksityisemm\u00e4st\u00e4 el\u00e4m\u00e4st\u00e4 jo kev\u00e4\u00e4st\u00e4 2024, jouduttuaan&hellip;\n","protected":false},"author":2,"featured_media":159400,"comment_status":"","ping_status":"","sticky":false,"template":"","format":"standard","meta":{"footnotes":"","_share_on_mastodon":"0"},"categories":[136],"tags":[19707,407,137,33,31,30,26566,408,212,4424,26565,4796,32,109],"class_list":["post-159399","post","type-post","status-publish","format-standard","has-post-thumbnail","category-julkkikset","tag-anna-maija-tuokko","tag-celebrities","tag-entertainment","tag-fi","tag-finland","tag-finnish","tag-hyvinkaan-orkesteri","tag-julkkikset","tag-lifestyle","tag-mikko-leppilampi","tag-musiikkiesitys","tag-seksuaalinen-ahdistelu","tag-suomi","tag-viihde"],"share_on_mastodon":{"url":"https:\/\/pubeurope.com\/@fi\/116003560658349140","error":""},"_links":{"self":[{"href":"https:\/\/www.europesays.com\/fi\/wp-json\/wp\/v2\/posts\/159399","targetHints":{"allow":["GET"]}}],"collection":[{"href":"https:\/\/www.europesays.com\/fi\/wp-json\/wp\/v2\/posts"}],"about":[{"href":"https:\/\/www.europesays.com\/fi\/wp-json\/wp\/v2\/types\/post"}],"author":[{"embeddable":true,"href":"https:\/\/www.europesays.com\/fi\/wp-json\/wp\/v2\/users\/2"}],"replies":[{"embeddable":true,"href":"https:\/\/www.europesays.com\/fi\/wp-json\/wp\/v2\/comments?post=159399"}],"version-history":[{"count":0,"href":"https:\/\/www.europesays.com\/fi\/wp-json\/wp\/v2\/posts\/159399\/revisions"}],"wp:featuredmedia":[{"embeddable":true,"href":"https:\/\/www.europesays.com\/fi\/wp-json\/wp\/v2\/media\/159400"}],"wp:attachment":[{"href":"https:\/\/www.europesays.com\/fi\/wp-json\/wp\/v2\/media?parent=159399"}],"wp:term":[{"taxonomy":"category","embeddable":true,"href":"https:\/\/www.europesays.com\/fi\/wp-json\/wp\/v2\/categories?post=159399"},{"taxonomy":"post_tag","embeddable":true,"href":"https:\/\/www.europesays.com\/fi\/wp-json\/wp\/v2\/tags?post=159399"}],"curies":[{"name":"wp","href":"https:\/\/api.w.org\/{rel}","templated":true}]}}