{"id":159440,"date":"2026-02-03T00:14:09","date_gmt":"2026-02-03T00:14:09","guid":{"rendered":"https:\/\/www.europesays.com\/fi\/159440\/"},"modified":"2026-02-03T00:14:09","modified_gmt":"2026-02-03T00:14:09","slug":"yli-neljasataa-koululaista-evakuoitiin-putkien-jaatymisen-takia-helsingissa-uusimaa","status":"publish","type":"post","link":"https:\/\/www.europesays.com\/fi\/159440\/","title":{"rendered":"Yli nelj\u00e4sataa koululaista evakuoitiin putkien j\u00e4\u00e4tymisen takia Helsingiss\u00e4 | Uusimaa"},"content":{"rendered":"<p class=\"aw-1gybjub aw-5vja16 kEtdKx kmuxyA yle__article__paragraph\">Maunulan ruotsinkielisen ala-asteen ja esikoulun oppilaat sek\u00e4 osa suomenkielisen Maunulan ala-asteen oppilaista joutui siirtym\u00e4\u00e4n toisiin kouluihin.<\/p>\n<p><img decoding=\"async\" alt=\"Eskolanm\u00e4en koulun oppitunti Kouvolassa.\" src=\"https:\/\/www.europesays.com\/fi\/wp-content\/uploads\/2026\/02\/39-7223525f6b3920a0767.jpeg\" class=\"aw-1l9m598 hKVVvP\"\/><\/p>\n<p>Avaa kuvien katselu<\/p>\n<p>Oppilaat p\u00e4\u00e4sev\u00e4t huomenna tiistaina takaisin Palohein\u00e4ntien tiloihin. Kuvituskuva. Kuva: Antro Valo \/ Yle<\/p>\n<ul class=\"aw-1jjocuh iJTSwP yle__article__list yle__article__list--ul\">\n<li class=\"aw-1j7gwms gNYKfi\">Yli 400 lasta evakuoitiin maanantaina Helsingiss\u00e4, kun v\u00e4liaikaisen koulurakennuksen putket j\u00e4\u00e4tyiv\u00e4t.<\/li>\n<li class=\"aw-1j7gwms gNYKfi\">Vika esti vessojen ja keitti\u00f6n k\u00e4yt\u00f6n, joten oppilaat siirrettiin muihin tiloihin p\u00e4iv\u00e4n ajaksi.<\/li>\n<li class=\"aw-1j7gwms gNYKfi\">Samassa paviljonkirakennuksessa on ollut ongelmia my\u00f6s l\u00e4mmityksen kanssa.<\/li>\n<li class=\"aw-1j7gwms gNYKfi\">Oppilaat p\u00e4\u00e4sev\u00e4t palaamaan koulurakennukseen tiistaina.<\/li>\n<\/ul>\n<p class=\"aw-1gybjub aw-1p7kakr kEtdKx cEmitX yle__article__paragraph\">Yli nelj\u00e4sataa oppilasta evakuoitiin t\u00e4n\u00e4\u00e4n maanantaina kesken koulup\u00e4iv\u00e4n, kun Helsingin Palohein\u00e4ss\u00e4 sijaitsevan paviljonkikoulun putket j\u00e4\u00e4tyiv\u00e4t.<\/p>\n<p class=\"aw-1gybjub aw-1p7kakr kEtdKx cEmitX yle__article__paragraph\">Palohein\u00e4ntie 40:ss\u00e4 sijaitsevissa v\u00e4liaikaistiloissa toimii ruotsinkielinen alakoulu M\u00e5nsas l\u00e5gstadieskola ja esikoulu M\u00e5nsas f\u00f6rskola.<\/p>\n<p class=\"aw-1gybjub aw-1p7kakr kEtdKx cEmitX yle__article__paragraph\">Lis\u00e4ksi tiloissa k\u00e4yv\u00e4t koulua suomenkielisen Maunulan ala-asteen 1.\u20133. luokkalaiset.<\/p>\n<p class=\"aw-1gybjub aw-1p7kakr kEtdKx cEmitX yle__article__paragraph\">Aamulla tuli viesti, ett\u00e4 paviljonkirakennuksen putket ovat j\u00e4\u00e4tyneet, eik\u00e4 vett\u00e4 tule, kertoo ruotsinkielisen alakoulun rehtori <strong class=\"aw-ak79eh KyCXm yle__article__strong\">Satu Wendell<\/strong>. Wc-tiloja tai keitti\u00f6t\u00e4 ei voitu k\u00e4ytt\u00e4\u00e4.<\/p>\n<p class=\"aw-1gybjub aw-1p7kakr kEtdKx cEmitX yle__article__paragraph\">\u2013 Kun ilmeni, ett\u00e4 vikaa ei saada korjattua kohtuullisessa ajassa, oppilaat p\u00e4\u00e4tettiin siirt\u00e4\u00e4 toiseen kouluun.<\/p>\n<p class=\"aw-1gybjub aw-1p7kakr kEtdKx cEmitX yle__article__paragraph\">Ruotsinkielisess\u00e4 koulussa on 118 oppilasta, jotka k\u00e4yv\u00e4t 1.-6. luokkaa.<\/p>\n<p class=\"aw-1gybjub aw-1p7kakr kEtdKx cEmitX yle__article__paragraph\">Oppilaat siirtyiv\u00e4t pieniss\u00e4 ryhmiss\u00e4 julkisella liikenteell\u00e4 Alppiharjuun \u00c5sh\u00f6jdens grundskolan tiloihin, Wendell kertoo. H\u00e4n on my\u00f6s alppiharjulaiskoulun rehtori.<\/p>\n<p class=\"aw-1gybjub aw-1p7kakr kEtdKx cEmitX yle__article__paragraph\">Ruotsinkielisen esikoulun 25 lasta siirtyiv\u00e4t p\u00e4iv\u00e4n ajaksi parin kilometrin p\u00e4\u00e4h\u00e4n toiseen p\u00e4iv\u00e4kotiin.<\/p>\n<p>\u201dKolmoset innoissaan\u201d<\/p>\n<p class=\"aw-1gybjub aw-1p7kakr kEtdKx cEmitX yle__article__paragraph\">M\u00e5nsas l\u00e5gstadieskolan ja suomenkielisen Maunulan ala-asteen varsinainen koulurakennus Maunulanm\u00e4ell\u00e4 on remontissa.<\/p>\n<p class=\"aw-1gybjub aw-1p7kakr kEtdKx cEmitX yle__article__paragraph\">Noin 300 suomenkielisen ala-asteen oppilasta, 1.\u20133. luokkalaiset, k\u00e4yv\u00e4t koulua Palohein\u00e4ntiell\u00e4. Heist\u00e4 osa siirtyi maanantaina koulun toisiin v\u00e4ist\u00f6tiloihin K\u00e4pyl\u00e4\u00e4n, miss\u00e4 koulun 4.\u20136. luokat toimivat.<\/p>\n<p class=\"aw-1gybjub aw-1p7kakr kEtdKx cEmitX yle__article__paragraph\">\u2013 Kolmoset olivat aivan onnessaan, kun he p\u00e4\u00e4siv\u00e4t tutustumaan t\u00e4nne jo nyt, heh\u00e4n tulevat t\u00e4nne ensi syksyn\u00e4 neloselle, kertoo rehtori <strong class=\"aw-ak79eh KyCXm yle__article__strong\">Taija Kiesi-Talpiainen<\/strong>.<\/p>\n<p class=\"aw-1gybjub aw-1p7kakr kEtdKx cEmitX yle__article__paragraph\">Pienemm\u00e4t koululaiset siirtyiv\u00e4t Palohein\u00e4n ala-asteen ja Pakilan peruskoulun tiloihin ja osa Pakilan kirkkoon ja Maunula-taloon.<\/p>\n<p class=\"aw-1gybjub aw-1p7kakr kEtdKx cEmitX yle__article__paragraph\">Osa p\u00e4\u00e4si v\u00e4ist\u00f6tiloihin k\u00e4vellen ja osa koulukuljetuksella, rehtori kertoo.<\/p>\n<p class=\"aw-1gybjub aw-1p7kakr kEtdKx cEmitX yle__article__paragraph\">\u2013 Osa pikkukoululaisista oli huolissaan, l\u00f6yt\u00e4\u00e4k\u00f6 kuljetus perille.<\/p>\n<p class=\"aw-1gybjub aw-1p7kakr kEtdKx cEmitX yle__article__paragraph\">Kaikki sujui kuitenkin rehtorin mukaan hyvin.<\/p>\n<p>Tiistaina takaisin Palohein\u00e4ntielle<\/p>\n<p class=\"aw-1gybjub aw-1p7kakr kEtdKx cEmitX yle__article__paragraph\">Huomenna tiistaina kaikki oppilaat p\u00e4\u00e4sev\u00e4t jatkamaan koulua tutuissa tiloissa Palohein\u00e4ntiell\u00e4.<\/p>\n<p class=\"aw-1gybjub aw-1p7kakr kEtdKx cEmitX yle__article__paragraph\">\u2013 Iltap\u00e4iv\u00e4ll\u00e4 sain tiedon, ett\u00e4 vika on paikallistettu ja se saadaan t\u00e4m\u00e4n p\u00e4iv\u00e4n aikana korjattua, Satu Wendell kertoo.<\/p>\n<p class=\"aw-1gybjub aw-1p7kakr kEtdKx cEmitX yle__article__paragraph\">Ruotsinkielisen alakoulun evakuoinnista kertoi ensimm\u00e4isen\u00e4 <a class=\"aw-iao6s4 iHOxEa yle__article__link\" href=\"https:\/\/www.hbl.fi\/2026-02-02\/mansas-skola-evakueras-till-ashojden\/\" role=\"link\" rel=\"nofollow noopener\" target=\"_blank\">HBL<\/a>.<\/p>\n<p class=\"aw-1gybjub aw-1p7kakr kEtdKx cEmitX yle__article__paragraph\">Palohein\u00e4ntien paviljongissa on ollut my\u00f6s l\u00e4mmitysongelmia. Yhdess\u00e4 luokassa oli HBL:n mukaan viime viikolla vain 14 astetta l\u00e4mmint\u00e4.<\/p>\n<p class=\"aw-1gybjub aw-1p7kakr kEtdKx cEmitX yle__article__paragraph\">\u2013 Siell\u00e4 on ajoittain ollut koleaa, kun on ollut kovia pakkasia. Tilanne on kuitenkin saatu korjattua, Satu Wendell sanoo.<\/p>\n","protected":false},"excerpt":{"rendered":"Maunulan ruotsinkielisen ala-asteen ja esikoulun oppilaat sek\u00e4 osa suomenkielisen Maunulan ala-asteen oppilaista joutui siirtym\u00e4\u00e4n toisiin kouluihin. Avaa kuvien&hellip;\n","protected":false},"author":2,"featured_media":159441,"comment_status":"","ping_status":"","sticky":false,"template":"","format":"standard","meta":{"footnotes":"","_share_on_mastodon":"0"},"categories":[12],"tags":[26571,22,23,2264,26,27,33,31,30,17,104,26570,71,8320,24,25,28,29,3092,15,18,21,26569,3639,3231,32,19,20,1168,16],"class_list":["post-159440","post","type-post","status-publish","format-standard","has-post-thumbnail","category-suomi","tag-alppiharju","tag-breaking-news","tag-breakingnews","tag-evakuointi","tag-featured-news","tag-featurednews","tag-fi","tag-finland","tag-finnish","tag-headlines","tag-helsinki","tag-kapyla","tag-kotimaa","tag-koulurakennukset","tag-latest-news","tag-latestnews","tag-main-news","tag-mainnews","tag-maunula","tag-news","tag-otsikot","tag-paauutiset","tag-paloheina","tag-rakennukset","tag-remontti","tag-suomi","tag-top-stories","tag-topstories","tag-uusimaa","tag-uutiset"],"share_on_mastodon":{"url":"https:\/\/pubeurope.com\/@fi\/116003816395569069","error":""},"_links":{"self":[{"href":"https:\/\/www.europesays.com\/fi\/wp-json\/wp\/v2\/posts\/159440","targetHints":{"allow":["GET"]}}],"collection":[{"href":"https:\/\/www.europesays.com\/fi\/wp-json\/wp\/v2\/posts"}],"about":[{"href":"https:\/\/www.europesays.com\/fi\/wp-json\/wp\/v2\/types\/post"}],"author":[{"embeddable":true,"href":"https:\/\/www.europesays.com\/fi\/wp-json\/wp\/v2\/users\/2"}],"replies":[{"embeddable":true,"href":"https:\/\/www.europesays.com\/fi\/wp-json\/wp\/v2\/comments?post=159440"}],"version-history":[{"count":0,"href":"https:\/\/www.europesays.com\/fi\/wp-json\/wp\/v2\/posts\/159440\/revisions"}],"wp:featuredmedia":[{"embeddable":true,"href":"https:\/\/www.europesays.com\/fi\/wp-json\/wp\/v2\/media\/159441"}],"wp:attachment":[{"href":"https:\/\/www.europesays.com\/fi\/wp-json\/wp\/v2\/media?parent=159440"}],"wp:term":[{"taxonomy":"category","embeddable":true,"href":"https:\/\/www.europesays.com\/fi\/wp-json\/wp\/v2\/categories?post=159440"},{"taxonomy":"post_tag","embeddable":true,"href":"https:\/\/www.europesays.com\/fi\/wp-json\/wp\/v2\/tags?post=159440"}],"curies":[{"name":"wp","href":"https:\/\/api.w.org\/{rel}","templated":true}]}}