{"id":15945,"date":"2025-08-25T15:01:07","date_gmt":"2025-08-25T15:01:07","guid":{"rendered":"https:\/\/www.europesays.com\/fi\/15945\/"},"modified":"2025-08-25T15:01:07","modified_gmt":"2025-08-25T15:01:07","slug":"tallaista-venom-coveria-et-valttamatta-ole-ennen-kuullut-black-metal-akustisena-banjolla","status":"publish","type":"post","link":"https:\/\/www.europesays.com\/fi\/15945\/","title":{"rendered":"T\u00e4llaista Venom-coveria et v\u00e4ltt\u00e4m\u00e4tt\u00e4 ole ennen kuullut \u2013 Black Metal akustisena banjolla"},"content":{"rendered":"<p>Englantilaisen heavy-ikoni <strong>Venomin<\/strong> albumi Black Metal on monumentti, joka on j\u00e4tt\u00e4nyt valtavan sormenj\u00e4lkens\u00e4 koko sen j\u00e4lkeen tehtyyn metallimusiikkiin.<\/p>\n<p>Se julkaistiin Neat Recordsin kautta loppuvuodesta 1982 ja se on yhtyeen toinen studioalbumi.<\/p>\n<p>Lue my\u00f6s: <a href=\"https:\/\/www.inferno.fi\/uutiset\/black-metalin-alkuriffi-syntyi-vessanpontolla-istuessani-ja-koko-biisi-oli-kasassa-ehka-varttituntia-myohemmin-haastattelussa-venom-legenda-jeffrey-mantas-dunn\/\" title=\"\u201dBlack Metalin alkuriffi syntyi vessanp\u00f6nt\u00f6ll\u00e4 istuessani, ja koko biisi oli kasassa ehk\u00e4 varttituntia my\u00f6hemmin\u201d \u2013 haastattelussa Venom-legenda Jeffrey \u201dMantas\u201d Dunn\" class=\"underline-custom !font-montserrat !font-bold !underline-offset-4 !decoration-4 !decoration-red-600 !text-md\" rel=\"nofollow noopener\" target=\"_blank\">\u201dBlack Metalin alkuriffi syntyi vessanp\u00f6nt\u00f6ll\u00e4 istuessani, ja koko biisi oli kasassa ehk\u00e4 varttituntia my\u00f6hemmin\u201d \u2013 haastattelussa Venom-legenda Jeffrey \u201dMantas\u201d Dunn<\/a><\/p>\n<p>Lue my\u00f6s: <a href=\"https:\/\/www.inferno.fi\/uutiset\/venom-soitti-black-sabbath-sikerman-ozzyn-muistolle-hellsinki-metal-festivalilla\/\" title=\"Venom soitti Black Sabbath -sikerm\u00e4n Ozzyn muistolle Hellsinki Metal Festivalilla\" class=\"underline-custom !font-montserrat !font-bold !underline-offset-4 !decoration-4 !decoration-red-600 !text-md\" rel=\"nofollow noopener\" target=\"_blank\">Venom soitti Black Sabbath -sikerm\u00e4n Ozzyn muistolle Hellsinki Metal Festivalilla<\/a><\/p>\n<p>Levyn avausraita on nimibiisi Black Metal, joka on inspiroinut lukemattomia artisteja aina n\u00e4ihin p\u00e4iviin saakka. Omia versioitaan siit\u00e4 ovat tehneet vuosien saatossa muun muassa <strong>Cradle of Filth, Destruction, Dimmu Borgir, Mayhem<\/strong> ja <strong>Vader<\/strong>.<\/p>\n<p>Vaan lieneek\u00f6 siit\u00e4 aikaisemmin julkaistu banjo-coveria? Nyt sellainen ainakin l\u00f6ytyy, sill\u00e4 tubettaja autolysia on rimpauttanut siit\u00e4 akustisen, h\u00e4mment\u00e4v\u00e4n mutta jossakin oudossa hein\u00e4hattu-universumissa takuuvarmaa b\u00e4ngerikamaa olevan versionsa, jonka p\u00e4\u00e4set kuuntelemaan alta.<\/p>\n<p><img loading=\"lazy\" decoding=\"async\" alt=\"YouTube video\" width=\"480\" height=\"360\" data-pin-nopin=\"true\" nopin=\"nopin\" class=\"perfmatters-lazy\" src=\"https:\/\/www.europesays.com\/fi\/wp-content\/uploads\/2025\/08\/1756134067_116_hqdefault.jpg\"\/><\/p>\n","protected":false},"excerpt":{"rendered":"Englantilaisen heavy-ikoni Venomin albumi Black Metal on monumentti, joka on j\u00e4tt\u00e4nyt valtavan sormenj\u00e4lkens\u00e4 koko sen j\u00e4lkeen tehtyyn metallimusiikkiin.&hellip;\n","protected":false},"author":2,"featured_media":15946,"comment_status":"","ping_status":"","sticky":false,"template":"","format":"standard","meta":{"footnotes":""},"categories":[132],"tags":[4275,137,33,31,30,195,47,32,109,920],"class_list":{"0":"post-15945","1":"post","2":"type-post","3":"status-publish","4":"format-standard","5":"has-post-thumbnail","7":"category-musiikki","8":"tag-coverbiisi","9":"tag-entertainment","10":"tag-fi","11":"tag-finland","12":"tag-finnish","13":"tag-music","14":"tag-musiikki","15":"tag-suomi","16":"tag-viihde","17":"tag-youtube"},"share_on_mastodon":{"url":"","error":""},"_links":{"self":[{"href":"https:\/\/www.europesays.com\/fi\/wp-json\/wp\/v2\/posts\/15945","targetHints":{"allow":["GET"]}}],"collection":[{"href":"https:\/\/www.europesays.com\/fi\/wp-json\/wp\/v2\/posts"}],"about":[{"href":"https:\/\/www.europesays.com\/fi\/wp-json\/wp\/v2\/types\/post"}],"author":[{"embeddable":true,"href":"https:\/\/www.europesays.com\/fi\/wp-json\/wp\/v2\/users\/2"}],"replies":[{"embeddable":true,"href":"https:\/\/www.europesays.com\/fi\/wp-json\/wp\/v2\/comments?post=15945"}],"version-history":[{"count":0,"href":"https:\/\/www.europesays.com\/fi\/wp-json\/wp\/v2\/posts\/15945\/revisions"}],"wp:featuredmedia":[{"embeddable":true,"href":"https:\/\/www.europesays.com\/fi\/wp-json\/wp\/v2\/media\/15946"}],"wp:attachment":[{"href":"https:\/\/www.europesays.com\/fi\/wp-json\/wp\/v2\/media?parent=15945"}],"wp:term":[{"taxonomy":"category","embeddable":true,"href":"https:\/\/www.europesays.com\/fi\/wp-json\/wp\/v2\/categories?post=15945"},{"taxonomy":"post_tag","embeddable":true,"href":"https:\/\/www.europesays.com\/fi\/wp-json\/wp\/v2\/tags?post=15945"}],"curies":[{"name":"wp","href":"https:\/\/api.w.org\/{rel}","templated":true}]}}