{"id":159496,"date":"2026-02-03T01:57:08","date_gmt":"2026-02-03T01:57:08","guid":{"rendered":"https:\/\/www.europesays.com\/fi\/159496\/"},"modified":"2026-02-03T01:57:08","modified_gmt":"2026-02-03T01:57:08","slug":"nyt-clintonit-suostuvat-todistamaan-epstein-tutkinnassa-uutisia-lyhyesti","status":"publish","type":"post","link":"https:\/\/www.europesays.com\/fi\/159496\/","title":{"rendered":"NYT: Clintonit suostuvat todistamaan Epstein-tutkinnassa | Uutisia lyhyesti"},"content":{"rendered":"<p class=\"aw-1gybjub aw-5vja16 kEtdKx kmuxyA yle__article__paragraph\">Clintonit suostuivat vaatimuksiin sen j\u00e4lkeen, kun osa valiokunnan demokraateista yhtyi republikaanien kantaan.<\/p>\n<p><img decoding=\"async\" alt=\"Yhdysvaltain entinen presidentti Bill Clinton ja entinen ulkoministeri Hillary Clinton New Yorkissa.\" src=\"https:\/\/www.europesays.com\/fi\/wp-content\/uploads\/2026\/02\/39-1590779698153dd7f6d5.jpeg\" class=\"aw-1l9m598 hKVVvP\"\/><\/p>\n<p>Avaa kuvien katselu<\/p>\n<p>Yhdysvaltain entinen presidentti Bill Clinton ja entinen ulkoministeri Hillary Clinton New Yorkissa 2. marraskuuta 2025. Kuva: Sarah Yenesel \/ EPA<\/p>\n<p class=\"aw-1gybjub aw-1p7kakr kEtdKx cEmitX yle__article__paragraph\">Yhdysvaltain entinen presidentti <strong class=\"aw-ak79eh KyCXm yle__article__strong\">Bill Clinton<\/strong> ja entinen ulkoministeri <strong class=\"aw-ak79eh KyCXm yle__article__strong\">Hillary Clinton<\/strong> suostuvat todistamaan tutkinnassa, joka liittyy seksuaalirikoksista tuomittuun <strong class=\"aw-ak79eh KyCXm yle__article__strong\">Jeffrey Epsteiniin<\/strong>, kertoo <a class=\"aw-iao6s4 iHOxEa yle__article__link\" href=\"https:\/\/www.nytimes.com\/2026\/02\/02\/us\/politics\/bill-hillary-clinton-epstein-comer-contempt.html\" role=\"link\" rel=\"nofollow noopener\" target=\"_blank\">New York Times<\/a> (NYT).<\/p>\n<p class=\"aw-1gybjub aw-1p7kakr kEtdKx cEmitX yle__article__paragraph\">Clintonit ovat suhtautuneet todistamiseen <a class=\"aw-iao6s4 iHOxEa yle__article__link\" href=\"https:\/\/yle.fi\/a\/74-20204100\" role=\"link\" rel=\"nofollow noopener\" target=\"_blank\">vastahakoisesti<\/a> kuukausien ajan. Kaksikon mukaan edustajainhuoneen valvontavaliokunnan republikaanipuheenjohtajan <strong class=\"aw-ak79eh KyCXm yle__article__strong\">James Comerin<\/strong> haaste oli p\u00e4tem\u00e4t\u00f6n ja lain n\u00e4k\u00f6kulmasta t\u00e4yt\u00e4nt\u00f6\u00f6npanokelvoton.<\/p>\n<p class=\"aw-1gybjub aw-1p7kakr kEtdKx cEmitX yle__article__paragraph\">Clintonit suostuivat vaatimuksiin sen j\u00e4lkeen, kun osa valiokunnan demokraateista yhtyi republikaanien kantaan \u00e4\u00e4nestyksess\u00e4, jossa suositeltiin heid\u00e4n syytt\u00e4mist\u00e4 kongressin halventamisesta.<\/p>\n<p class=\"aw-1gybjub aw-1p7kakr kEtdKx cEmitX yle__article__paragraph\">Kaksikko oli aiemmin suostunut yhteisty\u00f6h\u00f6n valiokunnan kanssa, mutta kielt\u00e4ytynyt saapumasta paikalle henkil\u00f6kohtaisesti. Heid\u00e4n mukaansa tutkinta oli pyrkimys suojella presidentti <strong class=\"aw-ak79eh KyCXm yle__article__strong\">Donald Trumpia<\/strong>.<\/p>\n<p>Voitto republikaaneille<\/p>\n<p class=\"aw-1gybjub aw-1p7kakr kEtdKx cEmitX yle__article__paragraph\">Entinen presidenttipari yritti NYT:n mukaan viime p\u00e4iviin asti neuvotella valvontavaliokunnan kanssa suljettujen ovien takana l\u00f6yt\u00e4\u00e4kseen keinon, jotta Comer olisi perunut haasteen.<\/p>\n<p class=\"aw-1gybjub aw-1p7kakr kEtdKx cEmitX yle__article__paragraph\">\u2013 He neuvottelivat hyv\u00e4ss\u00e4 hengess\u00e4. Sin\u00e4 et [neuvotellut], Clintonien edustaja sanoi tiedotteessa Comeriin viitaten.<\/p>\n<p class=\"aw-1gybjub aw-1p7kakr kEtdKx cEmitX yle__article__paragraph\">Clintonien saapuminen kongressin eteen on lehden mukaan voitto Comerille, sill\u00e4 republikaanit ovat pyrkineet siirt\u00e4m\u00e4\u00e4n tutkinnassa huomiota demokraatteihin pois hallinnon toimista ja Trumpin sek\u00e4 Epsteinin suhteesta.<\/p>\n<p class=\"aw-1gybjub aw-1p7kakr kEtdKx cEmitX yle__article__paragraph\">NYT:n mukaan yksik\u00e4\u00e4n entinen presidentti ei ole todistanut kongressin edess\u00e4 sitten vuoden 1983.<\/p>\n<p class=\"aw-1gybjub aw-1p7kakr kEtdKx cEmitX yle__article__paragraph\">Hillary Clinton on sanonut, ett\u00e4 h\u00e4n ei ole koskaan tavannut tai puhunut Epsteinin kanssa. Bill Clinton oli puolestaan Epsteinin yst\u00e4v\u00e4 1990- ja 2000-luvuilla. Entinen presidentti on sanonut, ettei h\u00e4n tiennyt Epsteinin rikollisista toimista.<\/p>\n<p class=\"aw-1gybjub aw-1p7kakr kEtdKx cEmitX yle__article__paragraph\">L\u00e4hde: Reuters<\/p>\n","protected":false},"excerpt":{"rendered":"Clintonit suostuivat vaatimuksiin sen j\u00e4lkeen, kun osa valiokunnan demokraateista yhtyi republikaanien kantaan. Avaa kuvien katselu Yhdysvaltain entinen presidentti&hellip;\n","protected":false},"author":2,"featured_media":159497,"comment_status":"","ping_status":"","sticky":false,"template":"","format":"standard","meta":{"footnotes":"","_share_on_mastodon":"0"},"categories":[14],"tags":[2491,22,23,26,27,33,31,30,17,24837,24,25,28,29,15,18,21,32,19,20,56,16,59,60,61,619,1867],"class_list":["post-159496","post","type-post","status-publish","format-standard","has-post-thumbnail","category-ulkomaat","tag-bill-clinton","tag-breaking-news","tag-breakingnews","tag-featured-news","tag-featurednews","tag-fi","tag-finland","tag-finnish","tag-headlines","tag-hillary-clinton","tag-latest-news","tag-latestnews","tag-main-news","tag-mainnews","tag-news","tag-otsikot","tag-paauutiset","tag-suomi","tag-top-stories","tag-topstories","tag-ulkomaat","tag-uutiset","tag-world","tag-world-news","tag-worldnews","tag-yhdysvallat","tag-yhdysvaltojen-politiikka"],"share_on_mastodon":{"url":"https:\/\/pubeurope.com\/@fi\/116004221386506318","error":""},"_links":{"self":[{"href":"https:\/\/www.europesays.com\/fi\/wp-json\/wp\/v2\/posts\/159496","targetHints":{"allow":["GET"]}}],"collection":[{"href":"https:\/\/www.europesays.com\/fi\/wp-json\/wp\/v2\/posts"}],"about":[{"href":"https:\/\/www.europesays.com\/fi\/wp-json\/wp\/v2\/types\/post"}],"author":[{"embeddable":true,"href":"https:\/\/www.europesays.com\/fi\/wp-json\/wp\/v2\/users\/2"}],"replies":[{"embeddable":true,"href":"https:\/\/www.europesays.com\/fi\/wp-json\/wp\/v2\/comments?post=159496"}],"version-history":[{"count":0,"href":"https:\/\/www.europesays.com\/fi\/wp-json\/wp\/v2\/posts\/159496\/revisions"}],"wp:featuredmedia":[{"embeddable":true,"href":"https:\/\/www.europesays.com\/fi\/wp-json\/wp\/v2\/media\/159497"}],"wp:attachment":[{"href":"https:\/\/www.europesays.com\/fi\/wp-json\/wp\/v2\/media?parent=159496"}],"wp:term":[{"taxonomy":"category","embeddable":true,"href":"https:\/\/www.europesays.com\/fi\/wp-json\/wp\/v2\/categories?post=159496"},{"taxonomy":"post_tag","embeddable":true,"href":"https:\/\/www.europesays.com\/fi\/wp-json\/wp\/v2\/tags?post=159496"}],"curies":[{"name":"wp","href":"https:\/\/api.w.org\/{rel}","templated":true}]}}