{"id":1595,"date":"2025-08-11T15:10:10","date_gmt":"2025-08-11T15:10:10","guid":{"rendered":"https:\/\/www.europesays.com\/fi\/1595\/"},"modified":"2025-08-11T15:10:10","modified_gmt":"2025-08-11T15:10:10","slug":"kullan-kimallusta-ja-kiihdytysajoja-kirjakorttelin-yo-haastoi-katsomaan-ja-kokeilemaan-alueviesti","status":"publish","type":"post","link":"https:\/\/www.europesays.com\/fi\/1595\/","title":{"rendered":"Kullan kimallusta ja kiihdytysajoja \u2013 Kirjakorttelin y\u00f6 haastoi katsomaan ja kokeilemaan &#8211; Alueviesti"},"content":{"rendered":"<p><img loading=\"lazy\" decoding=\"async\" class=\"size-large wp-image-220255\" src=\"https:\/\/www.europesays.com\/fi\/wp-content\/uploads\/2025\/08\/KY1-758x514.jpg\" alt=\"\" width=\"758\" height=\"514\"  \/><strong>Marttilankadulla sai illan ajan ajella uusilla Herra Hakkaraisen talon polkuautoilla.<\/strong><\/p>\n<p>Herra Hakkaraisen talolla valvotaan nyt iltamy\u00f6h\u00e4\u00e4n. Herra itse pirte\u00e4n\u00e4 polkee autollaan tutulla kadullaan omistajan ja kuninkaan tavoin naisapulaisten valvovien silmien alla. Apulainen kehottaa muitakin kulkijoita uusien polkuautojen rattiin kokeilemaan menoa, tai jopa osallistumaan kiihdytyskisaan. N\u00e4iss\u00e4 on nyt jalkajarrutkin, valaistaan vieraita.<\/p>\n<p>Pukstaavissa, Funkkiksella ja Tyrv\u00e4\u00e4n kirjakaupalla poristaan vakavampia aiheita Kalevalasta, piispa <strong>Lallin<\/strong> ajoista <strong>Pentti Linkolaan<\/strong> asti sek\u00e4 elosta nykyp\u00e4iv\u00e4n kustantamisen, kuvittamisen ja kirjojen kauppaamiseenkin asti. Huumoriakin toki viljell\u00e4\u00e4n rivien v\u00e4liss\u00e4 ja suullisesti, eih\u00e4n t\u00e4m\u00e4 niin vakavaa kuitenkaan ole, vaikka eurot tiukoilla ovatkin painetun kirjan kauppiailla ja kustantajilla. Rakkaudesta lajiin toiminee moni alalla t\u00e4n\u00e4 p\u00e4iv\u00e4n\u00e4.<\/p>\n<p><img loading=\"lazy\" decoding=\"async\" class=\"size-large wp-image-220258\" src=\"https:\/\/www.europesays.com\/fi\/wp-content\/uploads\/2025\/08\/KY4-758x548.jpg\" alt=\"\" width=\"758\" height=\"548\"  \/><strong>V\u00e4ke\u00e4 rynnii tunnelmalliseen Funkkistalon yl\u00e4kertaan kuuntelemaan luentoa ja musiikkia historiasta ja uusista kirjoista.<\/strong><\/p>\n<p>K\u00e4ynniss\u00e4 on Kirjakorttelin y\u00f6n elokuinen tapahtuma Sastamalan Vammalassa. Kadulla kuljetaan ja katsellaan l\u00e4mpim\u00e4ss\u00e4 kes\u00e4illassa milt\u00e4 n\u00e4ytt\u00e4\u00e4 ja tuntuu k\u00e4vell\u00e4 kuin Vammalan toinen p\u00e4\u00e4v\u00e4yl\u00e4 Marttilankatu olisi k\u00e4velykatu. N\u00e4ilt\u00e4 kohdin niin onkin, katuosuus on suljettu illan ajaksi moottoriautoliikenteelt\u00e4. Ei p\u00e4rise polttomoottorit eik\u00e4 prutkuta mopot. Rauhassa saa juoda kupposen kahvia tai ruokailla juomien kera.<\/p>\n<p>Antikvariaatti Tyrw\u00e4\u00e4n ovella seisoo porukkaa ja sis\u00e4ll\u00e4 on tungosta. Mit\u00e4 t\u00e4\u00e4ll\u00e4 tapahtuu? Vammalalainen, toisen polven kullankaivaja <strong>Ami Telil\u00e4<\/strong> muistelee menneit\u00e4, aikoja joella lapionvarressa ja my\u00f6hemmin kaivinkoneen ohjaimissa Lemmenjoen kairassa. Telil\u00f6ist\u00e4 kirjan kirjoittanut <strong>Milla Peltonen<\/strong> kyselee kiinnostavasta aiheesta yleis\u00f6n kuunnellessa tarkkaavaisesti.<\/p>\n<p><img loading=\"lazy\" decoding=\"async\" class=\"size-large wp-image-220262\" src=\"https:\/\/www.europesays.com\/fi\/wp-content\/uploads\/2025\/08\/KY7-758x505.jpg\" alt=\"\" width=\"758\" height=\"505\"  \/><strong>Kultahiput on Telil\u00f6iden toimesta nimetty, t\u00e4ss\u00e4 niist\u00e4 yksi, joka oli yll\u00e4tt\u00e4en esill\u00e4 Kirjakorttelin Y\u00f6 -tapahtumassa. Kulta sytytt\u00e4\u00e4 edelleen, niin katsojat kuin Milla Palosen ja Ami Telil\u00e4n<\/strong>.<\/p>\n<p>H\u00e4mm\u00e4stys on suuri, kun Amin is\u00e4 <strong>Risto Telil\u00e4<\/strong> tuo p\u00f6yd\u00e4lle liki 200-grammaisen kultam\u00f6hk\u00e4leen ihmetelt\u00e4v\u00e4ksi. Kirjan nimi on\u00a0 \u00c4idin Kullat, Amin <strong>Marjut<\/strong>-\u00e4idin n\u00e4k\u00f6kulmasta osuvasti nimettyn\u00e4. \u00c4iti Marjut, Kemiss\u00e4 kasvanut, oli se joka vei perheen jo vuonna 1973 Lapin taikaan ja er\u00e4maihin tunturien taakse Lemmenjoelle.<\/p>\n<p>Kullankiilto silmiss\u00e4 onkin Kirjakorttelin illasta hyv\u00e4 poistua kirja k\u00e4dess\u00e4 ja muistella hetki omaa matkaa juhannuksena 1992 kultak\u00e4mpille Lemmenjoelle Amin ja<strong> Tanjan<\/strong> tunturih\u00e4ihin puolisoni seuralaisena. Vene- ja patikkamatka sek\u00e4 tunturipuron raikkaus kasvoilla ovat asioita, jotka edelleen muistaa. Eik\u00e4 mukana ollut puolison 18-vuotias nuorikkokaan j\u00e4\u00e4nyt kultak\u00e4mpille em\u00e4nn\u00f6im\u00e4\u00e4n, vaikka vanhempi kullankaivaja partansa takaa ja pilke silm\u00e4kulmassa kosinnasta puhuikin.<\/p>\n<p><strong>Teksti ja kuvat: Hannu Moilanen.<\/strong><\/p>\n<p><img loading=\"lazy\" decoding=\"async\" class=\"size-large wp-image-220256\" src=\"https:\/\/www.europesays.com\/fi\/wp-content\/uploads\/2025\/08\/KY2-758x505.jpg\" alt=\"\" width=\"758\" height=\"505\"  \/><strong>Marttilankadun loppup\u00e4\u00e4n tuntumassa asuva Mauri Tuominen viihtyi tapahtumassa.\u00a0<\/strong><br \/>\n<img loading=\"lazy\" decoding=\"async\" class=\"size-large wp-image-220257\" src=\"https:\/\/www.europesays.com\/fi\/wp-content\/uploads\/2025\/08\/KY3-758x550.jpg\" alt=\"\" width=\"758\" height=\"550\"  \/><strong>Kirjakorttelin y\u00f6n ajan Marttilankatu on v\u00e4h\u00e4n kuin vinksin vonksin.\u00a0<\/strong><br \/>\n<img loading=\"lazy\" decoding=\"async\" class=\"size-large wp-image-220259\" src=\"https:\/\/www.europesays.com\/fi\/wp-content\/uploads\/2025\/08\/KY5-758x631.jpg\" alt=\"\" width=\"758\" height=\"631\"  \/><strong>Antikvariaatti Tyrw\u00e4\u00e4ss\u00e4 on kunniavieraita, kullankaivaja Risto Telil\u00e4 odottaa omaa vuoroaan poikansa Amin j\u00e4lkeen. Taustalla divariyritt\u00e4j\u00e4 Jokke M\u00e4kinen tyytyv\u00e4isen\u00e4 illan k\u00e4vij\u00e4m\u00e4\u00e4r\u00e4\u00e4n.\u00a0<\/strong><br \/>\n<img loading=\"lazy\" decoding=\"async\" class=\"size-large wp-image-220260\" src=\"https:\/\/www.europesays.com\/fi\/wp-content\/uploads\/2025\/08\/KY6-758x493.jpg\" alt=\"\" width=\"758\" height=\"493\"  \/><strong>Kullankaivaja Ami Telil\u00e4 ja vuonna 2022 kirjan \u201c\u00c4idin kullat\u201d kirjoittanut Milla Peltonen keskell\u00e4 istumassa.\u00a0<\/strong><br \/>\n<img loading=\"lazy\" decoding=\"async\" class=\"size-large wp-image-220261\" src=\"https:\/\/www.europesays.com\/fi\/wp-content\/uploads\/2025\/08\/KY8-758x595.jpg\" alt=\"\" width=\"758\" height=\"595\"  \/><strong>Jenni Westerbacka valmistautuu upeaan lauluosuuteensa \u201dElinan surma\u201d Funkkistalon yl\u00e4kerrassa.<\/strong><\/p>\n","protected":false},"excerpt":{"rendered":"Marttilankadulla sai illan ajan ajella uusilla Herra Hakkaraisen talon polkuautoilla. Herra Hakkaraisen talolla valvotaan nyt iltamy\u00f6h\u00e4\u00e4n. Herra itse&hellip;\n","protected":false},"author":2,"featured_media":1596,"comment_status":"","ping_status":"","sticky":false,"template":"","format":"standard","meta":{"footnotes":""},"categories":[134],"tags":[377,137,33,31,30,378,32,109],"class_list":{"0":"post-1595","1":"post","2":"type-post","3":"status-publish","4":"format-standard","5":"has-post-thumbnail","7":"category-kirjat","8":"tag-books","9":"tag-entertainment","10":"tag-fi","11":"tag-finland","12":"tag-finnish","13":"tag-kirjat","14":"tag-suomi","15":"tag-viihde"},"share_on_mastodon":{"url":"","error":""},"_links":{"self":[{"href":"https:\/\/www.europesays.com\/fi\/wp-json\/wp\/v2\/posts\/1595","targetHints":{"allow":["GET"]}}],"collection":[{"href":"https:\/\/www.europesays.com\/fi\/wp-json\/wp\/v2\/posts"}],"about":[{"href":"https:\/\/www.europesays.com\/fi\/wp-json\/wp\/v2\/types\/post"}],"author":[{"embeddable":true,"href":"https:\/\/www.europesays.com\/fi\/wp-json\/wp\/v2\/users\/2"}],"replies":[{"embeddable":true,"href":"https:\/\/www.europesays.com\/fi\/wp-json\/wp\/v2\/comments?post=1595"}],"version-history":[{"count":0,"href":"https:\/\/www.europesays.com\/fi\/wp-json\/wp\/v2\/posts\/1595\/revisions"}],"wp:featuredmedia":[{"embeddable":true,"href":"https:\/\/www.europesays.com\/fi\/wp-json\/wp\/v2\/media\/1596"}],"wp:attachment":[{"href":"https:\/\/www.europesays.com\/fi\/wp-json\/wp\/v2\/media?parent=1595"}],"wp:term":[{"taxonomy":"category","embeddable":true,"href":"https:\/\/www.europesays.com\/fi\/wp-json\/wp\/v2\/categories?post=1595"},{"taxonomy":"post_tag","embeddable":true,"href":"https:\/\/www.europesays.com\/fi\/wp-json\/wp\/v2\/tags?post=1595"}],"curies":[{"name":"wp","href":"https:\/\/api.w.org\/{rel}","templated":true}]}}