{"id":159528,"date":"2026-02-03T03:03:16","date_gmt":"2026-02-03T03:03:16","guid":{"rendered":"https:\/\/www.europesays.com\/fi\/159528\/"},"modified":"2026-02-03T03:03:16","modified_gmt":"2026-02-03T03:03:16","slug":"essi-hellen-yllattavat-hyodyt-tyypin-1-diabeteksesta-ja-adhdsta","status":"publish","type":"post","link":"https:\/\/www.europesays.com\/fi\/159528\/","title":{"rendered":"Essi Hell\u00e9n: Yll\u00e4tt\u00e4v\u00e4t Hy\u00f6dyt Tyypin 1 Diabeteksesta ja ADHD:sta"},"content":{"rendered":"<p>            ATTE KAJOVA\n        <\/p>\n<p class=\"subtitle \">Essi saa yll\u00e4tt\u00e4vi\u00e4 hy\u00f6tyj\u00e4 sairaudestaan.<\/p>\n<p class=\"article-content article-content-width !bg-background\">N\u00e4yttelij\u00e4-ohjaaja , 37, on ollut tyypin 1 diabetes jo 20 vuotta. Lis\u00e4ksi h\u00e4nelt\u00e4 l\u00f6ytyy ADHD, joka tosin todettiin vasta kaksi ja puoli vuotta sitten aikuisi\u00e4ll\u00e4.<\/p>\n<p class=\"font-weight-bold m-font-weight-bold article-content article-content-width !bg-background\">Katso my\u00f6s! Essi Hell\u00e9n kertoo arjesta ADHD:n kanssa:<\/p>\n<p class=\"article-content article-content-width !bg-background\">Essi kertoo saavansa sairaudestaan ja yliaktiivisuudestaan yll\u00e4tt\u00e4vi\u00e4 hy\u00f6tyj\u00e4, ja oikeastaan n\u00e4iden kahden yhdistelm\u00e4 on ollut h\u00e4nelle toisinaan my\u00f6s varsin toimiva kombo.<\/p>\n<p>Yll\u00e4tt\u00e4vi\u00e4 hy\u00f6tyj\u00e4!<\/p>\n<p class=\"article-content article-content-width !bg-background\">Essi kertoo perjantaina (30.1.) julkaisemallaan<a href=\"https:\/\/www.instagram.com\/ehellen\/\" target=\"_blank\" rel=\"nofollow noopener\"> Instagram-videolla<\/a>, kuinka tyypin 1 diabeteksen ja ADHD:n yhdist\u00e4minen h\u00e4nelt\u00e4 oikein sujuu. El\u00e4m\u00e4 ADHD:n kanssa tarkoittaa Essille tarkkaamattomuutta ja hyperaktiivisuutta. Jotta Essi pystyy keskittym\u00e4\u00e4n, tarvitsee h\u00e4n siihen erityist\u00e4 motivaatiota.<\/p>\n<p class=\"article-content article-content-width !bg-background\"> \u2013 Ja silloin kun m\u00e4 olen motivoitunut, niin oh my god, m\u00e4 menen katon l\u00e4pi, Essi kuvailee.<\/p>\n<p class=\"article-content article-content-width !bg-background\">Niiss\u00e4 tilanteissa kun tylsyytt\u00e4 on kuitenkin yksinkertaisesti vain kyett\u00e4v\u00e4 siet\u00e4m\u00e4\u00e4n, saa Essi yll\u00e4tt\u00e4v\u00e4\u00e4 apua tyypin 1 diabeteksest\u00e4\u00e4n.\u00a0<\/p>\n<p class=\"article-content article-content-width !bg-background\">Essi kertoo nimitt\u00e4in sokeriarvojen tarkistamisen auttavan h\u00e4nen impulseihinsa: sen avulla h\u00e4n pystyy miss\u00e4 tahansa tyls\u00e4ss\u00e4 tilanteessa mahdollisuuden nollata aivonsa, ja siirt\u00e4\u00e4 fokuksensa hetkeksi omaan verensokeriinsa.<\/p>\n<p class=\"article-content article-content-width !bg-background\">\u2013 Se jo riitt\u00e4\u00e4 siihen, ett\u00e4 mun aivot tavallaan jaksaa eteenp\u00e4in! Essi selvent\u00e4\u00e4.<\/p>\n<p>        <a itemprop=\"url\" href=\"https:\/\/www.seiska.fi\/kotimaa\/takavuosien-putous-tahti-essi-hellen-avautuu-diagnoosistaan-tallaista-arki-voi-olla\/1690033\" rel=\"nofollow noopener\" target=\"_blank\"><\/p>\n<p>\nEssi Hell\u00e9nin diagnoosi\n<\/p>\n<p class=\"section-date\">\n        <strong class=\"article-section\" data-section=\"kotimaa\"><br \/>\n            kotimaa<br \/>\n        <\/strong><br \/>\n        2.5.2025 19:00\n    <\/p>\n<p>Takavuosien Putous-t\u00e4hti Essi Hell\u00e9n avautuu diagnoosistaan \u2013 t\u00e4llaista arki voi olla!\n    <\/p>\n<p itemprop=\"description\" class=\"subtitle \">\n    Essi sai ADHD-diagnoosin vasta aikuisi\u00e4ll\u00e4.\n<\/p>\n<p>        <\/a><\/p>\n<p>                <img decoding=\"async\" src=\"https:\/\/www.europesays.com\/fi\/wp-content\/uploads\/2026\/02\/2062425.webp.jpeg\" width=\"576\" height=\"720\" alt=\"Essi n\u00e4htiin kilpailemassa viime syksyn\u00e4 Petolliset-ohjelman tuoreimmalla tuotantokaudella. Essi kertoi tuolloin Seiskalle hy\u00f6tyneens\u00e4 ADHD:sta ohjelman kuvauksissa, sill\u00e4 pystyi helposti mukautumaan peliss\u00e4 tapahtuneisiin nopeisiin muutoksiin.\" loading=\"lazy\" \/>            <\/p>\n<p>\n            Essi n\u00e4htiin kilpailemassa viime syksyn\u00e4 Petolliset-ohjelman tuoreimmalla tuotantokaudella. Essi kertoi tuolloin Seiskalle hy\u00f6tyneens\u00e4 ADHD:sta ohjelman kuvauksissa, sill\u00e4 pystyi helposti mukautumaan peliss\u00e4 tapahtuneisiin nopeisiin muutoksiin.<br \/>\n            ATTE KAJOVA\n        <\/p>\n<p>Yhdistelm\u00e4n haittapuoli<\/p>\n<p class=\"article-content article-content-width !bg-background\">Essi kertoo olevansa ADHD:n vuoksi varsin k\u00e4rsim\u00e4t\u00f6n luonteeltaan. T\u00e4m\u00e4 puolestaan tuo toisinaan lis\u00e4haastetta tyypin 1 diabeteksen kanssa. Kun verensokerit laskevat ja suuhun laittaa sokeria, ei Essi aina malttaisi odottaa sokerien hidasta nousua. Silloin sattuu herk\u00e4sti ylily\u00f6ntej\u00e4.<\/p>\n<p>        <a itemprop=\"url\" href=\"https:\/\/www.seiska.fi\/katso\/essi-hellen-adhdsta-oli-hyotya-petollisissa\/1945341\" rel=\"nofollow noopener\" target=\"_blank\"><\/p>\n<p>\nEssi Hell\u00e9n\n<\/p>\n<p class=\"section-date\">\n        <strong class=\"article-section\" data-section=\"katso\"><br \/>\n            katso<br \/>\n        <\/strong><br \/>\n        5.10.2025 12:15\n    <\/p>\n<p>Essi Hell\u00e9n: &#8221;ADHD:sta oli hy\u00f6ty\u00e4 Petollisissa&#8221;\n    <\/p>\n<p itemprop=\"description\" class=\"subtitle \">\n    T\u00e4p\u00e4k\u00e4st\u00e4 n\u00e4yttelij\u00e4st\u00e4 tuli Petollisissa omien sanojensa mukaan sopuli.\n<\/p>\n<p>        <\/a><\/p>\n<p class=\"article-content article-content-width !bg-background\"> \u2013 Se mun k\u00e4rsim\u00e4tt\u00f6myys ja impulsiivisuus mik\u00e4 mulla on ADHD:n takia, saa mut v\u00e4lill\u00e4 tekem\u00e4\u00e4n liikaa hoitotoimenpiteit\u00e4 1 tyypin diabeteksen kanssa, Essi kertoo.<\/p>\n<p class=\"article-content article-content-width !bg-background\"> \u2013 Yksi diabeteshoitaja sanoi kerran, ett\u00e4 se ei ole ikin\u00e4 kohdannut ihmist\u00e4, joka k\u00e4ytt\u00e4\u00e4 niin paljon insuliinipumpun eri toimintoja, kuin min\u00e4. Enk\u00e4 ihmettele!, Essi naurahtaa.<\/p>\n<p><script async src=\"\/\/www.instagram.com\/embed.js\"><\/script><\/p>\n","protected":false},"excerpt":{"rendered":"ATTE KAJOVA Essi saa yll\u00e4tt\u00e4vi\u00e4 hy\u00f6tyj\u00e4 sairaudestaan. N\u00e4yttelij\u00e4-ohjaaja , 37, on ollut tyypin 1 diabetes jo 20 vuotta.&hellip;\n","protected":false},"author":2,"featured_media":159529,"comment_status":"","ping_status":"","sticky":false,"template":"","format":"standard","meta":{"footnotes":"","_share_on_mastodon":"0"},"categories":[136],"tags":[598,407,137,4633,33,31,30,408,212,32,167,26578,109],"class_list":["post-159528","post","type-post","status-publish","format-standard","has-post-thumbnail","category-julkkikset","tag-adhd","tag-celebrities","tag-entertainment","tag-essi-hellen","tag-fi","tag-finland","tag-finnish","tag-julkkikset","tag-lifestyle","tag-suomi","tag-terveys","tag-tyypin-1-diabetes","tag-viihde"],"share_on_mastodon":{"url":"https:\/\/pubeurope.com\/@fi\/116004480782749614","error":""},"_links":{"self":[{"href":"https:\/\/www.europesays.com\/fi\/wp-json\/wp\/v2\/posts\/159528","targetHints":{"allow":["GET"]}}],"collection":[{"href":"https:\/\/www.europesays.com\/fi\/wp-json\/wp\/v2\/posts"}],"about":[{"href":"https:\/\/www.europesays.com\/fi\/wp-json\/wp\/v2\/types\/post"}],"author":[{"embeddable":true,"href":"https:\/\/www.europesays.com\/fi\/wp-json\/wp\/v2\/users\/2"}],"replies":[{"embeddable":true,"href":"https:\/\/www.europesays.com\/fi\/wp-json\/wp\/v2\/comments?post=159528"}],"version-history":[{"count":0,"href":"https:\/\/www.europesays.com\/fi\/wp-json\/wp\/v2\/posts\/159528\/revisions"}],"wp:featuredmedia":[{"embeddable":true,"href":"https:\/\/www.europesays.com\/fi\/wp-json\/wp\/v2\/media\/159529"}],"wp:attachment":[{"href":"https:\/\/www.europesays.com\/fi\/wp-json\/wp\/v2\/media?parent=159528"}],"wp:term":[{"taxonomy":"category","embeddable":true,"href":"https:\/\/www.europesays.com\/fi\/wp-json\/wp\/v2\/categories?post=159528"},{"taxonomy":"post_tag","embeddable":true,"href":"https:\/\/www.europesays.com\/fi\/wp-json\/wp\/v2\/tags?post=159528"}],"curies":[{"name":"wp","href":"https:\/\/api.w.org\/{rel}","templated":true}]}}