{"id":15954,"date":"2025-08-25T15:09:08","date_gmt":"2025-08-25T15:09:08","guid":{"rendered":"https:\/\/www.europesays.com\/fi\/15954\/"},"modified":"2025-08-25T15:09:08","modified_gmt":"2025-08-25T15:09:08","slug":"suosikkikohteessa-loydettiin-pelatty-otus-rannat-suljettiin","status":"publish","type":"post","link":"https:\/\/www.europesays.com\/fi\/15954\/","title":{"rendered":"Suosikkikohteessa l\u00f6ydettiin pel\u00e4tty otus \u2013 Rannat suljettiin"},"content":{"rendered":"<p>Pel\u00e4tty myrkky\u00e4 varastoiva otus l\u00f6ytyi Alicantesta ja Aurinkorannikolta.<\/p>\n<p><img decoding=\"async\" class=\"image image-show image-preview\" src=\"https:\/\/www.europesays.com\/fi\/wp-content\/uploads\/2025\/08\/a2a0245466e48fa91675100a5c8f215b15c6ba088a5538014304afc9e61829ae.jpg\" alt=\"\"\/><img decoding=\"async\" class=\"image image-show\" src=\"https:\/\/www.europesays.com\/fi\/wp-content\/uploads\/2025\/08\/1756134548_902_a2a0245466e48fa91675100a5c8f215b15c6ba088a5538014304afc9e61829ae.jpg\" alt=\"\"\/><\/p>\n<p>Sininen lohik\u00e4\u00e4rme sy\u00f6 toisia myrkyllisi\u00e4 el\u00e4imi\u00e4 varastoiden niiden myrkyn itseens\u00e4.  Adobe stock \/ AOP<\/p>\n<p class=\"paragraph\">Pel\u00e4tty sininen lohik\u00e4\u00e4rme, jota my\u00f6s sinimerietanaksi kutsutaan, on saapunut Espanjaan vesiin.<strong\/><\/p>\n<p class=\"paragraph\">Ensimm\u00e4inen havainto el\u00e4imest\u00e4 tehtiin Aurinkorannikon rantavesiss\u00e4 lauantaina 16. elokuuta Mijasin Bombo-rannalla, kertoo suomenkielinen paikallislehti <a href=\"https:\/\/fuengirola.fi\/myrkyllinen-sinimerietana-saapui-nyt-aurinkorannikon-rantavesiin\/\" rel=\"noopener nofollow\" target=\"_blank\">Fuengirola<\/a>.<\/p>\n<p class=\"paragraph\">Uimari l\u00f6ysi otuksen vain muutaman metrin p\u00e4\u00e4st\u00e4 rannasta ja vei sen l\u00e4himm\u00e4lle uimavalvontapisteelle vedell\u00e4 t\u00e4ytetyss\u00e4 \u00e4mp\u00e4riss\u00e4.<\/p>\n<p class=\"paragraph\">Rannan sulkeminen v\u00e4ltettiin Mijasissa ja otus palautettiin mereen. Tilannetta pidettiin erillistapauksena, eik\u00e4 kyseess\u00e4 ollut laajempi uhka. Toisin k\u00e4vi Alicantessa.<\/p>\n<p class=\"paragraph\"><a href=\"https:\/\/www.thetimes.com\/world\/europe\/article\/spain-beaches-closed-blue-dragon-sting-m5pv6n7sv\" rel=\"noopener nofollow\" target=\"_blank\">The Times<\/a> kertoo, ett\u00e4 Kaakkois-Espanjan Guardamar del Seguran kaupungin rannat Alicanten maakunnassa suljettiin kahden sinisen lohik\u00e4\u00e4rmeen l\u00f6ydytty\u00e4 rantavedest\u00e4. Viranomaiset kielsiv\u00e4t uimisen kaikilla kunnallisilla rannoilla 11 kilometrin pituisella alueella.<\/p>\n<p class=\"paragraph\">Nyt kielto on kumottu ja uiminen on taas sallittua, mutta viranomaiset kehottavat edelleen varovaisuuteen. Kaupungin pormestari <strong>Jos\u00e9 Luis S\u00e1ez<\/strong> kehottaa ihmisi\u00e4 ilmoittamaan viranomaisille, jos he n\u00e4kev\u00e4t sinisi\u00e4 lohik\u00e4\u00e4rmeit\u00e4 ja v\u00e4ltt\u00e4m\u00e4\u00e4n niiden koskettamista.<\/p>\n<p>Punainen lippu viestii uimareille vaarallisista uintiolosuhteista. Kuvituskuva. Mostphotos<\/p>\n<p>Kaunis, mutta myrkyllinen<\/p>\n<p class=\"paragraph\">Sininen lohik\u00e4\u00e4rme n\u00e4ytt\u00e4\u00e4 kauniilta, mutta se on voimakkaasti myrkyllinen. Lohik\u00e4\u00e4rme ei tuota omaa myrkky\u00e4, vaan se sy\u00f6 toisia myrkyllisi\u00e4 el\u00e4imi\u00e4 ja varastoi niiden myrkyn itseens\u00e4.<\/p>\n<p class=\"paragraph\">Uhattuna tai koskettaessa el\u00e4in vapauttaa myrkky\u00e4, joka on useasti v\u00e4kev\u00e4mp\u00e4\u00e4 kuin alkuper\u00e4isen elukan myrkky.<\/p>\n<p class=\"paragraph\">Myrkky aiheuttaa kivuliasta iho\u00e4rsytyst\u00e4, punoitusta ja turvotusta. Joskus vakavampi allerginen reaktio on mahdollinen. Reaktioiden voimakkuus riippuu ihmisen herkkyydest\u00e4 myrkylle.<\/p>\n<p class=\"paragraph\">Ensimm\u00e4inen tuore havainto sinisest\u00e4 lohik\u00e4\u00e4rmeest\u00e4 Espanjan V\u00e4limeren rannikolla tehtiin vuonna 2021. T\u00e4t\u00e4 aiemmin el\u00e4int\u00e4 ei ollut aiemmin alueella n\u00e4hty noin 300 vuoteen.<\/p>\n","protected":false},"excerpt":{"rendered":"Pel\u00e4tty myrkky\u00e4 varastoiva otus l\u00f6ytyi Alicantesta ja Aurinkorannikolta. Sininen lohik\u00e4\u00e4rme sy\u00f6 toisia myrkyllisi\u00e4 el\u00e4imi\u00e4 varastoiden niiden myrkyn itseens\u00e4.&hellip;\n","protected":false},"author":2,"featured_media":15955,"comment_status":"","ping_status":"","sticky":false,"template":"","format":"standard","meta":{"footnotes":""},"categories":[14],"tags":[35,22,23,404,26,27,33,31,30,17,24,25,72,28,29,4077,15,18,21,32,19,20,56,16,872,59,60,61,534],"class_list":{"0":"post-15954","1":"post","2":"type-post","3":"status-publish","4":"format-standard","5":"has-post-thumbnail","7":"category-ulkomaat","8":"tag-24h","9":"tag-breaking-news","10":"tag-breakingnews","11":"tag-elaimet","12":"tag-featured-news","13":"tag-featurednews","14":"tag-fi","15":"tag-finland","16":"tag-finnish","17":"tag-headlines","18":"tag-latest-news","19":"tag-latestnews","20":"tag-luonto","21":"tag-main-news","22":"tag-mainnews","23":"tag-meret","24":"tag-news","25":"tag-otsikot","26":"tag-paauutiset","27":"tag-suomi","28":"tag-top-stories","29":"tag-topstories","30":"tag-ulkomaat","31":"tag-uutiset","32":"tag-vesistot","33":"tag-world","34":"tag-world-news","35":"tag-worldnews","36":"tag-ymparisto-ja-luonto"},"share_on_mastodon":{"url":"","error":""},"_links":{"self":[{"href":"https:\/\/www.europesays.com\/fi\/wp-json\/wp\/v2\/posts\/15954","targetHints":{"allow":["GET"]}}],"collection":[{"href":"https:\/\/www.europesays.com\/fi\/wp-json\/wp\/v2\/posts"}],"about":[{"href":"https:\/\/www.europesays.com\/fi\/wp-json\/wp\/v2\/types\/post"}],"author":[{"embeddable":true,"href":"https:\/\/www.europesays.com\/fi\/wp-json\/wp\/v2\/users\/2"}],"replies":[{"embeddable":true,"href":"https:\/\/www.europesays.com\/fi\/wp-json\/wp\/v2\/comments?post=15954"}],"version-history":[{"count":0,"href":"https:\/\/www.europesays.com\/fi\/wp-json\/wp\/v2\/posts\/15954\/revisions"}],"wp:featuredmedia":[{"embeddable":true,"href":"https:\/\/www.europesays.com\/fi\/wp-json\/wp\/v2\/media\/15955"}],"wp:attachment":[{"href":"https:\/\/www.europesays.com\/fi\/wp-json\/wp\/v2\/media?parent=15954"}],"wp:term":[{"taxonomy":"category","embeddable":true,"href":"https:\/\/www.europesays.com\/fi\/wp-json\/wp\/v2\/categories?post=15954"},{"taxonomy":"post_tag","embeddable":true,"href":"https:\/\/www.europesays.com\/fi\/wp-json\/wp\/v2\/tags?post=15954"}],"curies":[{"name":"wp","href":"https:\/\/api.w.org\/{rel}","templated":true}]}}