{"id":15962,"date":"2025-08-25T15:23:08","date_gmt":"2025-08-25T15:23:08","guid":{"rendered":"https:\/\/www.europesays.com\/fi\/15962\/"},"modified":"2025-08-25T15:23:08","modified_gmt":"2025-08-25T15:23:08","slug":"josses-britney-spears-poseeraa-nakuna-kuva","status":"publish","type":"post","link":"https:\/\/www.europesays.com\/fi\/15962\/","title":{"rendered":"J\u00f6sses! Britney Spears poseeraa nakuna \u2013 kuva!"},"content":{"rendered":"<p>            All Over Press\n        <\/p>\n<p class=\"subtitle \">Kohupoppari toteaa olevansa j\u00e4lleen n\u00e4lk\u00e4inen.<\/p>\n<p class=\"article-content article-content-width !bg-background\">Laulaja , 43, oli 2000 -luvun alkupuolen kirkkaimpia t\u00e4hti\u00e4. Hitit kuten Oops, I Did It Again ja Toxic ker\u00e4\u00e4v\u00e4t yh\u00e4 kiitett\u00e4v\u00e4sti radiosoittoja. Otsikoihin poppari kuitenkin p\u00e4\u00e4tyy s\u00e4\u00e4nn\u00f6llisesti t\u00e4ysin muista syist\u00e4 kuin musikaalisista ansioistaan.\u00a0<\/p>\n<p class=\"font-weight-bold m-font-weight-bold article-content article-content-width !bg-background\">Arkistovideolla k\u00e4sitell\u00e4\u00e4n Britneyn erikoisia huoltajuuskuvioita:<\/p>\n<p class=\"article-content article-content-width !bg-background\">Surullisenkuuluisan vuoden 2007 hermoromahduksensa j\u00e4lkeen niin Britneyn ura kuin yksityisel\u00e4m\u00e4kin ovat olleet tuuliajolla. Valonpilkahduksia on kuitenkin ollut vaihtelevasti n\u00e4kyviss\u00e4 sen j\u00e4lkeen, kun artisti p\u00e4\u00e4si eroon edunvalvonnastaan marraskuussa 2021.\u00a0<\/p>\n<p>        <a itemprop=\"url\" href=\"https:\/\/www.seiska.fi\/ulkomaat\/kohun-keskella-olleelta-britney-spearsilta-jattiuutinen\/1789457\" rel=\"nofollow noopener\" target=\"_blank\"><\/p>\n<p>\nBritneyst\u00e4 uutta tietoa\n<\/p>\n<p class=\"section-date\">\n        <strong class=\"article-section\" data-section=\"ulkomaat\"><br \/>\n            ulkomaat<br \/>\n        <\/strong><br \/>\n        28.5. 20:00\n    <\/p>\n<p>    Kohun keskell\u00e4 olleelta Britney Spearsilta j\u00e4ttiuutinen<\/p>\n<p itemprop=\"description\" class=\"subtitle \">\n    Yhdysvaltalaismedian mukaan koneessa k\u00e4rytt\u00e4nyt popt\u00e4hti on l\u00e4hemp\u00e4n\u00e4 unelmaansa.\n<\/p>\n<p>        <\/a><\/p>\n<p>Somejulkaisut kummastuttavat<\/p>\n<p class=\"article-content article-content-width !bg-background\">Vaikka viranomaiset katsoivat popparin olevan kykenev\u00e4 huolehtimaan itsest\u00e4\u00e4n, monet muut ovat kyseenalaistaneet p\u00e4\u00e4t\u00f6ksen. Erityisesti Britneyn somek\u00e4yt\u00f6s on her\u00e4tt\u00e4nyt faneissa huolta toistuvasti. Laulaja on julkaissut tanssivideoita, jotka ovat saaneet someseuraajien kielenkannat naksumaan\u00a0\u2013 eiv\u00e4tk\u00e4 pelk\u00e4st\u00e4\u00e4n positiivisessa mieless\u00e4. Erityisesti somekansaa ovat j\u00e4rkytt\u00e4neet Britneyn keikuttelut ter\u00e4aseiden kanssa.\u00a0<\/p>\n<p class=\"article-content article-content-width !bg-background\">Britney on kertonut julkaisevansa tanssivideoita omaksi ilokseen. Tanssi on h\u00e4nelle keino ilmaista itse\u00e4\u00e4n nyt, kun kukaan ei ole h\u00e4nt\u00e4 en\u00e4\u00e4 s\u00e4\u00e4telem\u00e4ss\u00e4.<\/p>\n<p>Syntym\u00e4asussaan<\/p>\n<p class=\"article-content article-content-width !bg-background\">25. elokuuta Britney l\u00f6ysi kuitenkin toisenlaisen keinon tuoda tuntemuksiaan julki sosiaalisessa mediassa. Vaaleaverikk\u00f6 julkaisi Instagramissa kuvan, jossa h\u00e4n n\u00e4ytt\u00e4\u00e4 poseeraavan ilman rihman kiert\u00e4m\u00e4\u00e4. Artisti seisoo otoksessa selin kameraan p\u00e4in iho paljaana, paljastaen alasel\u00e4ss\u00e4\u00e4n olevan keiju-tatuoinnin.\u00a0<\/p>\n<p>        <a itemprop=\"url\" href=\"https:\/\/www.seiska.fi\/ulkomaat\/mita-ihmetta-britney-spears-poltti-kylpyhuoneensa\/1637656\" rel=\"nofollow noopener\" target=\"_blank\"><\/p>\n<p>\nBritney Spears\n<\/p>\n<p class=\"section-date\">\n        <strong class=\"article-section\" data-section=\"ulkomaat\"><br \/>\n            ulkomaat<br \/>\n        <\/strong><br \/>\n        10.3. 20:00\n    <\/p>\n<p>    Mit\u00e4 ihmett\u00e4?! Britney Spears poltti kylpyhuoneensa<\/p>\n<p itemprop=\"description\" class=\"subtitle \">\n    Popt\u00e4hti her\u00e4tti j\u00e4lleen huolta faneissaan.\n<\/p>\n<p>        <\/a><\/p>\n<p class=\"article-content article-content-width !bg-background\">Ihonsa lis\u00e4ksi Britney paljastaa julkaisussaan syvimpi\u00e4 tunteitaan. H\u00e4n kirjoittaa el\u00e4m\u00e4ns\u00e4 vaikeimpien vuosien olleen ne, jolloin h\u00e4n ei tavannut kahta poikaansa,  ja .\u00a0<\/p>\n<p>                <img decoding=\"async\" src=\"https:\/\/www.europesays.com\/fi\/wp-content\/uploads\/2025\/08\/1909110.webp\" width=\"576\" height=\"720\" alt=\"Britney kutsuu julkaisussaan avioliittoaan Sam Ashgariin keinotekoiseksi h\u00e4iri\u00f6tekij\u00e4ksi, jonka avulla h\u00e4n pystyi unohtamaan muut surunsa.\" loading=\"lazy\" \/>            <\/p>\n<p>\n            Britney kutsuu julkaisussaan avioliittoaan Sam Ashgariin keinotekoiseksi h\u00e4iri\u00f6tekij\u00e4ksi, jonka avulla h\u00e4n pystyi unohtamaan muut surunsa.<br \/>\n            AOP\n        <\/p>\n<p class=\"article-content article-content-width !bg-background\">\u2013 Minua estettiin soittamasta tai l\u00e4hett\u00e4m\u00e4st\u00e4 viestej\u00e4. Selviytymiseni salaisuus oli kieltotila ja kyyneleet, Britney kertoo julkaisussaan.<\/p>\n<p>J\u00e4\u00e4tel\u00f6\u00e4 voiton merkiksi<\/p>\n<p class=\"article-content article-content-width !bg-background\">Nyt Brineyll\u00e4 menee paremmin. H\u00e4n tiet\u00e4\u00e4 olevansa parantumassa, koska tuntee j\u00e4lleen olevansa n\u00e4lk\u00e4inen. Poukkoilevassa tekstiss\u00e4\u00e4n h\u00e4n kuvailee tuntevansa n\u00e4lk\u00e4\u00e4 kuin pieni lapsi ja toteaa kuin samaan hengenvetoon kodissaan olleen liikaa hyv\u00e4ksik\u00e4ytt\u00f6\u00e4 ja traumoja.\u00a0<\/p>\n<p>        <a itemprop=\"url\" href=\"https:\/\/www.seiska.fi\/ulkomaat\/talta-britney-spearsin-poika-nayttaa-nykyaan\/1894025\" rel=\"nofollow noopener\" target=\"_blank\"><\/p>\n<p>\nBritneys Spearsin poika\n<\/p>\n<p class=\"section-date\">\n        <strong class=\"article-section\" data-section=\"ulkomaat\"><br \/>\n            ulkomaat<br \/>\n        <\/strong><br \/>\n        11.8. 20:00\n    <\/p>\n<p>    T\u00e4lt\u00e4 Britney Spearsin poika n\u00e4ytt\u00e4\u00e4 nyky\u00e4\u00e4n!<\/p>\n<p itemprop=\"description\" class=\"subtitle \">\n    Britneyn pojat ovat vuosimallia 2005 ja 2006.\n<\/p>\n<p>        <\/a><\/p>\n<p class=\"article-content article-content-width !bg-background\">\u2013 Sieluni ei ole el\u00e4ess\u00e4ni kokenut ruokaa t\u00e4ll\u00e4 tavalla. Niin typer\u00e4\u00e4 ja noloa, ett\u00e4 aioin nyt sy\u00f6d\u00e4 keksij\u00e4\u00e4tel\u00f6\u00e4, Britney kirjoittaa.<\/p>\n","protected":false},"excerpt":{"rendered":"All Over Press Kohupoppari toteaa olevansa j\u00e4lleen n\u00e4lk\u00e4inen. Laulaja , 43, oli 2000 -luvun alkupuolen kirkkaimpia t\u00e4hti\u00e4. Hitit&hellip;\n","protected":false},"author":2,"featured_media":15963,"comment_status":"","ping_status":"","sticky":false,"template":"","format":"standard","meta":{"footnotes":""},"categories":[136],"tags":[6157,1412,407,6156,137,33,31,30,408,99,47,6155,2341,32,1355,109],"class_list":{"0":"post-15962","1":"post","2":"type-post","3":"status-publish","4":"format-standard","5":"has-post-thumbnail","7":"category-julkkikset","8":"tag-alastonkuva","9":"tag-britney-spears","10":"tag-celebrities","11":"tag-edunvalvonta","12":"tag-entertainment","13":"tag-fi","14":"tag-finland","15":"tag-finnish","16":"tag-julkkikset","17":"tag-lapset","18":"tag-musiikki","19":"tag-nakuilu","20":"tag-some","21":"tag-suomi","22":"tag-tanssi","23":"tag-viihde"},"share_on_mastodon":{"url":"","error":""},"_links":{"self":[{"href":"https:\/\/www.europesays.com\/fi\/wp-json\/wp\/v2\/posts\/15962","targetHints":{"allow":["GET"]}}],"collection":[{"href":"https:\/\/www.europesays.com\/fi\/wp-json\/wp\/v2\/posts"}],"about":[{"href":"https:\/\/www.europesays.com\/fi\/wp-json\/wp\/v2\/types\/post"}],"author":[{"embeddable":true,"href":"https:\/\/www.europesays.com\/fi\/wp-json\/wp\/v2\/users\/2"}],"replies":[{"embeddable":true,"href":"https:\/\/www.europesays.com\/fi\/wp-json\/wp\/v2\/comments?post=15962"}],"version-history":[{"count":0,"href":"https:\/\/www.europesays.com\/fi\/wp-json\/wp\/v2\/posts\/15962\/revisions"}],"wp:featuredmedia":[{"embeddable":true,"href":"https:\/\/www.europesays.com\/fi\/wp-json\/wp\/v2\/media\/15963"}],"wp:attachment":[{"href":"https:\/\/www.europesays.com\/fi\/wp-json\/wp\/v2\/media?parent=15962"}],"wp:term":[{"taxonomy":"category","embeddable":true,"href":"https:\/\/www.europesays.com\/fi\/wp-json\/wp\/v2\/categories?post=15962"},{"taxonomy":"post_tag","embeddable":true,"href":"https:\/\/www.europesays.com\/fi\/wp-json\/wp\/v2\/tags?post=15962"}],"curies":[{"name":"wp","href":"https:\/\/api.w.org\/{rel}","templated":true}]}}