{"id":159720,"date":"2026-02-03T08:15:07","date_gmt":"2026-02-03T08:15:07","guid":{"rendered":"https:\/\/www.europesays.com\/fi\/159720\/"},"modified":"2026-02-03T08:15:07","modified_gmt":"2026-02-03T08:15:07","slug":"erna-huskon-kamala-veneretki-puremia-ja-merisairaus","status":"publish","type":"post","link":"https:\/\/www.europesays.com\/fi\/159720\/","title":{"rendered":"Erna Huskon kamala veneretki &#8211; puremia ja merisairaus"},"content":{"rendered":"<p>Somet\u00e4hti <strong>Erna Husko <\/strong>on t\u00e4ll\u00e4 hetkell\u00e4 lomailemassa Balilla, jonne h\u00e4n on lent\u00e4nyt t\u00e4lle talvelle jo toistamiseen. T\u00e4ll\u00e4 kerralla h\u00e4nen mukanaan on h\u00e4nen oma is\u00e4ns\u00e4, jolle matka tuli tytt\u00e4relt\u00e4 yll\u00e4tyksen\u00e4.<\/p>\n<p>Lue my\u00f6s: <a href=\"https:\/\/www.como.fi\/uutiset\/balille-matkanneen-erna-huskon-upeat-loma-asut-katso\/\" title=\"Balille matkanneen Erna Huskon upeat loma-asut \u2013 katso\" class=\"underline-custom !font-montserrat !font-bold !underline-offset-4 !decoration-4 !decoration-red-600 !text-md\" rel=\"nofollow noopener\" target=\"_blank\">Balille matkanneen Erna Huskon upeat loma-asut \u2013 katso<\/a><\/p>\n<p>Tyt\u00e4r on vienyt is\u00e4ns\u00e4 veneretkelle, jonka aikana tapahtui useampi ik\u00e4v\u00e4 asia. Se ei tuntunut haittaavaan ainakaan is\u00e4\u00e4, joka nautti snorklaamisesta. Lopulta Ernakin uskaltautui samaan, mutta ennen sit\u00e4 h\u00e4n k\u00e4rsi.<\/p>\n<p>\u2013 Varattiin vene ja menn\u00e4\u00e4n uhmaamaan meid\u00e4n el\u00e4mi\u00e4mme tuonne merelle, kirjoitti Erna jo ennen veneeseen menoa.<\/p>\n<p>Seuraavaksi n\u00e4hd\u00e4\u00e4n kuva, jossa Erna makaa veneess\u00e4 pahoinvoivan n\u00e4k\u00f6isen\u00e4. H\u00e4n kertoo veneen olevan pieni ja kuinka sataa kaatamalla keskell\u00e4 merta. Venek\u00e4\u00e4n ei meinannut ensin k\u00e4ynnisty\u00e4. <\/p>\n<p>Ernan huono olo tuntuu pahentuvan, eik\u00e4 t\u00e4ss\u00e4 vaiheessa ole n\u00e4hty viel\u00e4 mit\u00e4\u00e4n veneretkeen liittyv\u00e4\u00e4 mukavaa asiaa.<\/p>\n<p>\u2013 Niin ulkopuolella mukavuusaluetta. Vihaan merta ja uimista, varsinkin sateessa, kirjoittaa Husko seuraavaksi.<\/p>\n<p>Veneretki osoittautui lopulta hyv\u00e4ksi ideaksi<\/p>\n<p>Lopulta n\u00e4hd\u00e4\u00e4n veneretken parhaat hetket. Se tarkoittaa Ernan is\u00e4\u00e4, joka nauttii vedenalaisten ihmeiden katselemisesta.<\/p>\n<p>\u2013 Minut tekee onnelliseksi, kun n\u00e4en miten isk\u00e4 p\u00e4\u00e4see kokeen n\u00e4it\u00e4 hetki\u00e4. Kuulemma ilman minua h\u00e4n ei olisi ikin\u00e4 p\u00e4\u00e4ssyt kokemaan t\u00e4t\u00e4 el\u00e4m\u00e4ns\u00e4 aikana. Lahja on mennyt oikeaan osoitteeseen, kirjoittaa tyt\u00e4r.<\/p>\n<p>Lopulta Ernakin sai ker\u00e4tty\u00e4 rohkeutta ja hypp\u00e4si veteen.<\/p>\n<p>\u2013 Aamup\u00e4iv\u00e4 saldo: 2 x snorklausta, 3 x meduusan puremaa, hyv\u00e4 mieli ja pieni merisairaus, kirjoittaa Erna lopuksi.<\/p>\n<p>Lue my\u00f6s: <a href=\"https:\/\/www.como.fi\/tilaa-comon-uutiskirje\/\" title=\"Tilaa Comon uutiskirje ja tied\u00e4t mist\u00e4 kahvitauolla puhutaan! Nappaa kotimaan tv-vinkit ja puheenaiheet suoraan s\u00e4hk\u00f6postiin t\u00e4st\u00e4.\" class=\"underline-custom !font-montserrat !font-bold !underline-offset-4 !decoration-4 !decoration-red-600 !text-md\" rel=\"nofollow noopener\" target=\"_blank\">Tilaa Comon uutiskirje ja tied\u00e4t mist\u00e4 kahvitauolla puhutaan! Nappaa kotimaan tv-vinkit ja puheenaiheet suoraan s\u00e4hk\u00f6postiin t\u00e4st\u00e4.<\/a><\/p>\n","protected":false},"excerpt":{"rendered":"Somet\u00e4hti Erna Husko on t\u00e4ll\u00e4 hetkell\u00e4 lomailemassa Balilla, jonne h\u00e4n on lent\u00e4nyt t\u00e4lle talvelle jo toistamiseen. T\u00e4ll\u00e4 kerralla&hellip;\n","protected":false},"author":2,"featured_media":159721,"comment_status":"","ping_status":"","sticky":false,"template":"","format":"standard","meta":{"footnotes":"","_share_on_mastodon":"0"},"categories":[136],"tags":[407,137,6506,33,31,30,408,32,109],"class_list":["post-159720","post","type-post","status-publish","format-standard","has-post-thumbnail","category-julkkikset","tag-celebrities","tag-entertainment","tag-erna-husko","tag-fi","tag-finland","tag-finnish","tag-julkkikset","tag-suomi","tag-viihde"],"share_on_mastodon":{"url":"https:\/\/pubeurope.com\/@fi\/116005707629689723","error":""},"_links":{"self":[{"href":"https:\/\/www.europesays.com\/fi\/wp-json\/wp\/v2\/posts\/159720","targetHints":{"allow":["GET"]}}],"collection":[{"href":"https:\/\/www.europesays.com\/fi\/wp-json\/wp\/v2\/posts"}],"about":[{"href":"https:\/\/www.europesays.com\/fi\/wp-json\/wp\/v2\/types\/post"}],"author":[{"embeddable":true,"href":"https:\/\/www.europesays.com\/fi\/wp-json\/wp\/v2\/users\/2"}],"replies":[{"embeddable":true,"href":"https:\/\/www.europesays.com\/fi\/wp-json\/wp\/v2\/comments?post=159720"}],"version-history":[{"count":0,"href":"https:\/\/www.europesays.com\/fi\/wp-json\/wp\/v2\/posts\/159720\/revisions"}],"wp:featuredmedia":[{"embeddable":true,"href":"https:\/\/www.europesays.com\/fi\/wp-json\/wp\/v2\/media\/159721"}],"wp:attachment":[{"href":"https:\/\/www.europesays.com\/fi\/wp-json\/wp\/v2\/media?parent=159720"}],"wp:term":[{"taxonomy":"category","embeddable":true,"href":"https:\/\/www.europesays.com\/fi\/wp-json\/wp\/v2\/categories?post=159720"},{"taxonomy":"post_tag","embeddable":true,"href":"https:\/\/www.europesays.com\/fi\/wp-json\/wp\/v2\/tags?post=159720"}],"curies":[{"name":"wp","href":"https:\/\/api.w.org\/{rel}","templated":true}]}}