{"id":159739,"date":"2026-02-03T08:41:07","date_gmt":"2026-02-03T08:41:07","guid":{"rendered":"https:\/\/www.europesays.com\/fi\/159739\/"},"modified":"2026-02-03T08:41:07","modified_gmt":"2026-02-03T08:41:07","slug":"mikko-kekalainen-paljastaa-perhe-elamansa-salat-radio-ohjelmassa","status":"publish","type":"post","link":"https:\/\/www.europesays.com\/fi\/159739\/","title":{"rendered":"Mikko Kek\u00e4l\u00e4inen paljastaa perhe-el\u00e4m\u00e4ns\u00e4 salat radio-ohjelmassa"},"content":{"rendered":"<p>\n            20260115, Helsinki. Urheilu Gaala 2026. Kuvassa Mikko ja Kristiina Kek\u00e4l\u00e4inen.<br \/>\n            Timo Korhonen\n        <\/p>\n<p class=\"subtitle \">N\u00e4ist\u00e4 levyist\u00e4 en luovu -ohjelmassa vieraillut Mikko Kek\u00e4l\u00e4inen kertoo h\u00e4nen ja Kristiina-vaimonsa uudesta tilanteesta kotona.<\/p>\n<p class=\"article-content article-content-width !bg-background\">Puoli seitsem\u00e4n -juontaja  vieraili\u00a0 toimittamassa N\u00e4ist\u00e4 levyist\u00e4 en luovu -ohjelmassa Yle Radio 1:ll\u00e4.\u00a0<\/p>\n<p class=\"font-weight-bold m-font-weight-bold article-content article-content-width !bg-background\">Videolla Jenni Vartiainen kertoo, mik\u00e4 houkutti h\u00e4net mukaan The Voice of Finlandiin.\u00a0<\/p>\n<p class=\"article-content article-content-width !bg-background\">Mikolle kutsu radion musiikkiohjelmaan oli mieleinen, sill\u00e4 viime vuoden aikana h\u00e4n on kuunnellut musiikkia enemm\u00e4n kuin koskaan el\u00e4m\u00e4ss\u00e4\u00e4n. T\u00e4h\u00e4n on syyn\u00e4 kotiin hankittu uusi LP-levysoitin.<\/p>\n<p>        <a itemprop=\"url\" href=\"https:\/\/www.seiska.fi\/katso\/erikoisjoukot-matias-petaisto-raivoaa-mikko-kekalaiselle-taytta-paskaa\/1970145\" rel=\"nofollow noopener\" target=\"_blank\"><\/p>\n<p>\nErikoisjoukot\n<\/p>\n<p class=\"section-date\">\n        <strong class=\"article-section\" data-section=\"katso\"><br \/>\n            katso<br \/>\n        <\/strong><br \/>\n        23.10.2025 05:15\n    <\/p>\n<p>Erikoisjoukot: Matias Pet\u00e4ist\u00f6 raivoaa Mikko Kek\u00e4l\u00e4iselle: &#8221;T\u00e4ytt\u00e4 paskaa!&#8221;\n    <\/p>\n<p itemprop=\"description\" class=\"subtitle \">\n    Mikko Kek\u00e4l\u00e4inen ep\u00e4onnistuu Erikoisjoukot-jakson teht\u00e4v\u00e4ss\u00e4. Kouluttajat antavat toimittajalle kylm\u00e4\u00e4 kyyti\u00e4.\n<\/p>\n<p>        <\/a><\/p>\n<p class=\"article-content article-content-width !bg-background\">\u2013\tKuuntelen kotona musiikkia koko ajan. Kun her\u00e4\u00e4n, pit\u00e4\u00e4 ensimm\u00e4isen\u00e4 k\u00e4ytt\u00e4\u00e4 koira pihalla ja laittaa kahvinkeitin porisemaan, mutta kyll\u00e4 levy l\u00e4htee py\u00f6rim\u00e4\u00e4n ensit\u00f6ikseen.<\/p>\n<p class=\"article-content article-content-width !bg-background\">\u2013\tOn hyvin paljon sellaista musaa, jota voin kuunnella vain, kun olen yksin kotona. Perheeni ei suostu kuuntelemaan sit\u00e4 musaa, jota min\u00e4 kuuntelen, Mikko kertoo.<\/p>\n<p class=\"article-content article-content-width !bg-background\">N\u00e4ist\u00e4 levyist\u00e4 en luovu -soittolistalla Mikolla on muun muassa  , ,  ja .<\/p>\n<p class=\"article-content article-content-width !bg-background\">Soittolistan t\u00e4rkein kappale lienee  ja   esitt\u00e4m\u00e4 Jotain j\u00e4\u00e4, joka tuli tutuksi  vuoden 2005 elokuvamusikaalista Kaksip\u00e4isen kotkan varjossa.<\/p>\n<p class=\"article-content article-content-width !bg-background\">\u2013\tT\u00e4m\u00e4 on h\u00e4\u00e4valssimme. Meill\u00e4 oli talvih\u00e4\u00e4t. T\u00e4t\u00e4 ei ollut ihan helppo tanssia, koska t\u00e4ss\u00e4 on v\u00e4liosa, joka menee eri jaolla. Siit\u00e4 selvisimme ja yh\u00e4 olemme naimisissa.<\/p>\n<p class=\"article-content article-content-width !bg-background\">\u2013\tKyll\u00e4h\u00e4n el\u00e4m\u00e4ss\u00e4kin on erilaisia v\u00e4liosia, joissa tuntuu, ett\u00e4 pit\u00e4\u00e4 v\u00e4h\u00e4n vaihtaa askellusta. Kyll\u00e4h\u00e4n semmoisia hetki\u00e4 18 vuoteen mahtuu, mutta hyvin on mennyt, Mikko sanoo.\u00a0<\/p>\n<p>Rippijuhlien leipurina\u00a0<\/p>\n<p class=\"article-content article-content-width !bg-background\">Rehupiikles-yhtyeen kappale Ohojeeta rippikoululaiselle her\u00e4tt\u00e4\u00e4 Mikossa omat nuoruusmuistot, kuinka rippikouluun tarvitsi vanhemmilta lupalapun tupakan sauhutteluun.<\/p>\n<p class=\"article-content article-content-width !bg-background\">Omista rippijuhlista on vier\u00e4ht\u00e4nyt tovi, mutta ei ole kauaa, kun Kek\u00e4l\u00e4isten-perheess\u00e4 juhlittiin 15-vuotiasta poikaa.<\/p>\n<p class=\"article-content article-content-width !bg-background\">\u2013\tMeid\u00e4n esikoinen oli viime kes\u00e4n\u00e4 rippikoululainen, ja kyll\u00e4 t\u00e4m\u00e4 biisi soi, kun leivoin rippijuhliin nakkipiiloja. Sata, kaikki meni, Mikko kertoo.<\/p>\n<p>        <a itemprop=\"url\" href=\"https:\/\/www.seiska.fi\/katso\/tangomarkkinoiden-juontajat-katja-stahl-ja-mikko-kekalainen-tutustuivat-yllattavassa-paikassa\/1866404\" rel=\"nofollow noopener\" target=\"_blank\"><\/p>\n<p class=\"section-date\">\n        <strong class=\"article-section\" data-section=\"katso\"><br \/>\n            katso<br \/>\n        <\/strong><br \/>\n        12.7.2025 07:15\n    <\/p>\n<p>Tangomarkkinoiden juontajat Katja St\u00e5hl ja Mikko Kek\u00e4l\u00e4inen tutustuivat yll\u00e4tt\u00e4v\u00e4ss\u00e4 paikassa\n    <\/p>\n<p itemprop=\"description\" class=\"subtitle \">\n    Katja St\u00e5hlilla on p\u00e4tev\u00e4 syy siihen, miksi Tangomarkkinat ovat j\u00e4\u00e4neet h\u00e4nelt\u00e4 seuraamatta.\n<\/p>\n<p>        <\/a><\/p>\n<p class=\"article-content article-content-width !bg-background\">Is\u00e4 ja poika l\u00e4htiv\u00e4t kahdestaan rippilahjareissuna keikkamatkalle. T\u00e4\u00e4ll\u00e4 tv-juontaja tajusi el\u00e4v\u00e4ns\u00e4 vaimonsa kanssa el\u00e4m\u00e4nvaihetta, jossa heill\u00e4 on vanhempina paljon uuden opettelua.<\/p>\n<p class=\"article-content article-content-width !bg-background\">\u2013\tNyt muksu on niin iso, ett\u00e4 h\u00e4nell\u00e4 on oma maailmansa, johon emme edes p\u00e4\u00e4se eik\u00e4 ole tarpeenkaan.<\/p>\n<p>Kasvatusopit testiss\u00e4<\/p>\n<p class=\"article-content article-content-width !bg-background\">Mikko ja Kristiina ovat pyrkineet luomaan lapsiinsa avoimet puhev\u00e4lit.\u00a0<\/p>\n<p class=\"article-content article-content-width !bg-background\">Perheenis\u00e4n mukaan teini-ik\u00e4isten kanssa joutuu k\u00e4yt\u00e4nn\u00f6n testiin, ettei kaunis kasvatusoppi j\u00e4\u00e4 pelk\u00e4ksi sanahelin\u00e4ksi.<\/p>\n<p class=\"article-content article-content-width !bg-background\">\u2013\tAjattelemme todella eri tavalla joistain asioista, mutta olemme huomanneet, ett\u00e4 voimme keskustella niist\u00e4 arvostaen ja kunnioittaen toisen n\u00e4kemyst\u00e4, Mikko sanoo.<\/p>\n<p class=\"article-content article-content-width !bg-background\">Vanhempien kasvatus on pohjautunut ajatukselle, ett\u00e4 lapset saavat olla ihan mit\u00e4 itse haluavat, kunhan he eiv\u00e4t ole itselleen tai toisille ihmisille pahoja.<\/p>\n<p class=\"article-content article-content-width !bg-background\">\u2013\tNyt sen alkaa n\u00e4kee, etteiv\u00e4t he todellakaan ole itselleen tai muille pahoja, mutta eiv\u00e4t he v\u00e4ltt\u00e4m\u00e4tt\u00e4 tee asioita yht\u00e4\u00e4n sill\u00e4 tavalla kuin me tekisimme.<\/p>\n<p class=\"article-content article-content-width !bg-background\">N\u00e4ist\u00e4 levyist\u00e4 en luovu kuullaan Yle Radio 1:ll\u00e4 perjantaisin klo 17.35 sek\u00e4 Yle Areenassa.<\/p>\n<p>        <a itemprop=\"url\" href=\"https:\/\/www.seiska.fi\/katso\/ella-kanninen-ihmetteli-juontajakollegansa-katoamista-syy-selvisi\/1892359\" rel=\"nofollow noopener\" target=\"_blank\"><\/p>\n<p>\nMikko Kek\u00e4l\u00e4isen\n<\/p>\n<p class=\"section-date\">\n        <strong class=\"article-section\" data-section=\"katso\"><br \/>\n            katso<br \/>\n        <\/strong><br \/>\n        7.8.2025 09:16\n    <\/p>\n<p>Ella Kanninen ihmetteli juontajakollegansa katoamista \u2013 syy selvisi\n    <\/p>\n<p itemprop=\"description\" class=\"subtitle \">\n    Mikko Kek\u00e4l\u00e4inen paljasti yll\u00e4tysuutisen Instagramissa.\n<\/p>\n<p>        <\/a><\/p>\n","protected":false},"excerpt":{"rendered":"20260115, Helsinki. Urheilu Gaala 2026. Kuvassa Mikko ja Kristiina Kek\u00e4l\u00e4inen. Timo Korhonen N\u00e4ist\u00e4 levyist\u00e4 en luovu -ohjelmassa vieraillut&hellip;\n","protected":false},"author":2,"featured_media":159740,"comment_status":"","ping_status":"","sticky":false,"template":"","format":"standard","meta":{"footnotes":"","_share_on_mastodon":"0"},"categories":[136],"tags":[1075,407,137,33,31,30,1208,408,4559,5118,20661,99,15856,26605,5314,5140,4424,47,26604,8156,1496,98,1079,26603,9743,32,10124,4344,14852,6137,109,1149,2933],"class_list":["post-159739","post","type-post","status-publish","format-standard","has-post-thumbnail","category-julkkikset","tag-avioliitto","tag-celebrities","tag-entertainment","tag-fi","tag-finland","tag-finnish","tag-haat","tag-julkkikset","tag-kaarija","tag-kasvatus","tag-kristiina-kekalainen","tag-lapset","tag-lastenkasvatus","tag-marko-miettinen","tag-mikko-kekalainen","tag-mikko-kuustonen","tag-mikko-leppilampi","tag-musiikki","tag-naista-levyista-en-luovu","tag-nina-tapio","tag-parisuhde","tag-perhe","tag-radio","tag-rippikoulu","tag-robbie-williams","tag-suomi","tag-teini-ika","tag-timo-koivusalo","tag-timo-lassy","tag-vaimo","tag-viihde","tag-yle","tag-yle-radio-1"],"share_on_mastodon":{"url":"https:\/\/pubeurope.com\/@fi\/116005809965908373","error":""},"_links":{"self":[{"href":"https:\/\/www.europesays.com\/fi\/wp-json\/wp\/v2\/posts\/159739","targetHints":{"allow":["GET"]}}],"collection":[{"href":"https:\/\/www.europesays.com\/fi\/wp-json\/wp\/v2\/posts"}],"about":[{"href":"https:\/\/www.europesays.com\/fi\/wp-json\/wp\/v2\/types\/post"}],"author":[{"embeddable":true,"href":"https:\/\/www.europesays.com\/fi\/wp-json\/wp\/v2\/users\/2"}],"replies":[{"embeddable":true,"href":"https:\/\/www.europesays.com\/fi\/wp-json\/wp\/v2\/comments?post=159739"}],"version-history":[{"count":0,"href":"https:\/\/www.europesays.com\/fi\/wp-json\/wp\/v2\/posts\/159739\/revisions"}],"wp:featuredmedia":[{"embeddable":true,"href":"https:\/\/www.europesays.com\/fi\/wp-json\/wp\/v2\/media\/159740"}],"wp:attachment":[{"href":"https:\/\/www.europesays.com\/fi\/wp-json\/wp\/v2\/media?parent=159739"}],"wp:term":[{"taxonomy":"category","embeddable":true,"href":"https:\/\/www.europesays.com\/fi\/wp-json\/wp\/v2\/categories?post=159739"},{"taxonomy":"post_tag","embeddable":true,"href":"https:\/\/www.europesays.com\/fi\/wp-json\/wp\/v2\/tags?post=159739"}],"curies":[{"name":"wp","href":"https:\/\/api.w.org\/{rel}","templated":true}]}}