{"id":159741,"date":"2026-02-03T08:42:08","date_gmt":"2026-02-03T08:42:08","guid":{"rendered":"https:\/\/www.europesays.com\/fi\/159741\/"},"modified":"2026-02-03T08:42:08","modified_gmt":"2026-02-03T08:42:08","slug":"kiihtelysvaaran-kirkko-ehdolla-kansainvalisessa-vuoden-rakennus-kisassa-voittajan-ratkaisee-yleisoaanestys-pohjois-karjala","status":"publish","type":"post","link":"https:\/\/www.europesays.com\/fi\/159741\/","title":{"rendered":"Kiihtelysvaaran kirkko ehdolla kansainv\u00e4lisess\u00e4 vuoden rakennus -kisassa \u2013 voittajan ratkaisee yleis\u00f6\u00e4\u00e4nestys | Pohjois-Karjala"},"content":{"rendered":"<p class=\"aw-1gybjub aw-5vja16 kEtdKx kmuxyA yle__article__paragraph\">Verkkojulkaisu Archdaily on j\u00e4rjest\u00e4nyt Building of the Year -kilpailua jo 17 vuoden ajan.<\/p>\n<p><img decoding=\"async\" alt=\"Kiihtelysvaaran kirkko.\" src=\"https:\/\/www.europesays.com\/fi\/wp-content\/uploads\/2026\/02\/39-1381638673b233924386.jpeg\" class=\"aw-1l9m598 hKVVvP\"\/><\/p>\n<p>Avaa kuvien katselu<\/p>\n<p>Kiihtelysvaaran uusi kirkko rakennettiin tulipalossa tuhoutuneen kirkon paikalle keskelle kyl\u00e4\u00e4. Kuva: Kirsi Taskinen \/ Joensuun ev.lut. seurakuntayhtym\u00e4<\/p>\n<p>2.2. 08:58\u2022P\u00e4ivitetty 2.2. 12:49<\/p>\n<p class=\"aw-1gybjub aw-1p7kakr kEtdKx cEmitX yle__article__paragraph\">Pohjois-Karjalassa sijaitseva Kiihtelysvaaran kirkko on ehdolla kansainv\u00e4lisen arkkitehtuurijulkaisu Archdailyn Vuoden rakennus -palkinnon saajaksi.<\/p>\n<p class=\"aw-1gybjub aw-1p7kakr kEtdKx cEmitX yle__article__paragraph\">Kirkko on kilpailun ainoa suomalainen kirkkorakennus. Ehdokkaita on yhteens\u00e4 3\u00a0000 eri puolilta maailmaa. Kiihtelysvaaran kirkko kilpailee uskonnollisen arkkitehtuurin kategoriassa, jossa sen kilpakumppaneina on esimerkiksi indonesialainen moskeija, italialainen kappeli ja Burkina Fasossa sijaitseva mausoleumi.<\/p>\n<p class=\"aw-1gybjub aw-1p7kakr kEtdKx cEmitX yle__article__paragraph\">Voittajiin voi vaikuttaa <a class=\"aw-iao6s4 iHOxEa yle__article__link\" href=\"https:\/\/www.archdaily.com\/1030415\/kiihtelysvaara-church-luo-architects\" role=\"link\" rel=\"nofollow noopener\" target=\"_blank\">yleis\u00f6\u00e4\u00e4nestyksell\u00e4 Archdailyn verkkosivuilla<\/a> tiistaihin 10. helmikuuta asti. Finaaliin etenee viisi eniten \u00e4\u00e4ni\u00e4 saanutta kohdetta kustakin kategoriasta.<\/p>\n<p class=\"aw-1gybjub aw-1p7kakr kEtdKx cEmitX yle__article__paragraph\">Vuonna 2024 valmistunut Kiihtelysvaaran kirkko on monitoimitila, jonka on suunnitellut oululainen Luo arkkitehdit oy. Kirkko on aiemmin palkittu muun muassa Pohjois-Karjalan vuoden 2024 rakennuskohteena ja Puumiesteko-palkinnolla.<\/p>\n<p class=\"aw-1gybjub aw-1p7kakr kEtdKx cEmitX yle__article__paragraph\">Alkuper\u00e4inen, vuonna 1770 valmistunut Kiihtelysvaaran kirkko tuhoutui tuhopoltossa vuonna 2018.<\/p>\n<p class=\"aw-1gybjub aw-1p7kakr kEtdKx cEmitX yle__article__paragraph\">Juttua muokattu klo 12.49: Muokattu otsikkoa.<\/p>\n","protected":false},"excerpt":{"rendered":"Verkkojulkaisu Archdaily on j\u00e4rjest\u00e4nyt Building of the Year -kilpailua jo 17 vuoden ajan. Avaa kuvien katselu Kiihtelysvaaran uusi&hellip;\n","protected":false},"author":2,"featured_media":159742,"comment_status":"","ping_status":"","sticky":false,"template":"","format":"standard","meta":{"footnotes":"","_share_on_mastodon":"0"},"categories":[135],"tags":[1001,26606,389,387,388,390,137,33,31,30,1133,2967,15509,1137,3639,32,394,393,391,392,109],"class_list":["post-159741","post","type-post","status-publish","format-standard","has-post-thumbnail","category-taiteet-ja-suunnittelu","tag-arkkitehtuuri","tag-arkkitehtuuripalkinnot","tag-arts","tag-arts-and-design","tag-artsanddesign","tag-design","tag-entertainment","tag-fi","tag-finland","tag-finnish","tag-joensuu","tag-kiihtelysvaara","tag-kirkot","tag-pohjois-karjala","tag-rakennukset","tag-suomi","tag-suunnittelu","tag-taiteet","tag-taiteet-ja-suunnittelu","tag-taiteetsuunnittelu","tag-viihde"],"share_on_mastodon":{"url":"https:\/\/pubeurope.com\/@fi\/116005813806782318","error":""},"_links":{"self":[{"href":"https:\/\/www.europesays.com\/fi\/wp-json\/wp\/v2\/posts\/159741","targetHints":{"allow":["GET"]}}],"collection":[{"href":"https:\/\/www.europesays.com\/fi\/wp-json\/wp\/v2\/posts"}],"about":[{"href":"https:\/\/www.europesays.com\/fi\/wp-json\/wp\/v2\/types\/post"}],"author":[{"embeddable":true,"href":"https:\/\/www.europesays.com\/fi\/wp-json\/wp\/v2\/users\/2"}],"replies":[{"embeddable":true,"href":"https:\/\/www.europesays.com\/fi\/wp-json\/wp\/v2\/comments?post=159741"}],"version-history":[{"count":0,"href":"https:\/\/www.europesays.com\/fi\/wp-json\/wp\/v2\/posts\/159741\/revisions"}],"wp:featuredmedia":[{"embeddable":true,"href":"https:\/\/www.europesays.com\/fi\/wp-json\/wp\/v2\/media\/159742"}],"wp:attachment":[{"href":"https:\/\/www.europesays.com\/fi\/wp-json\/wp\/v2\/media?parent=159741"}],"wp:term":[{"taxonomy":"category","embeddable":true,"href":"https:\/\/www.europesays.com\/fi\/wp-json\/wp\/v2\/categories?post=159741"},{"taxonomy":"post_tag","embeddable":true,"href":"https:\/\/www.europesays.com\/fi\/wp-json\/wp\/v2\/tags?post=159741"}],"curies":[{"name":"wp","href":"https:\/\/api.w.org\/{rel}","templated":true}]}}