{"id":15982,"date":"2025-08-25T15:49:08","date_gmt":"2025-08-25T15:49:08","guid":{"rendered":"https:\/\/www.europesays.com\/fi\/15982\/"},"modified":"2025-08-25T15:49:08","modified_gmt":"2025-08-25T15:49:08","slug":"seth-rogen-avautuu-huumeiden-kaytostaan","status":"publish","type":"post","link":"https:\/\/www.europesays.com\/fi\/15982\/","title":{"rendered":"Seth Rogen avautuu huumeiden k\u00e4yt\u00f6st\u00e4\u00e4n"},"content":{"rendered":"<p>\n            Seth Rogen<br \/>\n            Stella Pictures\n        <\/p>\n<p class=\"subtitle \">Hollywoodin tunnetuimpiin p\u00f6ssyp\u00e4ihin kuuluva koomikko ei peittele el\u00e4m\u00e4ntapaansa.<\/p>\n<p class=\"article-content article-content-width !bg-background\"> fanit eiv\u00e4t useinkaan pyyd\u00e4 t\u00e4lt\u00e4 selfieit\u00e4 tai nimmareita. On kuitenkin yksi toive, johon Rogen t\u00f6rm\u00e4\u00e4 jatkuvasti.<\/p>\n<p class=\"font-weight-bold m-font-weight-bold italic m-italic article-content article-content-width !bg-background\">Arkistovideo: High Society: Kannabiksen laaduntarkkailu<\/p>\n<p class=\"article-content article-content-width !bg-background\">\u2013 Ihmiset haluavat usein polttaa pilve\u00e4 kanssani, 43-vuotias koomikko paljastaa Happy Sad Confused -podcastissa.<\/p>\n<p class=\"article-content article-content-width !bg-background\">Rogen tunnetaan yhten\u00e4 Hollywoodin aktiivisimmista kannabiksen k\u00e4ytt\u00e4jist\u00e4, joka on kertonut polttavansa marihuanaa p\u00e4ivitt\u00e4in. Rogen on my\u00f6s perustanut yst\u00e4v\u00e4ns\u00e4 ja ty\u00f6toverinsa  kanssa Houseplant-nimisen kannabis-br\u00e4ndin.<\/p>\n<p>        <a itemprop=\"url\" href=\"https:\/\/www.seiska.fi\/katso\/hollywood-hermostui-uudesta-parodiasarjasta-tallainen-se-on\/1658833\" rel=\"nofollow noopener\" target=\"_blank\"><\/p>\n<p>\nThe Studio\n<\/p>\n<p class=\"section-date\">\n        <strong class=\"article-section\" data-section=\"katso\"><br \/>\n            katso<br \/>\n        <\/strong><br \/>\n        29.3. 14:15\n    <\/p>\n<p>    Hollywood hermostui uudesta parodiasarjasta \u2013 t\u00e4llainen se on<\/p>\n<p itemprop=\"description\" class=\"subtitle \">\n    The Studion kaksi ensimm\u00e4ist\u00e4 jaksoa ovat nyt katsottavissa Apple TV+:ssa.\n<\/p>\n<p>        <\/a><\/p>\n<p>                <img decoding=\"async\" src=\"https:\/\/www.europesays.com\/fi\/wp-content\/uploads\/2025\/08\/1909785.webp\" width=\"576\" height=\"317\" alt=\"James Franco ja Seth Rogen elokuvassa Pineapple Express \u2013 pilvinen pakomatka.\" loading=\"lazy\" \/>            <\/p>\n<p>\n            James Franco ja Seth Rogen elokuvassa Pineapple Express \u2013 pilvinen pakomatka.<br \/>\n            Sony Pictures\n        <\/p>\n<p>Valikoivaa p\u00f6ssyttely\u00e4<\/p>\n<p class=\"article-content article-content-width !bg-background\">Rogen ei kuitenkaan suostu p\u00f6ssyttelem\u00e4\u00e4n kenen kanssa tahansa, vaan kertoo olevansa valikoiva p\u00e4\u00e4t\u00f6ksen suhteen.<\/p>\n<p class=\"article-content article-content-width !bg-background\">\u2013 Jos se on todella erityist\u00e4 pyyt\u00e4j\u00e4lle, niin sitten suostun siihen silloin t\u00e4ll\u00f6in. Huomaan milloin kyseess\u00e4 on aito pyynt\u00f6, ja jos se todella merkitsee paljon, niin v\u00e4hint\u00e4 mit\u00e4 voin tehd\u00e4, on vet\u00e4\u00e4 pari t\u00f6tsy\u00e4 kyseisen henkil\u00f6n kanssa, Seth nauraa.<\/p>\n<p>        <a itemprop=\"url\" href=\"https:\/\/www.seiska.fi\/katso\/robert-downey-jr-sai-lapsena-huumeita-isaltaan-alkoi-vuosien-paihdekierre\/1871580\" rel=\"nofollow noopener\" target=\"_blank\"><\/p>\n<p>\nRobert Downey Jr.:n p\u00e4ihdehelvetti\n<\/p>\n<p class=\"section-date\">\n        <strong class=\"article-section\" data-section=\"katso\"><br \/>\n            katso<br \/>\n        <\/strong><br \/>\n        17.7. 14:15\n    <\/p>\n<p>    Robert Downey Jr. sai lapsena huumeita is\u00e4lt\u00e4\u00e4n \u2013 alkoi vuosien p\u00e4ihdekierre<\/p>\n<p itemprop=\"description\" class=\"subtitle \">\n    Vankilassa ja vieroituslaitoksissa virunut t\u00e4hti menetti kotinsa ja k\u00e4vi l\u00e4hell\u00e4 kuolemaa.\n<\/p>\n<p>        <\/a><\/p>\n<p class=\"article-content article-content-width !bg-background\">Rogen my\u00f6nt\u00e4\u00e4, ettei marihuanan polttaminen sovi kaikille.<\/p>\n<p class=\"article-content article-content-width !bg-background\">\u2013 Olen joskus polttanut bileiss\u00e4 jonkun kanssa spliffin, mink\u00e4 j\u00e4lkeen olen ollut kunnossa, mutta toinen henkil\u00f6 on kertonut my\u00f6hemmin tulleensa huonovointiseksi. En ole fyysisesti kovin lahjakas, mutta yhdell\u00e4 tapaa olen, ja se on kykyni prosessoida pilve\u00e4, Seth veistelee.<\/p>\n<p>        <a itemprop=\"url\" href=\"https:\/\/www.seiska.fi\/katso\/ohjaaja-kavalsi-netflixilta-kymmenia-miljoonia\/1907606\" rel=\"nofollow noopener\" target=\"_blank\"><\/p>\n<p>\nOhjaaja pid\u00e4tettiin\n<\/p>\n<p class=\"section-date\">\n        <strong class=\"article-section\" data-section=\"katso\"><br \/>\n            katso<br \/>\n        <\/strong><br \/>\n        22.8. 16:15\n    <\/p>\n<p>    Ohjaaja kavalsi Netflixilt\u00e4 kymmeni\u00e4 miljoonia<\/p>\n<p itemprop=\"description\" class=\"subtitle \">\n    Suoratoistoyhti\u00f6 hakee j\u00e4ttikorvauksia oikeusteitse.\n<\/p>\n<p>        <\/a><\/p>\n","protected":false},"excerpt":{"rendered":"Seth Rogen Stella Pictures Hollywoodin tunnetuimpiin p\u00f6ssyp\u00e4ihin kuuluva koomikko ei peittele el\u00e4m\u00e4ntapaansa. fanit eiv\u00e4t useinkaan pyyd\u00e4 t\u00e4lt\u00e4 selfieit\u00e4&hellip;\n","protected":false},"author":2,"featured_media":15983,"comment_status":"","ping_status":"","sticky":false,"template":"","format":"standard","meta":{"footnotes":""},"categories":[136],"tags":[407,137,6160,33,31,30,4169,6161,408,6162,6163,6165,32,6164,109],"class_list":{"0":"post-15982","1":"post","2":"type-post","3":"status-publish","4":"format-standard","5":"has-post-thumbnail","7":"category-julkkikset","8":"tag-celebrities","9":"tag-entertainment","10":"tag-evan-goldberg","11":"tag-fi","12":"tag-finland","13":"tag-finnish","14":"tag-hollywood","15":"tag-houseplant","16":"tag-julkkikset","17":"tag-kannabis","18":"tag-pineapple-express","19":"tag-seth-rogen","20":"tag-suomi","21":"tag-the-studio","22":"tag-viihde"},"share_on_mastodon":{"url":"","error":""},"_links":{"self":[{"href":"https:\/\/www.europesays.com\/fi\/wp-json\/wp\/v2\/posts\/15982","targetHints":{"allow":["GET"]}}],"collection":[{"href":"https:\/\/www.europesays.com\/fi\/wp-json\/wp\/v2\/posts"}],"about":[{"href":"https:\/\/www.europesays.com\/fi\/wp-json\/wp\/v2\/types\/post"}],"author":[{"embeddable":true,"href":"https:\/\/www.europesays.com\/fi\/wp-json\/wp\/v2\/users\/2"}],"replies":[{"embeddable":true,"href":"https:\/\/www.europesays.com\/fi\/wp-json\/wp\/v2\/comments?post=15982"}],"version-history":[{"count":0,"href":"https:\/\/www.europesays.com\/fi\/wp-json\/wp\/v2\/posts\/15982\/revisions"}],"wp:featuredmedia":[{"embeddable":true,"href":"https:\/\/www.europesays.com\/fi\/wp-json\/wp\/v2\/media\/15983"}],"wp:attachment":[{"href":"https:\/\/www.europesays.com\/fi\/wp-json\/wp\/v2\/media?parent=15982"}],"wp:term":[{"taxonomy":"category","embeddable":true,"href":"https:\/\/www.europesays.com\/fi\/wp-json\/wp\/v2\/categories?post=15982"},{"taxonomy":"post_tag","embeddable":true,"href":"https:\/\/www.europesays.com\/fi\/wp-json\/wp\/v2\/tags?post=15982"}],"curies":[{"name":"wp","href":"https:\/\/api.w.org\/{rel}","templated":true}]}}