{"id":15984,"date":"2025-08-25T15:51:15","date_gmt":"2025-08-25T15:51:15","guid":{"rendered":"https:\/\/www.europesays.com\/fi\/15984\/"},"modified":"2025-08-25T15:51:15","modified_gmt":"2025-08-25T15:51:15","slug":"laura-porolan-yovilkka-on-jarisyttavan-vaikuttava-esikoisromaani-vakivallasta-sisaruudesta-ja-jakalista","status":"publish","type":"post","link":"https:\/\/www.europesays.com\/fi\/15984\/","title":{"rendered":"Laura Porolan Y\u00f6vilkka on j\u00e4risytt\u00e4v\u00e4n vaikuttava esikoisromaani v\u00e4kivallasta, sisaruudesta ja j\u00e4k\u00e4list\u00e4"},"content":{"rendered":"<p><strong><\/p>\n<p>Laura Porolan Y\u00f6vilkka kysyy, miten el\u00e4\u00e4 pelossa.<\/p>\n<p><\/strong><\/p>\n<p>Sonja on unettomuudesta k\u00e4rsiv\u00e4 biologi. H\u00e4n on erikoistunut eli\u00f6ihin, jotka etsiv\u00e4t elinpaikan kaikkein haastavimmista olosuhteista. Sonja itse on joutunut nuoruudessaan j\u00e4rkytt\u00e4v\u00e4n v\u00e4kivallanteon kohteeksi ja menett\u00e4nyt pikkuvelje\u00e4 lukuun ottamatta koko perheens\u00e4.\u00a0<\/p>\n<p>Sonja vaeltaa luonnossa, joka jatkuvasti kuolee ja her\u00e4\u00e4 uudelleen eloon. Mutta miten her\u00e4t\u00e4 eloon ja l\u00f6yt\u00e4\u00e4 yhteys toisiin, kun luottamus omiin lajitovereihin on mennyt ja tuntuu, ett\u00e4 vaara vaanii miss\u00e4 vain?<\/p>\n<p>Herkk\u00e4 romaani kuljettaa lukijan aluskasvillisuuden keskelle, huomaamattomimpiin ja pimeimpiin paikkoihin, joissa el\u00e4m\u00e4\u00e4 on.<\/p>\n<p><strong>Laura Porola<\/strong> on taiteen maisteri, taidepedagogi ja museoammattilainen. H\u00e4nelt\u00e4 on julkaistu kaksi novellia, ja h\u00e4n on toinen nuorten sarjakuvakirjan Breathe \u2013 niinku hengit\u00e4 (2024) k\u00e4sikirjoittajista. Porola on opiskellut Kriittisess\u00e4 korkeakoulussa, ja Y\u00f6vilkka on h\u00e4nen esikoisromaaninsa.<\/p>\n<p><strong>Y\u00f6vilkka julkaistaan 7.8.2025.<\/strong><\/p>\n<p>Teos julkaistaan kaikissa formaateissa. \u00c4\u00e4nikirjan lukee <strong>Mirjami Heikkinen<\/strong>.<\/p>\n<p><strong>Arvostelukappaleet:<\/strong> <a href=\"https:\/\/www.sttinfo.fi\/tiedote\/71230719\/mailto:arvostelukappale@otava.fi\" rel=\"nofollow noopener\" target=\"_blank\">arvostelukappale@otava.fi<\/a><\/p>\n","protected":false},"excerpt":{"rendered":"Laura Porolan Y\u00f6vilkka kysyy, miten el\u00e4\u00e4 pelossa. Sonja on unettomuudesta k\u00e4rsiv\u00e4 biologi. H\u00e4n on erikoistunut eli\u00f6ihin, jotka etsiv\u00e4t&hellip;\n","protected":false},"author":2,"featured_media":15985,"comment_status":"","ping_status":"","sticky":false,"template":"","format":"standard","meta":{"footnotes":""},"categories":[134],"tags":[377,137,33,31,30,378,32,109],"class_list":{"0":"post-15984","1":"post","2":"type-post","3":"status-publish","4":"format-standard","5":"has-post-thumbnail","7":"category-kirjat","8":"tag-books","9":"tag-entertainment","10":"tag-fi","11":"tag-finland","12":"tag-finnish","13":"tag-kirjat","14":"tag-suomi","15":"tag-viihde"},"share_on_mastodon":{"url":"","error":""},"_links":{"self":[{"href":"https:\/\/www.europesays.com\/fi\/wp-json\/wp\/v2\/posts\/15984","targetHints":{"allow":["GET"]}}],"collection":[{"href":"https:\/\/www.europesays.com\/fi\/wp-json\/wp\/v2\/posts"}],"about":[{"href":"https:\/\/www.europesays.com\/fi\/wp-json\/wp\/v2\/types\/post"}],"author":[{"embeddable":true,"href":"https:\/\/www.europesays.com\/fi\/wp-json\/wp\/v2\/users\/2"}],"replies":[{"embeddable":true,"href":"https:\/\/www.europesays.com\/fi\/wp-json\/wp\/v2\/comments?post=15984"}],"version-history":[{"count":0,"href":"https:\/\/www.europesays.com\/fi\/wp-json\/wp\/v2\/posts\/15984\/revisions"}],"wp:featuredmedia":[{"embeddable":true,"href":"https:\/\/www.europesays.com\/fi\/wp-json\/wp\/v2\/media\/15985"}],"wp:attachment":[{"href":"https:\/\/www.europesays.com\/fi\/wp-json\/wp\/v2\/media?parent=15984"}],"wp:term":[{"taxonomy":"category","embeddable":true,"href":"https:\/\/www.europesays.com\/fi\/wp-json\/wp\/v2\/categories?post=15984"},{"taxonomy":"post_tag","embeddable":true,"href":"https:\/\/www.europesays.com\/fi\/wp-json\/wp\/v2\/tags?post=15984"}],"curies":[{"name":"wp","href":"https:\/\/api.w.org\/{rel}","templated":true}]}}