{"id":15986,"date":"2025-08-25T15:53:07","date_gmt":"2025-08-25T15:53:07","guid":{"rendered":"https:\/\/www.europesays.com\/fi\/15986\/"},"modified":"2025-08-25T15:53:07","modified_gmt":"2025-08-25T15:53:07","slug":"tampereen-vauhti-kiihtyy-festivaali-on-jo-nurkan-takana-tapahtuma-julkisti-viela-yhden-esiintyjan","status":"publish","type":"post","link":"https:\/\/www.europesays.com\/fi\/15986\/","title":{"rendered":"Tampereen Vauhti kiihtyy -festivaali on jo nurkan takana \u2013 tapahtuma julkisti viel\u00e4 yhden esiintyj\u00e4n"},"content":{"rendered":"<p>Vauhti kiihtyy! -festivaali j\u00e4rjestet\u00e4\u00e4n Tampereella t\u00e4n\u00e4 kes\u00e4n\u00e4 kolmatta kertaa. Tapahtuma juhlitaan 29.\u201330. elokuuta Hakamets\u00e4n parkkipaikalla. Nyt festivaali tiedottaa, ett\u00e4 ilonpitoon saatiin mukaan viel\u00e4 tapahtuman kynnyksell\u00e4 yksi kokoonpano lis\u00e4\u00e4 juhlakansaa villitsem\u00e4\u00e4n.<\/p>\n<p>Portion Boys nimitt\u00e4in t\u00e4ydent\u00e4\u00e4 Vauhti kiihtyy! -kattauksen soittamalla erityisen aamukeikan lauantaina 30. elokuuta. T\u00e4ss\u00e4 onkin mahdollisuus kunnon aamuvoimisteluun, sill\u00e4 kokoonpanon soittovuoro on niinkin aikaisin kuin kello 11. Mik\u00e4p\u00e4 siin\u00e4!<\/p>\n<p>\u201dOlemme kiert\u00e4neet yht\u00e4 lukuun ottamatta kaikki t\u00e4m\u00e4n kes\u00e4n aiemmat Vauhti Kiihtyy! -festarit, ja halusimme ehdottomasti mukaan my\u00f6s Tampereen-festivaaleille, joista on tulossa kes\u00e4n isoimmat! Meill\u00e4 oli jo keikat buukattuna sek\u00e4 perjantai- ett\u00e4 lauantai-iltaan, mutta sitten keksimme, ett\u00e4 voisimme vet\u00e4\u00e4 Tampereella my\u00f6s aamup\u00e4iv\u00e4keikan. Olemme suunnitelleet biisilistan sellaiseksi, ett\u00e4 keikka toimii samalla my\u00f6s aamujumppana halukkaille. Tervetuloa kaikki mukaan, tuumaa Mikael Forsby eli El Meissel tiedotteessa.<\/p>\n<p>Lis\u00e4keikan vuoksi festivaalin portit avautuvat lauantaina muutamaa tuntia aiemmin ilmoitettua aikaisemmin eli 10.30. Tapahtuman muita esiintyji\u00e4 ovat muun muassa Kaija Koo, Erika Vikman, Stratovarius, Benjamin, Raptori, Klamydia ja Arttu Wiskari. Festivaalin p\u00e4\u00e4sylippuja voi etsi\u00e4 Lippupisteest\u00e4.<\/p>\n","protected":false},"excerpt":{"rendered":"Vauhti kiihtyy! -festivaali j\u00e4rjestet\u00e4\u00e4n Tampereella t\u00e4n\u00e4 kes\u00e4n\u00e4 kolmatta kertaa. Tapahtuma juhlitaan 29.\u201330. elokuuta Hakamets\u00e4n parkkipaikalla. Nyt festivaali tiedottaa,&hellip;\n","protected":false},"author":2,"featured_media":15987,"comment_status":"","ping_status":"","sticky":false,"template":"","format":"standard","meta":{"footnotes":""},"categories":[132],"tags":[137,970,33,31,30,195,47,32,109],"class_list":{"0":"post-15986","1":"post","2":"type-post","3":"status-publish","4":"format-standard","5":"has-post-thumbnail","7":"category-musiikki","8":"tag-entertainment","9":"tag-festivaalit","10":"tag-fi","11":"tag-finland","12":"tag-finnish","13":"tag-music","14":"tag-musiikki","15":"tag-suomi","16":"tag-viihde"},"share_on_mastodon":{"url":"","error":""},"_links":{"self":[{"href":"https:\/\/www.europesays.com\/fi\/wp-json\/wp\/v2\/posts\/15986","targetHints":{"allow":["GET"]}}],"collection":[{"href":"https:\/\/www.europesays.com\/fi\/wp-json\/wp\/v2\/posts"}],"about":[{"href":"https:\/\/www.europesays.com\/fi\/wp-json\/wp\/v2\/types\/post"}],"author":[{"embeddable":true,"href":"https:\/\/www.europesays.com\/fi\/wp-json\/wp\/v2\/users\/2"}],"replies":[{"embeddable":true,"href":"https:\/\/www.europesays.com\/fi\/wp-json\/wp\/v2\/comments?post=15986"}],"version-history":[{"count":0,"href":"https:\/\/www.europesays.com\/fi\/wp-json\/wp\/v2\/posts\/15986\/revisions"}],"wp:featuredmedia":[{"embeddable":true,"href":"https:\/\/www.europesays.com\/fi\/wp-json\/wp\/v2\/media\/15987"}],"wp:attachment":[{"href":"https:\/\/www.europesays.com\/fi\/wp-json\/wp\/v2\/media?parent=15986"}],"wp:term":[{"taxonomy":"category","embeddable":true,"href":"https:\/\/www.europesays.com\/fi\/wp-json\/wp\/v2\/categories?post=15986"},{"taxonomy":"post_tag","embeddable":true,"href":"https:\/\/www.europesays.com\/fi\/wp-json\/wp\/v2\/tags?post=15986"}],"curies":[{"name":"wp","href":"https:\/\/api.w.org\/{rel}","templated":true}]}}