{"id":159862,"date":"2026-02-03T11:43:09","date_gmt":"2026-02-03T11:43:09","guid":{"rendered":"https:\/\/www.europesays.com\/fi\/159862\/"},"modified":"2026-02-03T11:43:09","modified_gmt":"2026-02-03T11:43:09","slug":"arja-koriseva-miettii-muuttoa-espanjan-aurinkorannikolle-jos-vain","status":"publish","type":"post","link":"https:\/\/www.europesays.com\/fi\/159862\/","title":{"rendered":"Arja Koriseva miettii muuttoa Espanjan Aurinkorannikolle: \u201dJos vain\u2026\u201d"},"content":{"rendered":"<p class=\"has-drop-cap\"><strong>Arja Koriseva<\/strong>, 60, tekee historiaa helmikuussa 2026, kun tangokuningatar matkustaa ensimm\u00e4ist\u00e4 kertaa el\u00e4m\u00e4ss\u00e4\u00e4n Espanjan Aurinkorannikolle.<\/p>\n<p>Fuengirola on suomalaisille tuttu ja rakas paikka, ja jopa yli 30.000 suomalaistalvehtijan lomaseutua kutsutaan leikkis\u00e4sti my\u00f6s Suomen etel\u00e4isimm\u00e4ksi kaupungiksi. Fuengirolassa on suomalaisia ravintoloita, kauppoja, kouluja, kansalaisopisto ja kosolti muita palveluita.<\/p>\n<p><a href=\"https:\/\/www.tanssiin.fi\/tag\/arja-koriseva\/\" title=\"arja koriseva\" rel=\"nofollow noopener\" target=\"_blank\">Arja<\/a> ei kuitenkaan ole koskaan etel\u00e4isess\u00e4 Espanjassa k\u00e4ynyt.<\/p>\n<p>\u201dOn mahdottoman ihana tulla Fugeen ensimm\u00e4ist\u00e4 kertaa. T\u00e4m\u00e4 on minulle debyytti\u201d, laulaja kertoo Fuengirola.fi-lehden <a href=\"https:\/\/fuengirola.fi\/arja-koriseva-saapuu-aurinkorannikolle-teen-sen-tanaan-en-sitten-joskus\/\" title=\"\" rel=\"nofollow noopener\" target=\"_blank\">haastattelussa<\/a>.<\/p>\n<p>H\u00e4n esiintyy luottos\u00e4est\u00e4j\u00e4ns\u00e4 <strong>Minna Lintukankaan<\/strong>\u00a0kanssa Leijonien hyv\u00e4ntekev\u00e4isyyskonsertissa Fuengirolassa yst\u00e4v\u00e4np\u00e4iv\u00e4n\u00e4 14. helmikuuta.<\/p>\n<p>\u201dOhjelmistossa on paljon tunteita ja muistoja ja ajatuksia her\u00e4tt\u00e4vi\u00e4 lauluja, jotka ovat tuttuja ihmisille. Ja sitten tuon my\u00f6s sanomallisia, tunteita her\u00e4tt\u00e4vi\u00e4 uusia lauluja \u2013 oman uuden musiikin my\u00f6t\u00e4.\u201d<\/p>\n<p><strong>Lue my\u00f6s:<\/strong> <a href=\"https:\/\/www.tanssiin.fi\/naita-laulajia-suomessa-googlataan-eniten-arja-koriseva-ja-eini-yllattavat\/\" title=\"N\u00e4it\u00e4 laulajia Suomessa googlataan eniten \u2013 Arja Koriseva ja Eini yll\u00e4tt\u00e4v\u00e4t\" rel=\"nofollow noopener\" target=\"_blank\">N\u00e4it\u00e4 laulajia Suomessa googlataan eniten \u2013 Arja Koriseva ja Eini yll\u00e4tt\u00e4v\u00e4t<\/a><\/p>\n<p>Fuengirolassa esiintyy kev\u00e4\u00e4ll\u00e4 2026 muuten toinenkin tangokuninkaallinen: tangokuningas<a href=\"https:\/\/www.tanssiin.fi\/tag\/jari-sillanpaa\/\" title=\"jari sillanp\u00e4\u00e4\" rel=\"nofollow noopener\" target=\"_blank\"> <strong>Jari Sillanp\u00e4\u00e4<\/strong><\/a><strong> <\/strong>konsertoi<a href=\"https:\/\/www.tanssiin.fi\/jari-sillanpaa-kehittamani-salmiakkikossu-maistui-fuengirolan-kaupunginjohtajalle\/\" title=\"Jari Sillanp\u00e4\u00e4: \u201dKehitt\u00e4m\u00e4ni salmiakkikossu maistui Fuengirolan kaupunginjohtajalle\u201d\" rel=\"nofollow noopener\" target=\"_blank\"> toistamiseen<\/a> Sohailin linnassa. Konsertti on vappup\u00e4iv\u00e4n\u00e4 1. toukokuuta.<\/p>\n<p>Arja aikoo my\u00f6s golfata Aurinkorannikolla<img loading=\"lazy\" title=\"Arja Koriseva ja Minna Lintukangas\" decoding=\"async\" width=\"768\" height=\"1024\" data-attachment-id=\"71959\" data-permalink=\"https:\/\/www.tanssiin.fi\/arja-koriseva-miettii-muuttoa-espanjan-aurinkorannikolle-jos-vain\/arja-koriseva-ja-minna-lintukangas\/\" data-orig-file=\"https:\/\/www.europesays.com\/fi\/wp-content\/uploads\/2026\/02\/Arja-Koriseva-ja-Minna-Lintukangas.jpg\" data-orig-size=\"768,1024\" data-comments-opened=\"1\" data-image-meta=\"{&quot;aperture&quot;:&quot;0&quot;,&quot;credit&quot;:&quot;&quot;,&quot;camera&quot;:&quot;&quot;,&quot;caption&quot;:&quot;&quot;,&quot;created_timestamp&quot;:&quot;0&quot;,&quot;copyright&quot;:&quot;&quot;,&quot;focal_length&quot;:&quot;0&quot;,&quot;iso&quot;:&quot;0&quot;,&quot;shutter_speed&quot;:&quot;0&quot;,&quot;title&quot;:&quot;&quot;,&quot;orientation&quot;:&quot;0&quot;}\" data-image-title=\"Arja Koriseva ja Minna Lintukangas\" data-image-description=\"\" data-image-caption=\"\" data-medium-file=\"https:\/\/www.tanssiin.fi\/wp-content\/uploads\/2026\/01\/Arja-Koriseva-ja-Minna-Lintukangas-225x300.jpg\" data-large-file=\"https:\/\/www.europesays.com\/fi\/wp-content\/uploads\/2026\/02\/Arja-Koriseva-ja-Minna-Lintukangas.jpg\"  src=\"https:\/\/www.europesays.com\/fi\/wp-content\/uploads\/2026\/02\/Arja-Koriseva-ja-Minna-Lintukangas.jpg\" alt=\"Arja koriseva miettii muuttoa espanjan aurinkorannikolle jos vain | tanssiin Fi\" class=\"wp-image-71959\" \/>Arja Koriseva ja s\u00e4est\u00e4j\u00e4 Minna Lintukangas konsertoivat Fuengirolassa, miss\u00e4 he aikovat my\u00f6s golfata yhdess\u00e4.<\/p>\n<p>Toki Arja on Espanjassa aiemmin matkustellut ja lomaillut esimerkiksi Barcelonassa.<\/p>\n<p>\u201dOn harmittanutkin, koska minua on kyll\u00e4 sinne Fuengirolaan aikaisemminkin kysytty, mutta aikataulut eiv\u00e4t osuneet\u201d, h\u00e4n kertoo.<\/p>\n<p>\u201dOlen ottanut v\u00e4h\u00e4n vapaata siihen ymp\u00e4rille. Kun kerran l\u00e4htee, t\u00e4ytyyh\u00e4n v\u00e4h\u00e4n tutustua paikkaan.\u201d<\/p>\n<p>Pianisti Minna on intohimoinen golfaaja, ja Koriseva itse suoritti green cardin viime kes\u00e4n\u00e4.<\/p>\n<p>\u201dLuulen, ett\u00e4 k\u00e4ymme my\u00f6s jossain viheri\u00f6ll\u00e4\u201d, tangokuningar suunnittelee.<\/p>\n<p>\u201dJos vain ihana paikka l\u00f6ytyy\u2026\u201d<\/p>\n<p>Eik\u00e4 Arja pist\u00e4isi pahaksi muuttoa pidemm\u00e4ksikin aikaa Aurinkorannikon l\u00e4mp\u00f6\u00f6n ja valoon. Ja kun perheen nuorimmainenkin on \u201clent\u00e4nyt pes\u00e4st\u00e4\u201d, el\u00e4m\u00e4\u00e4n on tullut uudenlaista omaa aikaa. Siihen voisi mahtua hyvin esimerkiksi muutaman  kuukauden talvehtimista Andalusian seudulla.<\/p>\n<p>\u201dJos vain ihana paikka l\u00f6ytyy, min\u00e4 otan sen korvan taakse\u201d, Arja innostuu muuttoideasta Fuengirola.fi:n haastattelussa.<\/p>\n<p>Arjalta ilmestyi tammikuussa uusi albumi\u00a0Tee se t\u00e4n\u00e4\u00e4n: <a href=\"https:\/\/www.tanssiin.fi\/rintasyopa-opetti-arja-koriseva-tarttuu-nyt-hetkeen-kuuntele-uutuus\/\" title=\"Rintasy\u00f6p\u00e4 opetti: Arja Koriseva tarttuu nyt hetkeen \u2013\u00a0kuuntele uutuus\" rel=\"nofollow noopener\" target=\"_blank\">Rintasy\u00f6p\u00e4 opetti: Arja Koriseva tarttuu nyt hetkeen \u2013\u00a0kuuntele uutuus<\/a><\/p>\n<p>\u201dT\u00e4ll\u00e4 levyll\u00e4 julkaistaan ensimm\u00e4ist\u00e4 kertaa lauluja, joissa olen itse ollut mukana sanoittajana. Se tekee siit\u00e4 minulle erityisen ja rakkaan.\u201d<\/p>\n<p>Kirjoittanut:<br \/>\n<img decoding=\"async\" class=\"aioseo-author-image\" src=\"https:\/\/www.europesays.com\/fi\/wp-content\/uploads\/2025\/10\/cropped-tanssiin-logo.jpg\" alt=\"author avatar\"\/><\/p>\n<p>Tanssiin.fi<\/p>\n<p>\nTanssi- ja iskelm\u00e4musiikin uutiset asiantuntevasti.<\/p>\n<p><img decoding=\"async\" class=\"aioseo-author-bio-compact-image\" src=\"https:\/\/www.europesays.com\/fi\/wp-content\/uploads\/2025\/10\/cropped-tanssiin-logo.jpg\" alt=\"author avatar\"\/><br \/>\nTanssi- ja iskelm\u00e4musiikin uutiset asiantuntevasti.<\/p>\n<p>80%<br \/>\nIhana<\/p>\n<p>20%<br \/>\nHauska<\/p>\n<p>0%<br \/>\nVau<\/p>\n<p>0%<br \/>\nSurullinen<\/p>\n<p>0%<br \/>\nVihainen\n<\/p>\n<p>Post navigation<\/p>\n","protected":false},"excerpt":{"rendered":"Arja Koriseva, 60, tekee historiaa helmikuussa 2026, kun tangokuningatar matkustaa ensimm\u00e4ist\u00e4 kertaa el\u00e4m\u00e4ss\u00e4\u00e4n Espanjan Aurinkorannikolle. Fuengirola on suomalaisille&hellip;\n","protected":false},"author":2,"featured_media":159863,"comment_status":"","ping_status":"","sticky":false,"template":"","format":"standard","meta":{"footnotes":"","_share_on_mastodon":"0"},"categories":[136],"tags":[10020,16029,407,137,1819,33,31,30,4676,26126,408,4810,1077,26614,3255,32,6188,4049,16,109],"class_list":["post-159862","post","type-post","status-publish","format-standard","has-post-thumbnail","category-julkkikset","tag-arja-koriseva","tag-aurinkorannikko","tag-celebrities","tag-entertainment","tag-espanja","tag-fi","tag-finland","tag-finnish","tag-fuengirola","tag-fuengirola-fi","tag-julkkikset","tag-keikka","tag-media","tag-minna-lintukangas","tag-muutto","tag-suomi","tag-tangokuningatar","tag-tanssitahdet","tag-uutiset","tag-viihde"],"share_on_mastodon":{"url":"https:\/\/pubeurope.com\/@fi\/116006525524346419","error":""},"_links":{"self":[{"href":"https:\/\/www.europesays.com\/fi\/wp-json\/wp\/v2\/posts\/159862","targetHints":{"allow":["GET"]}}],"collection":[{"href":"https:\/\/www.europesays.com\/fi\/wp-json\/wp\/v2\/posts"}],"about":[{"href":"https:\/\/www.europesays.com\/fi\/wp-json\/wp\/v2\/types\/post"}],"author":[{"embeddable":true,"href":"https:\/\/www.europesays.com\/fi\/wp-json\/wp\/v2\/users\/2"}],"replies":[{"embeddable":true,"href":"https:\/\/www.europesays.com\/fi\/wp-json\/wp\/v2\/comments?post=159862"}],"version-history":[{"count":0,"href":"https:\/\/www.europesays.com\/fi\/wp-json\/wp\/v2\/posts\/159862\/revisions"}],"wp:featuredmedia":[{"embeddable":true,"href":"https:\/\/www.europesays.com\/fi\/wp-json\/wp\/v2\/media\/159863"}],"wp:attachment":[{"href":"https:\/\/www.europesays.com\/fi\/wp-json\/wp\/v2\/media?parent=159862"}],"wp:term":[{"taxonomy":"category","embeddable":true,"href":"https:\/\/www.europesays.com\/fi\/wp-json\/wp\/v2\/categories?post=159862"},{"taxonomy":"post_tag","embeddable":true,"href":"https:\/\/www.europesays.com\/fi\/wp-json\/wp\/v2\/tags?post=159862"}],"curies":[{"name":"wp","href":"https:\/\/api.w.org\/{rel}","templated":true}]}}