{"id":15994,"date":"2025-08-25T16:01:07","date_gmt":"2025-08-25T16:01:07","guid":{"rendered":"https:\/\/www.europesays.com\/fi\/15994\/"},"modified":"2025-08-25T16:01:07","modified_gmt":"2025-08-25T16:01:07","slug":"joko-orpon-ja-purran-puntit-tutisevat-nain-arvioivat-asiantuntijat","status":"publish","type":"post","link":"https:\/\/www.europesays.com\/fi\/15994\/","title":{"rendered":"Joko Orpon ja Purran puntit tutisevat? N\u00e4in arvioivat asiantuntijat"},"content":{"rendered":"<p>Asiantuntijat sanovat, ett\u00e4 jos hallituksen tilanne voi k\u00e4yd\u00e4 tukalaksi, jos nykyinen kannatusalho jatkuu.<\/p>\n<p class=\"paragraph\">Asiantuntijat eiv\u00e4t usko, ett\u00e4 hallituksen puntti tutisee ainakaan viel\u00e4, vaikka uusimpien puoluekannatuskyselyjen piirt\u00e4m\u00e4 kuva on karu.<\/p>\n<p class=\"paragraph\">Reilusti alle puolet suomalaisista \u00e4\u00e4nest\u00e4isi nyt eduskuntavaaleissa hallituspuolueita. K\u00e4rjess\u00e4 oppositiopuolue SDP on repinyt p\u00e4\u00e4ministeripuolue kokoomukseen puolenkymmenen prosentin kaulan.<\/p>\n<p class=\"paragraph\">Eduskuntatutkimuksen johtaja, Turun yliopiston poliittisen historian professori <a href=\"https:\/\/www.iltalehti.fi\/henkilot\/Markku Jokisipil\u00e4\" class=\"article-link-person-page\" rel=\"nofollow noopener\" target=\"_blank\">Markku Jokisipil\u00e4<\/a> ja Helsingin yliopiston valtio-opin apulaisprofessori <a href=\"https:\/\/www.iltalehti.fi\/henkilot\/Emilia Palonen\" class=\"article-link-person-page\" rel=\"nofollow noopener\" target=\"_blank\">Emilia Palonen<\/a> muistuttavat, ett\u00e4 vaalikausi on vasta hieman yli puolessa v\u00e4liss\u00e4.<\/p>\n<p class=\"paragraph\">\u2013 Vaalikautta on j\u00e4ljell\u00e4 viel\u00e4 vajaat kaksi vuotta, ja se on poliittisesti pitk\u00e4 aika, Jokisipil\u00e4 sanoo.<\/p>\n<p class=\"paragraph\">Palonen toteaa, ett\u00e4 vaikka mielipidemittaukset osoittavat, ett\u00e4 \u00e4\u00e4nest\u00e4j\u00e4t eiv\u00e4t tue hallituksen politiikkaa, on hallituksella eduskunnan enemmist\u00f6n tuki. Kun vaaleihin on viel\u00e4 aikaa, paniikkiin ei ole viel\u00e4 syyt\u00e4.<\/p>\n<p class=\"paragraph\">\u2013 Hallitushan voi porskuttaa sill\u00e4 kannatuksella, joka sill\u00e4 on eduskunnassa, Palonen sanoo.<\/p>\n<p class=\"paragraph\">Jokisipil\u00e4 n\u00e4kee asian samoin \u2013 ainakin toistaiseksi.<\/p>\n<p class=\"paragraph\">\u2013 Jos menn\u00e4\u00e4n vuosi eteenp\u00e4in, ja tilanne on sama, vastaukseni alkaisi olla jo v\u00e4h\u00e4n toisenlainen.<\/p>\n<p class=\"paragraph\">Juttu jatkuu tietolaatikon alapuolella.<\/p>\n<p>T\u00e4m\u00e4 on tilanne<\/p>\n<ul>\n<li>Sek\u00e4 <a href=\"https:\/\/yle.fi\/a\/74-20176096\" rel=\"noopener nofollow\" target=\"_blank\">Ylen<\/a> ett\u00e4 <a href=\"https:\/\/www.hs.fi\/politiikka\/art-2000011435465.html\" rel=\"noopener nofollow\" target=\"_blank\">Helsingin Sanomien<\/a> viimeisimpien kyselyjen mukaan hallituspuolueiden yhteenlaskettu kannatus on vajonnut alle 40 prosenttiin. HS:n keskiviikkona julkaisemassa mielipidemittauksessa se oli vain 37 prosenttia.<\/li>\n<li>Samaan aikaan SDP on repinyt k\u00e4rjess\u00e4 niin suuren kaulan kokoomukseen, ett\u00e4 se ei en\u00e4\u00e4 selity virhemarginaaleilla. HS:n gallupissa SDP:n kannatus oli 25,2 prosenttia ja kokoomuksen en\u00e4\u00e4 18,8 prosenttia.<\/li>\n<li>Hallituksen kakkospuolue perussuomalaisten kannatus on roikkunut ajoittain vain t\u00e4p\u00e4r\u00e4sti reilussa kymmeness\u00e4 prosentissa kev\u00e4\u00e4st\u00e4 l\u00e4htien. Viimeisimm\u00e4ss\u00e4 Ylen mittauksessa PS:n kannatus oli 12,3 prosenttia, HS:n mittauksessa 11 prosenttia.<\/li>\n<li>Hallituspuolueiden yhteenlasketun kannatuksen jyrkk\u00e4 pudotus selittyy suurimmaksi osin perussuomalaisten kannatuksen sy\u00f6ksyll\u00e4.<\/li>\n<li>K\u00e4rkikaksikon takana oppositiopuolue keskusta on onnistunut petraamaan kannatustaan. HS:n gallupissa puolue sai 16,3 prosentin kannatuksen. <\/li>\n<\/ul>\n<p>Ei huolta<\/p>\n<p class=\"paragraph\">SDP:n kannatuskarkumatka vaikuttaa vakuuttavalta, mutta Jokisipil\u00e4n mukaan kokoomuksessa se tuskin viel\u00e4 suuremmin huolettaa. Kannatus on kuitenkin edelleen yli 18 prosentissa, ja aiemmat vaalikokemuksetkin rauhoittanevat.<\/p>\n<p class=\"paragraph\">\u2013 Kokoomuksessa luo tietynlaista rauhallisuutta se, ett\u00e4 puolue on taitava kampanjan loppukiriss\u00e4 ja mobilisoimaan oma kannattajakuntansa liikkeelle.<\/p>\n<p class=\"paragraph\">Jokisipil\u00e4 huomauttaa, ett\u00e4 gallupk\u00e4rjen kovat kannatuslukemat ovat ennenkin sulaneet. H\u00e4n nostaa esimerkiksi <a href=\"https:\/\/www.iltalehti.fi\/henkilot\/Juha Sipil\u00e4\" class=\"article-link-person-page\" rel=\"nofollow noopener\" target=\"_blank\">Juha Sipil\u00e4n<\/a> johtaman keskustan, jonka kannatus huiteli SDP:n nykyisi\u00e4 lukemia korkeammalla viel\u00e4 muutama kuukausi ennen vuoden 2025 eduskuntavaaleja.<\/p>\n<p class=\"paragraph\">\u2013 Siit\u00e4 tultiin aika voimakkaasti alas, ja vaalivoittohan ei mik\u00e4\u00e4n ihan hirve\u00e4n iso ollut.<\/p>\n<p>Emilia Palonen sanoo, ett\u00e4 vaalikauden edetess\u00e4 kohtiloppuaan hallituksen sis\u00e4ll\u00e4 voidaan n\u00e4hd\u00e4 viel\u00e4 monenlaisia peliliikkeit\u00e4. Tuomas Saari<\/p>\n<p>Vaalipuolue<\/p>\n<p class=\"paragraph\">Perussuomalaisten osalta tilanne n\u00e4ytt\u00e4\u00e4 lohduttomalta. Valtiovarainministeri <a href=\"https:\/\/www.iltalehti.fi\/henkilot\/Riikka Purra\" class=\"article-link-person-page\" rel=\"nofollow noopener\" target=\"_blank\">Riikka Purran<\/a> johtama puolue on saanut pahemman kerran selk\u00e4\u00e4n niin euro-, kunta- kuin aluevaaleissakin.<\/p>\n<p class=\"paragraph\">Kannatus on kaukana vuoden 2023 eduskuntavaalien ajoista.<\/p>\n<p class=\"paragraph\">Markku Jokisipil\u00e4 katsoo, ett\u00e4 perussuomalaisia ei ole silti syyt\u00e4 haudata ennenaikaisesti. Puolue on onnistunut ker\u00e4\u00e4m\u00e4\u00e4n kovan kannatuksen nimenomaan eduskuntavaaleissa jo nelj\u00e4 kertaa per\u00e4kk\u00e4in.<\/p>\n<p class=\"paragraph\">Emilia Palonen huomauttaa, ett\u00e4 nyt tilanne on erilainen. Jos hallitus pysyy kasassa, perussuomalaiset l\u00e4htee ensimm\u00e4ist\u00e4 kertaa eduskuntavaaleihin hallitusvallasta k\u00e4sin.<\/p>\n<p class=\"paragraph\">Puolue toki oli Sipil\u00e4n hallituksessa, mutta hajosi vuonna 2017 sill\u00e4 seurauksella, ett\u00e4 n\u00e4k\u00f6kulmasta riippuen se joko p\u00e4\u00e4si tai joutui oppositioon ja pystyi kirim\u00e4\u00e4n hallitusvastuussa romahtaneen kannatuksensa takaisin.<\/p>\n<p class=\"paragraph\">Emilia Palonen arvioi, ett\u00e4 jos kannatus ei kohene, perussuomalaiset joutuu pohtimaan keinoja irtisanoutua <a href=\"https:\/\/www.iltalehti.fi\/henkilot\/Petteri Orpo\" class=\"article-link-person-page\" rel=\"nofollow noopener\" target=\"_blank\">Petteri Orpon<\/a> (kok) hallituksen ep\u00e4suosituista p\u00e4\u00e4t\u00f6ksist\u00e4.<\/p>\n<p class=\"paragraph\">\u2013 Veikkaan, ett\u00e4 sit\u00e4 korttia viel\u00e4 pohditaan perussuomalaisista ennen seuraavia eduskuntavaaleja, ett\u00e4 voidaanko mill\u00e4 perusteilla hyp\u00e4t\u00e4 ulos t\u00e4st\u00e4 Orpon laivasta, joka selv\u00e4sti on v\u00e4h\u00e4n matalissa vesiss\u00e4.<\/p>\n<p class=\"paragraph\">Palonen sanoo, ett\u00e4 pitk\u00e4aikainen ep\u00e4suosio gallupeissa voi alkaa vaikuttaa pitk\u00e4j\u00e4nteisestikin puolueiden kannatukseen.<\/p>\n<p class=\"paragraph\">\u2013 Silloin ei v\u00e4ltt\u00e4m\u00e4tt\u00e4 en\u00e4\u00e4 mit\u00e4\u00e4n pelastusta voi tehd\u00e4 loppumetreill\u00e4 irtisanoutumalla siit\u00e4 politiikasta, mit\u00e4 kolme vuotta on tehty.<\/p>\n<p>Kuinka alas?<\/p>\n<p class=\"paragraph\">P\u00e4\u00e4oppositiopuolue SDP:n kansanedustaja <a href=\"https:\/\/www.iltalehti.fi\/henkilot\/Aki Lind\u00e9n\" class=\"article-link-person-page\" rel=\"nofollow noopener\" target=\"_blank\">Aki Lind\u00e9n<\/a> esitti HS:n gallupin j\u00e4lkeen ongelmalliseksi, ett\u00e4 hallituspuolueiden yhteenlaskettu kannatus on matala.<\/p>\n<p class=\"paragraph\">\u2013 Suomea hallitaan 37 prosentin kannatuksella. T\u00e4m\u00e4 on vakava asia uskottavuuden kannalta, h\u00e4n kirjoitti viestipalvelu X:ss\u00e4.<\/p>\n<p class=\"paragraph\">Markku Jokisipil\u00e4 n\u00e4kee Lind\u00e9nin tokaisun tyypillisen\u00e4 poliittisena puheena.<\/p>\n<p class=\"paragraph\">\u2013 Jos kokoomus olisi p\u00e4\u00e4oppositiopuolue ja demarit p\u00e4\u00e4ministeripuolue, k\u00e4yt\u00e4isiin varmasti samanlaista keskustelua. On mukava pist\u00e4\u00e4 v\u00e4h\u00e4n vauhtia lis\u00e4\u00e4, kun kaveri on alam\u00e4ess\u00e4.<\/p>\n<p class=\"paragraph\">Voisiko sitten hallituksen kannatus vajota niin alas, ett\u00e4 se ei en\u00e4\u00e4 pystyisi jatkamaan? Mik\u00e4 olisi sellainen kriittinen lukema?<\/p>\n<p class=\"paragraph\">Emilia Palonen sanoo, ett\u00e4 tarkkoja lukemia on mahdoton osoittaa. H\u00e4n arvioi, ett\u00e4 vuoden 2027 eduskuntavaalien l\u00e4hestyess\u00e4 hallituksessa voidaan kuitenkin n\u00e4hd\u00e4 monenlaisia peliliikkeit\u00e4, vaikka se ei konkreettisesti kaatuisikaan.<\/p>\n<p class=\"paragraph\">Mahdollisuuksia on monia.<\/p>\n<p class=\"paragraph\">Ennen vuoden 2019 vaaleja keskusta n\u00e4enn\u00e4isesti hajotti johtamansa hallituksen, vaikka se jatkoikin toimitusministerist\u00f6n\u00e4 loppuun saakka.<\/p>\n<p class=\"paragraph\">\u2013 Ennen edellisi\u00e4 vaaleja keskusta alkoi vet\u00e4\u00e4 hallituksen sis\u00e4ll\u00e4 ik\u00e4\u00e4n kuin oppositiopoliittista linjaa, Palonen sanoo.<\/p>\n<p class=\"paragraph\">Jokisipil\u00e4 ja Palonen toteavat, ett\u00e4 kannatusalhossa ennen vaaleja painetta alkaa kerty\u00e4 puolueiden sis\u00e4lt\u00e4 jo ihan siit\u00e4kin syyst\u00e4, ett\u00e4 vaalitappio voi monelle poliitikolle merkit\u00e4 putoamista eduskunnasta.<\/p>\n<p class=\"paragraph\">Palonen huomauttaa, ett\u00e4 kansanedustajien lis\u00e4ksi ty\u00f6paikat voivat olla vaakalaudalla muillakin, jos vaalimenestykseen sidottu puoluetuki putoaa.<\/p>\n<p class=\"paragraph\">\u2013 Paine voi tulla paitsi eduskuntaryhm\u00e4n laitamilta my\u00f6s puolueen hallinnosta, h\u00e4n sanoo.<\/p>\n<p class=\"paragraph\">Viel\u00e4 ei ole kuitenkaan palava kiire.<\/p>\n<p class=\"paragraph\">\u2013 Vaalikaudet on mitoitettu nelj\u00e4\u00e4n vuoteen, jotta on aikaa tehd\u00e4 n\u00e4it\u00e4 poliittisia ratkaisuja ja olla tarvittavan rohkeitta ja ettei tarvitse olla jatkuvasti vaalimoodissa, Markku Jokisipil\u00e4 sanoo.<\/p>\n","protected":false},"excerpt":{"rendered":"Asiantuntijat sanovat, ett\u00e4 jos hallituksen tilanne voi k\u00e4yd\u00e4 tukalaksi, jos nykyinen kannatusalho jatkuu. Asiantuntijat eiv\u00e4t usko, ett\u00e4 hallituksen&hellip;\n","protected":false},"author":2,"featured_media":15995,"comment_status":"","ping_status":"","sticky":false,"template":"","format":"standard","meta":{"footnotes":""},"categories":[14],"tags":[35,22,23,26,27,33,31,30,17,24,25,28,29,15,18,21,142,637,886,885,887,32,19,20,56,16,59,60,61],"class_list":{"0":"post-15994","1":"post","2":"type-post","3":"status-publish","4":"format-standard","5":"has-post-thumbnail","7":"category-ulkomaat","8":"tag-24h","9":"tag-breaking-news","10":"tag-breakingnews","11":"tag-featured-news","12":"tag-featurednews","13":"tag-fi","14":"tag-finland","15":"tag-finnish","16":"tag-headlines","17":"tag-latest-news","18":"tag-latestnews","19":"tag-main-news","20":"tag-mainnews","21":"tag-news","22":"tag-otsikot","23":"tag-paauutiset","24":"tag-poliitikot","25":"tag-politiikka","26":"tag-puolueet","27":"tag-suomen-poliittiset-puolueet","28":"tag-suomen-politiikka","29":"tag-suomi","30":"tag-top-stories","31":"tag-topstories","32":"tag-ulkomaat","33":"tag-uutiset","34":"tag-world","35":"tag-world-news","36":"tag-worldnews"},"share_on_mastodon":{"url":"","error":""},"_links":{"self":[{"href":"https:\/\/www.europesays.com\/fi\/wp-json\/wp\/v2\/posts\/15994","targetHints":{"allow":["GET"]}}],"collection":[{"href":"https:\/\/www.europesays.com\/fi\/wp-json\/wp\/v2\/posts"}],"about":[{"href":"https:\/\/www.europesays.com\/fi\/wp-json\/wp\/v2\/types\/post"}],"author":[{"embeddable":true,"href":"https:\/\/www.europesays.com\/fi\/wp-json\/wp\/v2\/users\/2"}],"replies":[{"embeddable":true,"href":"https:\/\/www.europesays.com\/fi\/wp-json\/wp\/v2\/comments?post=15994"}],"version-history":[{"count":0,"href":"https:\/\/www.europesays.com\/fi\/wp-json\/wp\/v2\/posts\/15994\/revisions"}],"wp:featuredmedia":[{"embeddable":true,"href":"https:\/\/www.europesays.com\/fi\/wp-json\/wp\/v2\/media\/15995"}],"wp:attachment":[{"href":"https:\/\/www.europesays.com\/fi\/wp-json\/wp\/v2\/media?parent=15994"}],"wp:term":[{"taxonomy":"category","embeddable":true,"href":"https:\/\/www.europesays.com\/fi\/wp-json\/wp\/v2\/categories?post=15994"},{"taxonomy":"post_tag","embeddable":true,"href":"https:\/\/www.europesays.com\/fi\/wp-json\/wp\/v2\/tags?post=15994"}],"curies":[{"name":"wp","href":"https:\/\/api.w.org\/{rel}","templated":true}]}}