{"id":15996,"date":"2025-08-25T16:02:08","date_gmt":"2025-08-25T16:02:08","guid":{"rendered":"https:\/\/www.europesays.com\/fi\/15996\/"},"modified":"2025-08-25T16:02:08","modified_gmt":"2025-08-25T16:02:08","slug":"presidentti-stubb-kommentoi-keskustelua-poikansa-oliver-stubbin-harjoittelupaikasta-uutisia-lyhyesti","status":"publish","type":"post","link":"https:\/\/www.europesays.com\/fi\/15996\/","title":{"rendered":"Presidentti Stubb kommentoi keskustelua poikansa Oliver Stubbin harjoittelupaikasta | Uutisia lyhyesti"},"content":{"rendered":"<p class=\"sc-jYczwO sc-dNFkOE bUKqJd eiHPxO yle__article__paragraph\">Stubb kommentoi poikansa harjoittelupaikan synnytt\u00e4m\u00e4\u00e4 keskustelua Maarianhaminan-vierailun yhteydess\u00e4 j\u00e4rjestetyss\u00e4 tiedotustilaisuudessa.<\/p>\n<p><img decoding=\"async\" alt=\"Alexander, Oliver ja Emilie Stubb.\" src=\"https:\/\/www.europesays.com\/fi\/wp-content\/uploads\/2025\/08\/39-124349365cb404e1efca.jpeg\" class=\"sc-dntSTA iywpZY\"\/><\/p>\n<p>Avaa kuvien katselu<\/p>\n<p>Oliver Stubb is\u00e4ns\u00e4 Alexander Stubbin vaalivalvojaisissa helmikuussa 2024. Kuva: Silja Viitala \/ Yle<\/p>\n<p class=\"sc-jYczwO sc-ciCoXh bUKqJd cIOueB yle__article__paragraph\">Presidentti <strong class=\"sc-eEHciv gtNhAX yle__article__strong\">Alexander Stubb<\/strong> kommentoi t\u00e4n\u00e4\u00e4n maanantaina poikansa <strong class=\"sc-eEHciv gtNhAX yle__article__strong\">Oliver Stubbin<\/strong> saamaa harjoittelupaikkaa Ulkopoliittisessa instituutissa (UPI).<\/p>\n<p class=\"sc-jYczwO sc-ciCoXh bUKqJd cIOueB yle__article__paragraph\">Tapaus sai paljon julkisuutta kes\u00e4ll\u00e4. <a class=\"sc-jDJeIs gotUgl yle__article__link\" href=\"https:\/\/yle.fi\/a\/74-20168559\" role=\"link\" rel=\"nofollow noopener\" target=\"_blank\">Valinnan yhteydess\u00e4 on pohdittu<\/a>, noudattiko UPI hyv\u00e4\u00e4 hallintotapaa valitessaan teht\u00e4v\u00e4\u00e4n ensimm\u00e4isen vuoden opiskelijan liki 60 muun paikkaa hakeneen joukosta.<\/p>\n<p class=\"sc-jYczwO sc-ciCoXh bUKqJd cIOueB yle__article__paragraph\">\u2013 Presidentti kunnioittaa median vapautta. Olemme aina pit\u00e4neet lapsemme pois julkisuudesta ja toivomme my\u00f6s, ett\u00e4 lastemme yksityisyytt\u00e4 ainakin tulevaisuudessa kunnioitetaan, Alexander Stubb muotoili vastauksena maanantaina Maarianhaminan-vierailun tiedotustilaisuudessaan.<\/p>\n<p class=\"sc-jYczwO sc-ciCoXh bUKqJd cIOueB yle__article__paragraph\">Oliver stubb ty\u00f6skentelee<a class=\"sc-jDJeIs gotUgl yle__article__link\" href=\"https:\/\/yle.fi\/a\/74-20166232\" role=\"link\" rel=\"nofollow noopener\" target=\"_blank\"> tutkimusavustajana tutkimusohjelmassa<\/a>, jonka aiheena ovat Suomen ulkopolitiikka, Pohjois-Euroopan turvallisuus ja Nato. Kyseess\u00e4 on kolmen kuukauden mittainen korkeakouluharjoittelu.<\/p>\n<p class=\"sc-jYczwO sc-ciCoXh bUKqJd cIOueB yle__article__paragraph\">My\u00f6hemmin k\u00e4vi ilmi, ett\u00e4 Stubbille ja toiselle hakijalle annettiin eri ohjeistus harjoitteluhakuun. Lis\u00e4ksi kaikki harjoittelijoiksi valitut ovat olleet opinnoissaan pidemm\u00e4ll\u00e4 kuin Stubb ja heill\u00e4 on ollut my\u00f6s ty\u00f6kokemusta.<\/p>\n<p class=\"sc-jYczwO sc-ciCoXh bUKqJd cIOueB yle__article__paragraph\">21-vuotias Stubb oli kirjannut ansioikseen varusmiespalveluksen ja vapaaehtoisty\u00f6n opiskelijaj\u00e4rjest\u00f6ss\u00e4. Stubb on valmistunut ylioppilaaksi kansainv\u00e4lisest\u00e4 IB-lukiosta. H\u00e4n opiskelee Exeterin yliopistossa Britanniassa.<\/p>\n<p>UPI:n johtajan mukaan valinnassa ei tapahtunut virhett\u00e4<\/p>\n<p class=\"sc-jYczwO sc-ciCoXh bUKqJd cIOueB yle__article__paragraph\">Ulkopoliittisen instituutin johtajan <strong class=\"sc-eEHciv gtNhAX yle__article__strong\">Hiski Haukkalan<\/strong> mukaan Stubbin valinnassa ei tapahtunut virhett\u00e4.<\/p>\n<p class=\"sc-jYczwO sc-ciCoXh bUKqJd cIOueB yle__article__paragraph\">\u2013 Oliver Stubb on saanut korkeakouluharjoittelupaikkansa omilla ansioillaan vahvaa motivaatiota ja asioihin perehtyneisyytt\u00e4 osoittamalla, Haukkala sanoi Ylelle kes\u00e4kuussa.<\/p>\n<p class=\"sc-jYczwO sc-ciCoXh bUKqJd cIOueB yle__article__paragraph\">Ohjelmajohtaja <strong class=\"sc-eEHciv gtNhAX yle__article__strong\">Harri Mikkola<\/strong> perusteli Oliver Stubbin valintaa kes\u00e4kuussa <a class=\"sc-jDJeIs gotUgl yle__article__link\" href=\"https:\/\/yle.fi\/a\/74-20166232\" role=\"link\" rel=\"nofollow noopener\" target=\"_blank\">Ylelle <\/a>muun muassa opintomenestyksell\u00e4, korkealla motivaatiolla sek\u00e4 asiaosaamisella.<\/p>\n<p class=\"sc-jYczwO sc-ciCoXh bUKqJd cIOueB yle__article__paragraph\">Ty\u00f6oikeuden emeritusprofessori <strong class=\"sc-eEHciv gtNhAX yle__article__strong\">Seppo Koskisen<\/strong> mukaan on kuitenkin syyt\u00e4 ep\u00e4ill\u00e4, ett\u00e4 <a class=\"sc-jDJeIs gotUgl yle__article__link\" href=\"https:\/\/yle.fi\/a\/74-20168559\" role=\"link\" rel=\"nofollow noopener\" target=\"_blank\">UPI:ssa ei ole noudatettu samoja valintaperiaatteita<\/a> kaikkien ehdokkaiden kohdalla.<\/p>\n<p class=\"sc-jYczwO sc-ciCoXh bUKqJd cIOueB yle__article__paragraph\">Oliver Stubbin valinnasta on kirjattu 15 kantelua, kertoi eduskunnan oikeusasiamiehen kanslia Uutissuomalaiselle aiemmin elokuussa.<\/p>\n","protected":false},"excerpt":{"rendered":"Stubb kommentoi poikansa harjoittelupaikan synnytt\u00e4m\u00e4\u00e4 keskustelua Maarianhaminan-vierailun yhteydess\u00e4 j\u00e4rjestetyss\u00e4 tiedotustilaisuudessa. Avaa kuvien katselu Oliver Stubb is\u00e4ns\u00e4 Alexander Stubbin&hellip;\n","protected":false},"author":2,"featured_media":15997,"comment_status":"","ping_status":"","sticky":false,"template":"","format":"standard","meta":{"footnotes":""},"categories":[12],"tags":[3406,22,23,26,27,33,31,30,17,71,24,25,28,29,15,18,21,637,32,19,20,5244,16],"class_list":{"0":"post-15996","1":"post","2":"type-post","3":"status-publish","4":"format-standard","5":"has-post-thumbnail","7":"category-suomi","8":"tag-alexander-stubb","9":"tag-breaking-news","10":"tag-breakingnews","11":"tag-featured-news","12":"tag-featurednews","13":"tag-fi","14":"tag-finland","15":"tag-finnish","16":"tag-headlines","17":"tag-kotimaa","18":"tag-latest-news","19":"tag-latestnews","20":"tag-main-news","21":"tag-mainnews","22":"tag-news","23":"tag-otsikot","24":"tag-paauutiset","25":"tag-politiikka","26":"tag-suomi","27":"tag-top-stories","28":"tag-topstories","29":"tag-ulkopoliittinen-instituutti","30":"tag-uutiset"},"share_on_mastodon":{"url":"","error":""},"_links":{"self":[{"href":"https:\/\/www.europesays.com\/fi\/wp-json\/wp\/v2\/posts\/15996","targetHints":{"allow":["GET"]}}],"collection":[{"href":"https:\/\/www.europesays.com\/fi\/wp-json\/wp\/v2\/posts"}],"about":[{"href":"https:\/\/www.europesays.com\/fi\/wp-json\/wp\/v2\/types\/post"}],"author":[{"embeddable":true,"href":"https:\/\/www.europesays.com\/fi\/wp-json\/wp\/v2\/users\/2"}],"replies":[{"embeddable":true,"href":"https:\/\/www.europesays.com\/fi\/wp-json\/wp\/v2\/comments?post=15996"}],"version-history":[{"count":0,"href":"https:\/\/www.europesays.com\/fi\/wp-json\/wp\/v2\/posts\/15996\/revisions"}],"wp:featuredmedia":[{"embeddable":true,"href":"https:\/\/www.europesays.com\/fi\/wp-json\/wp\/v2\/media\/15997"}],"wp:attachment":[{"href":"https:\/\/www.europesays.com\/fi\/wp-json\/wp\/v2\/media?parent=15996"}],"wp:term":[{"taxonomy":"category","embeddable":true,"href":"https:\/\/www.europesays.com\/fi\/wp-json\/wp\/v2\/categories?post=15996"},{"taxonomy":"post_tag","embeddable":true,"href":"https:\/\/www.europesays.com\/fi\/wp-json\/wp\/v2\/tags?post=15996"}],"curies":[{"name":"wp","href":"https:\/\/api.w.org\/{rel}","templated":true}]}}