{"id":15998,"date":"2025-08-25T16:03:09","date_gmt":"2025-08-25T16:03:09","guid":{"rendered":"https:\/\/www.europesays.com\/fi\/15998\/"},"modified":"2025-08-25T16:03:09","modified_gmt":"2025-08-25T16:03:09","slug":"yle-kajaanissa-tapahtui-raaka-murha","status":"publish","type":"post","link":"https:\/\/www.europesays.com\/fi\/15998\/","title":{"rendered":"Yle: Kajaanissa tapahtui raaka murha"},"content":{"rendered":"<p>Poliisi ep\u00e4ilee, ett\u00e4 Kajaanissa paljastunut henkirikos oli erityisen raaka ja julma, kertoo Yle.<\/p>\n<p><img decoding=\"async\" class=\"image image-show image-preview\" src=\"https:\/\/www.europesays.com\/fi\/wp-content\/uploads\/2025\/08\/0f2d8952faff844eff95ce58584ae1c890c9085931c95fccc035acbb63544c01.jpg\" alt=\"\"\/><img decoding=\"async\" class=\"image image-show\" src=\"https:\/\/www.europesays.com\/fi\/wp-content\/uploads\/2025\/08\/1755619571_741_0f2d8952faff844eff95ce58584ae1c890c9085931c95fccc035acbb63544c01.jpg\" alt=\"\"\/><\/p>\n<p>Nimike koventui erityisen raa&#8217;an ja julman tekotavan vuoksi. PASI LIESIMAA<\/p>\n<p class=\"paragraph\">Poliisi ep\u00e4ilee, ett\u00e4 viime viikolla <a href=\"https:\/\/www.iltalehti.fi\/kotimaa\/f4ccb3c6-4a46-4313-a144-21ce79ff6427\" rel=\"nofollow noopener\" target=\"_blank\">Kajaanissa paljastunut henkirikos<\/a> oli murha. Asiasta kertoo <a href=\"https:\/\/yle.fi\/a\/74-20179233\" rel=\"noopener nofollow\" target=\"_blank\">Yle<\/a>.<\/p>\n<p class=\"paragraph\">Aikaisemmin tekoa tutkittiin tappona.<\/p>\n<p class=\"paragraph\">\u2013 Nimike koventui erityisen raa&#8217;an ja julman tekotavan vuoksi, tapauksen tutkinnanjohtaja, rikoskomisario <strong>Marko K\u00e4hk\u00f6nen<\/strong> kertoo Ylen haastattelussa.<\/p>\n<p class=\"paragraph\">Ylen mukaan uhri oli ennen kuolemaansa uhri kohdannut v\u00e4kivaltaa.<\/p>\n<p>Vaitonaisia<\/p>\n<p class=\"paragraph\">Kainuun <a href=\"https:\/\/www.iltalehti.fi\/kotimaa\/7648acdb-a2a9-4588-a125-49d827d31245\" rel=\"nofollow noopener\" target=\"_blank\">k\u00e4r\u00e4j\u00e4oikeus vangitsi viime viikolla kolme miest\u00e4<\/a>, joita ep\u00e4ill\u00e4\u00e4n teosta. K\u00e4hk\u00f6nen kertoo Ylelle, ett\u00e4 miehet ovat olleet kuulusteluissa vaitonaisia. Teon motiivista ei ole tietoa.<\/p>\n<p class=\"paragraph\">Ep\u00e4illyn henkirikoksen uhri l\u00f6ytyi kuolleena Kajaanin Huuhkajavaarassa sijaitsevasta asunnostaan viime tiistaina.<\/p>\n<p class=\"paragraph\">Poliisi ep\u00e4ilee, ett\u00e4 henkirikos on tapahtunut edelt\u00e4v\u00e4n\u00e4 viikonloppuna.<\/p>\n<p class=\"paragraph\">31-vuotiaana kuolleen miehen l\u00f6ysi omainen, joka oli mennyt tarkastamaan h\u00e4nen vointiaan. Omaisen menness\u00e4 paikalle asunnon edusta ja ulko-ovi olivat olleet kauttaaltaan veress\u00e4.<\/p>\n<p class=\"paragraph\">Ep\u00e4illyt ovat syntyneet vuosina 1988, 2000 ja 2001. Heill\u00e4 kaikilla on Iltalehden tietojen mukaan rikostaustaa, p\u00e4\u00e4osin omaisuusrikoksista.<\/p>\n","protected":false},"excerpt":{"rendered":"Poliisi ep\u00e4ilee, ett\u00e4 Kajaanissa paljastunut henkirikos oli erityisen raaka ja julma, kertoo Yle. Nimike koventui erityisen raa&#8217;an ja&hellip;\n","protected":false},"author":2,"featured_media":15999,"comment_status":"","ping_status":"","sticky":false,"template":"","format":"standard","meta":{"footnotes":""},"categories":[5],"tags":[35,36,22,23,26,27,33,31,30,17,53,24,25,28,29,15,18,21,54,52,32,19,20,16,37],"class_list":{"0":"post-15998","1":"post","2":"type-post","3":"status-publish","4":"format-standard","5":"has-post-thumbnail","7":"category-otsikot","8":"tag-24h","9":"tag-asuintalot-ja-asunnot","10":"tag-breaking-news","11":"tag-breakingnews","12":"tag-featured-news","13":"tag-featurednews","14":"tag-fi","15":"tag-finland","16":"tag-finnish","17":"tag-headlines","18":"tag-laki-oikeus-ja-rikos","19":"tag-latest-news","20":"tag-latestnews","21":"tag-main-news","22":"tag-mainnews","23":"tag-news","24":"tag-otsikot","25":"tag-paauutiset","26":"tag-pelastuspalvelut","27":"tag-poliisi","28":"tag-suomi","29":"tag-top-stories","30":"tag-topstories","31":"tag-uutiset","32":"tag-vakivaltarikokset"},"share_on_mastodon":{"url":"","error":""},"_links":{"self":[{"href":"https:\/\/www.europesays.com\/fi\/wp-json\/wp\/v2\/posts\/15998","targetHints":{"allow":["GET"]}}],"collection":[{"href":"https:\/\/www.europesays.com\/fi\/wp-json\/wp\/v2\/posts"}],"about":[{"href":"https:\/\/www.europesays.com\/fi\/wp-json\/wp\/v2\/types\/post"}],"author":[{"embeddable":true,"href":"https:\/\/www.europesays.com\/fi\/wp-json\/wp\/v2\/users\/2"}],"replies":[{"embeddable":true,"href":"https:\/\/www.europesays.com\/fi\/wp-json\/wp\/v2\/comments?post=15998"}],"version-history":[{"count":0,"href":"https:\/\/www.europesays.com\/fi\/wp-json\/wp\/v2\/posts\/15998\/revisions"}],"wp:featuredmedia":[{"embeddable":true,"href":"https:\/\/www.europesays.com\/fi\/wp-json\/wp\/v2\/media\/15999"}],"wp:attachment":[{"href":"https:\/\/www.europesays.com\/fi\/wp-json\/wp\/v2\/media?parent=15998"}],"wp:term":[{"taxonomy":"category","embeddable":true,"href":"https:\/\/www.europesays.com\/fi\/wp-json\/wp\/v2\/categories?post=15998"},{"taxonomy":"post_tag","embeddable":true,"href":"https:\/\/www.europesays.com\/fi\/wp-json\/wp\/v2\/tags?post=15998"}],"curies":[{"name":"wp","href":"https:\/\/api.w.org\/{rel}","templated":true}]}}