{"id":160054,"date":"2026-02-03T16:14:09","date_gmt":"2026-02-03T16:14:09","guid":{"rendered":"https:\/\/www.europesays.com\/fi\/160054\/"},"modified":"2026-02-03T16:14:09","modified_gmt":"2026-02-03T16:14:09","slug":"tuulivoimalat-hairitsevat-matkapuhelinverkon-toimintaa-ja-ongelma-pahenee-tuotannon-lisaantyessa-arvioi-vtt-keski-pohjanmaa","status":"publish","type":"post","link":"https:\/\/www.europesays.com\/fi\/160054\/","title":{"rendered":"Tuulivoimalat h\u00e4iritsev\u00e4t matkapuhelin\u00adverkon toimintaa, ja ongelma pahenee tuotannon lis\u00e4\u00e4ntyess\u00e4, arvioi VTT | Keski-Pohjanmaa"},"content":{"rendered":"<p class=\"aw-1gybjub aw-5vja16 kEtdKx kmuxyA yle__article__paragraph\">H\u00e4iri\u00f6iden syyn\u00e4 on voimaloiden valtava koko ja py\u00f6riv\u00e4t lavat, jotka aiheuttavat heijastuksia ja est\u00e4v\u00e4t radiosignaalien etenemist\u00e4.<\/p>\n<p><img decoding=\"async\" alt=\"Tuulimyllyj\u00e4 lumisessa maisemassa.\" src=\"https:\/\/www.europesays.com\/fi\/wp-content\/uploads\/2026\/01\/39-1588715697b4d304fc70.jpeg\" class=\"aw-1l9m598 hKVVvP\"\/><\/p>\n<p>Avaa kuvien katselu<\/p>\n<p>Ilmajoen Santavuorella Etel\u00e4-Pohjanmaalla tuulimyllyj\u00e4 on vieri vieress\u00e4. Kuva: Pasi Takkunen \/ Yle<\/p>\n<ul class=\"aw-1jjocuh iJTSwP yle__article__list yle__article__list--ul\">\n<li class=\"aw-1j7gwms gNYKfi\">Tuulivoimaloiden aiheuttamat h\u00e4iri\u00f6t puhelin- ja nettiyhteyksiin lis\u00e4\u00e4ntyv\u00e4t tuotannon kasvaessa, arvioi Teknologian tutkimuskeskus VTT.<\/li>\n<li class=\"aw-1j7gwms gNYKfi\">Voimaloiden lavat ja tornit ovat esteit\u00e4 radiosignaaleille.<\/li>\n<li class=\"aw-1j7gwms gNYKfi\">H\u00e4iri\u00f6t ovat pahimpia tuulipuistojen l\u00e4hell\u00e4 ja valmiiksi huonon verkon alueilla.<\/li>\n<li class=\"aw-1j7gwms gNYKfi\">Pahimmillaan on riski, etteiv\u00e4t edes h\u00e4t\u00e4puhelut toimi heikon verkon alueella.<\/li>\n<\/ul>\n<p class=\"aw-1gybjub aw-1p7kakr kEtdKx cEmitX yle__article__paragraph\">Tuulivoimaloiden aiheuttamat h\u00e4iri\u00f6t nettiyhteyksiin ja puheluihin saattavat tuotannon kasvaessa lis\u00e4\u00e4nty\u00e4, arvioi Teknologian tutkimuskeskus VTT.<\/p>\n<p class=\"aw-1gybjub aw-1p7kakr kEtdKx cEmitX yle__article__paragraph\">Tuulipuistojen l\u00e4heisyydess\u00e4 on VTT:n mukaan mitattu ja havaittu puheluiden ja datayhteyksien p\u00e4tkimist\u00e4 tai katkeamista. H\u00e4iri\u00f6t ovat voimakkaimpia tuulipuiston sis\u00e4ll\u00e4 tai niiden v\u00e4litt\u00f6m\u00e4ss\u00e4 l\u00e4heisyydess\u00e4.<\/p>\n<p class=\"aw-1gybjub aw-1p7kakr kEtdKx cEmitX yle__article__paragraph\"><a class=\"aw-iao6s4 iHOxEa yle__article__link\" href=\"https:\/\/yle.fi\/a\/74-20203074\" role=\"link\" rel=\"nofollow noopener\" target=\"_blank\">Valtaosa Suomen tuulivoimasta<\/a> tuotetaan nelj\u00e4ss\u00e4 pohjalaismaakunnassa. Alueille suunnitellaan my\u00f6s runsaasti lis\u00e4\u00e4 hankkeita.<\/p>\n<p class=\"aw-1gybjub aw-1p7kakr kEtdKx cEmitX yle__article__paragraph\">Maaseudulla operaattorien katvealueet voivat pahentaa tilannetta entisest\u00e4\u00e4n.<\/p>\n<p class=\"aw-1gybjub aw-1p7kakr kEtdKx cEmitX yle__article__paragraph\">Vaikka mobiiliverkkojen kuuluvuus ja suorituskyky ovat viime vuosina parantuneet, moni tuulivoimala sijaitsee haja-asutusalueilla, joilla on operaattorien katveita.<\/p>\n<p class=\"aw-1gybjub aw-1p7kakr kEtdKx cEmitX yle__article__paragraph\">\u2013 Voimalat voivat alueellisesti voimistaa katvealueiden h\u00e4iri\u00f6it\u00e4, sanoo VTT:n johtava tutkija <strong class=\"aw-ak79eh KyCXm yle__article__strong\">Jyrki Huusko<\/strong>.<\/p>\n<p><img decoding=\"async\" alt=\"Nainen seisoo lumisen pellon laidalla puhelin korvallaan. Taustalla on rakennuksia.\" src=\"https:\/\/www.europesays.com\/fi\/wp-content\/uploads\/2026\/02\/1770135248_561_39-15848396970bb6434d05.jpeg\" class=\"aw-1l9m598 hKVVvP\"\/><\/p>\n<p class=\"aw-1gybjub aw-1p7kakr kEtdKx cEmitX yle__article__paragraph\">Liikenne- ja viestint\u00e4virasto Traficom ei ole saanut ilmoituksia tuulivoimaloiden aiheuttamista kuuluvuus- tai verkkoyhteysongelmista, mutta virasto on ongelmasta tietoinen.<\/p>\n<p class=\"aw-1gybjub aw-1p7kakr kEtdKx cEmitX yle__article__paragraph\">Tuulivoimaloiden ja -puistojen vaikutusta radio- ja tutkasignaaleihin <a class=\"aw-iao6s4 iHOxEa yle__article__link\" href=\"https:\/\/cris.vtt.fi\/en\/publications\/tuulivoimaloiden-vaikutus-matkaviestin-ja-tv-verkkoihin-loppurapo\/\" role=\"link\" rel=\"nofollow noopener\" target=\"_blank\">on tutkittu ja mitattu VTT:ss\u00e4 2010-luvulta l\u00e4htien<\/a>, ja tulokset ovat selkeit\u00e4. Tietoliikenneverkkojen mittauksia puistojen l\u00e4heisyydess\u00e4 ei ole tehty vuoden 2015 j\u00e4lkeen.<\/p>\n<p class=\"aw-1gybjub aw-1p7kakr kEtdKx cEmitX yle__article__paragraph\">Vaikutuksista on julkaistu my\u00f6s kansainv\u00e4lisi\u00e4 tutkimuksia ja vertaisarvioituja tuloksia. Ongelma on siis maailmanlaajuinen.<\/p>\n<p class=\"aw-1gybjub aw-1p7kakr kEtdKx cEmitX yle__article__paragraph\">Tuulivoimalat aiheuttavat h\u00e4iri\u00f6it\u00e4 my\u00f6s s\u00e4\u00e4tutkille ja TV-l\u00e4hetyksille.<\/p>\n<p>Matkapuhelinoperaattori Elisa ei tunnista merkitt\u00e4vi\u00e4 haittavaikutuksia. Mobiiliverkkotoiminnasta vastaava Tiina H\u00f6ckert kuitenkin my\u00f6nt\u00e4\u00e4, ett\u00e4 k\u00e4ytt\u00e4j\u00e4n ja tukiaseman sijainnilla on merkityst\u00e4. Editointi: Kalle NiskalaValtavat myllyt blokkaavat signaaleja<\/p>\n<p class=\"aw-1gybjub aw-1p7kakr kEtdKx cEmitX yle__article__paragraph\">Tuulivoimalat ovat massiivisia, satojen metrien korkeuteen ylt\u00e4vi\u00e4 rakennelmia, jotka ovat mobiiliverkkojen l\u00e4hett\u00e4mille radioaalloille massiivinen este, kuvailee VTT:n Jyrki Huusko.<\/p>\n<p class=\"aw-1gybjub aw-1p7kakr kEtdKx cEmitX yle__article__paragraph\">\u2013 Py\u00f6riv\u00e4t lavat, torni ja konehuone aiheuttavat voimakkaita heijastuksia eli est\u00e4v\u00e4t tai heikent\u00e4v\u00e4t signaalien etenemist\u00e4.<\/p>\n<p class=\"aw-1gybjub aw-1p7kakr kEtdKx cEmitX yle__article__paragraph\">Lis\u00e4ksi voimaloiden turbiinit ja puistojen s\u00e4hk\u00f6muuntajat aiheuttavat h\u00e4iri\u00f6t\u00e4 ja vaikuttavat mobiiliverkkoon.<\/p>\n<p class=\"aw-1gybjub aw-1p7kakr kEtdKx cEmitX yle__article__paragraph\">Esimerkiksi Lestij\u00e4rvell\u00e4 Suomen suurimman maatuulipuiston l\u00e4heisyydess\u00e4 matkapuhelinongelmia on havaittu jonkin verran.<\/p>\n<p class=\"aw-1gybjub aw-1p7kakr kEtdKx cEmitX yle__article__paragraph\">\u2013 Siihen vaikuttaa my\u00f6s er\u00e4maa-alue, miss\u00e4 verkon peitto on muutenkin huono. Ilman selkeit\u00e4 l\u00e4hialueen ja puiston mittaustuloksia ja vertailua on hankala erotella, mik\u00e4 osuus tuulivoimaloilla on verkon ja palveluiden toimintaan, sanoo Huusko.<\/p>\n<p class=\"aw-1gybjub aw-1p7kakr kEtdKx cEmitX yle__article__paragraph\">Puhelinten toiminta voi katvealueilla ja tuulipuiston l\u00e4hell\u00e4 h\u00e4iriinty\u00e4 niin merkitt\u00e4v\u00e4sti, ett\u00e4 h\u00e4t\u00e4puhelut eiv\u00e4t toimi. Etenkin jos alueen mobiiliverkon kuuluvuus ja kapasiteetti ovat heikkoja, arvioi johtava tutkija Huusko.<\/p>\n<p class=\"aw-1gybjub aw-1p7kakr kEtdKx cEmitX yle__article__paragraph\">\u2013 Se on tietysti kriittinen ongelma. Tapauksia ei ole tiedossa, mutta riski on olemassa.<\/p>\n<p>Vaikutus heijastuu kilometrej\u00e4<\/p>\n<p class=\"aw-1gybjub aw-1p7kakr kEtdKx cEmitX yle__article__paragraph\">Viime vuoden lopussa Suomessa oli jo yli 2\u00a0000 tuulivoimalaa, ja alan kasvu jatkuu etenkin pohjalaismaakunnissa.<\/p>\n<p><img decoding=\"async\" alt=\"Mies hymyilee sein\u00e4\u00e4 vasten kuvassa.\" src=\"https:\/\/www.europesays.com\/fi\/wp-content\/uploads\/2026\/02\/39-15880816979fb855c96b.jpeg\" loading=\"lazy\" class=\"aw-1l9m598 hKVVvP\"\/><\/p>\n<p>Avaa kuvien katselu<\/p>\n<p>VTT:ll\u00e4 ei ole suurten puistojen vaikutuksista l\u00e4hialueeseen tuoreita mittaustuloksia. Se on l\u00e4hivuosien tutkimuskohde ja syyt\u00e4 selvitt\u00e4\u00e4, sanoo johtava tutkija Jyrki Huusko. Kuva: VTT<\/p>\n<p class=\"aw-1gybjub aw-1p7kakr kEtdKx cEmitX yle__article__paragraph\">Pohjalaisalueille on rakennettu useiden kymmenien voimaloiden puistoja sek\u00e4 runsaasti pienempi\u00e4kin l\u00e4hekk\u00e4in. Niiss\u00e4 h\u00e4iri\u00f6ist\u00e4 k\u00e4rsit\u00e4\u00e4n eniten.<\/p>\n<p class=\"aw-1gybjub aw-1p7kakr kEtdKx cEmitX yle__article__paragraph\">\u2013 Vaikutus ulottuu muutaman kilometrin s\u00e4teelle tuulipuiston reunamille, arvioi VTT:n johtaja tutkija Huusko.<\/p>\n<p class=\"aw-1gybjub aw-1p7kakr kEtdKx cEmitX yle__article__paragraph\">Ongelmia syntyy Huuskon mukaan my\u00f6s tilanteissa, joissa tukiasemia ei l\u00f6ydy kaikista ilmansuunnista, esimerkiksi vesist\u00f6n, luonnonsuojelualueen tai valtakunnan rajan l\u00e4heisyydess\u00e4.<\/p>\n<p class=\"aw-1gybjub aw-1p7kakr kEtdKx cEmitX yle__article__paragraph\">Maaseuduilla tukiasemia on merkitt\u00e4v\u00e4sti v\u00e4hemm\u00e4n kuin kaupungeissa. Lis\u00e4ksi maasto vaikuttaa signaalin etenemiseen.<\/p>\n<p>Kuka voi v\u00e4hent\u00e4\u00e4 haittoja \u2013 ja miten?<\/p>\n<p class=\"aw-1gybjub aw-1p7kakr kEtdKx cEmitX yle__article__paragraph\">Haittoja voivat v\u00e4hent\u00e4\u00e4 muun muassa mobiiliverkkojen ja -tukiasemien omistajat eli matkapuhelinoperaattorit. My\u00f6s tuulipuistojen rakentajilla on velvollisuus huomioida <a class=\"aw-iao6s4 iHOxEa yle__article__link\" href=\"https:\/\/www.traficom.fi\/fi\/viestinta\/radioluvat-ja-taajuudet\/taajuuksien-suunnittelu-ja-kaytto\/tietoa-tuulivoimaloiden\" role=\"link\" rel=\"nofollow noopener\" target=\"_blank\">vaikutukset mobiiliverkkojen k\u00e4ytt\u00e4jiin.<\/a><\/p>\n<p class=\"aw-1gybjub aw-1p7kakr kEtdKx cEmitX yle__article__paragraph\">Merkityst\u00e4 on mobiiliverkon suunnittelulla, antennien suuntaamisella ja tukiasemien tiheydell\u00e4.<\/p>\n<p class=\"aw-1gybjub aw-1p7kakr kEtdKx cEmitX yle__article__paragraph\">Matkapuhelinoperaattori Elisa ei tunnista merkitt\u00e4vi\u00e4 haittavaikutuksia. Mobiiliverkkotoiminnasta vastaava <strong class=\"aw-ak79eh KyCXm yle__article__strong\">Tiina H\u00f6ckert<\/strong> kuitenkin my\u00f6nt\u00e4\u00e4, ett\u00e4 k\u00e4ytt\u00e4j\u00e4n ja tukiaseman sijainnilla on merkityst\u00e4.<\/p>\n<p class=\"aw-1gybjub aw-1p7kakr kEtdKx cEmitX yle__article__paragraph\">\u2013 Jos tuulimylly tai muu fyysinen este on k\u00e4ytt\u00e4j\u00e4n ja mobiiliverkon tukiaseman v\u00e4liss\u00e4 ja matka on pitk\u00e4, voi tilanne olla hankala.<\/p>\n<p class=\"aw-1gybjub aw-1p7kakr kEtdKx cEmitX yle__article__paragraph\">Elisa ei ole viime vuosina lis\u00e4nnyt pohjalaismaakuntiin uusia tukiasemia keskim\u00e4\u00e4r\u00e4ist\u00e4 enemp\u00e4\u00e4. Nykyisille asemille on tehty kymmeni\u00e4 verkon parannuksia.<\/p>\n","protected":false},"excerpt":{"rendered":"H\u00e4iri\u00f6iden syyn\u00e4 on voimaloiden valtava koko ja py\u00f6riv\u00e4t lavat, jotka aiheuttavat heijastuksia ja est\u00e4v\u00e4t radiosignaalien etenemist\u00e4. Avaa kuvien&hellip;\n","protected":false},"author":2,"featured_media":156617,"comment_status":"","ping_status":"","sticky":false,"template":"","format":"standard","meta":{"footnotes":"","_share_on_mastodon":"0"},"categories":[76],"tags":[79,77,1377,33,31,30,148,2011,451,991,71,2357,449,728,32,78,1070,2024,2026,2416],"class_list":["post-160054","post","type-post","status-publish","format-standard","has-post-thumbnail","category-talous","tag-business","tag-economy","tag-etela-pohjanmaa","tag-fi","tag-finland","tag-finnish","tag-internet","tag-internet-yhteys","tag-keski-pohjanmaa","tag-kokkola","tag-kotimaa","tag-matkaviestinverkot","tag-pohjanmaa","tag-pohjois-pohjanmaa","tag-suomi","tag-talous","tag-teleoperaattorit","tag-tuulipuistot","tag-tuulivoimalat","tag-vtt"],"share_on_mastodon":{"url":"https:\/\/pubeurope.com\/@fi\/116007591400444292","error":""},"_links":{"self":[{"href":"https:\/\/www.europesays.com\/fi\/wp-json\/wp\/v2\/posts\/160054","targetHints":{"allow":["GET"]}}],"collection":[{"href":"https:\/\/www.europesays.com\/fi\/wp-json\/wp\/v2\/posts"}],"about":[{"href":"https:\/\/www.europesays.com\/fi\/wp-json\/wp\/v2\/types\/post"}],"author":[{"embeddable":true,"href":"https:\/\/www.europesays.com\/fi\/wp-json\/wp\/v2\/users\/2"}],"replies":[{"embeddable":true,"href":"https:\/\/www.europesays.com\/fi\/wp-json\/wp\/v2\/comments?post=160054"}],"version-history":[{"count":0,"href":"https:\/\/www.europesays.com\/fi\/wp-json\/wp\/v2\/posts\/160054\/revisions"}],"wp:featuredmedia":[{"embeddable":true,"href":"https:\/\/www.europesays.com\/fi\/wp-json\/wp\/v2\/media\/156617"}],"wp:attachment":[{"href":"https:\/\/www.europesays.com\/fi\/wp-json\/wp\/v2\/media?parent=160054"}],"wp:term":[{"taxonomy":"category","embeddable":true,"href":"https:\/\/www.europesays.com\/fi\/wp-json\/wp\/v2\/categories?post=160054"},{"taxonomy":"post_tag","embeddable":true,"href":"https:\/\/www.europesays.com\/fi\/wp-json\/wp\/v2\/tags?post=160054"}],"curies":[{"name":"wp","href":"https:\/\/api.w.org\/{rel}","templated":true}]}}