{"id":16020,"date":"2025-08-25T16:39:20","date_gmt":"2025-08-25T16:39:20","guid":{"rendered":"https:\/\/www.europesays.com\/fi\/16020\/"},"modified":"2025-08-25T16:39:20","modified_gmt":"2025-08-25T16:39:20","slug":"odotetut-tuotteet-saapuvat-ikean-valikoimiin","status":"publish","type":"post","link":"https:\/\/www.europesays.com\/fi\/16020\/","title":{"rendered":"Odotetut tuotteet saapuvat Ikean valikoimiin"},"content":{"rendered":"<p>Ikean \u00e4lykotituotteet leikkiv\u00e4t kohta n\u00e4timmin muiden valmistajien laitteiden kanssa.<\/p>\n<p><img decoding=\"async\" class=\"image image-show image-preview\" src=\"https:\/\/www.europesays.com\/fi\/wp-content\/uploads\/2025\/08\/a165619ec886387e7e16d6a47c300ccc050f07189febf935279cc98e21bee2d4.jpg\" alt=\"\"\/><img decoding=\"async\" class=\"image image-show\" src=\"https:\/\/www.europesays.com\/fi\/wp-content\/uploads\/2025\/08\/1756139960_186_a165619ec886387e7e16d6a47c300ccc050f07189febf935279cc98e21bee2d4.jpg\" alt=\"\"\/><\/p>\n<p>Ikea aikoo julkaista jopa parikymment\u00e4 Matter over Thread -yhteensopivaa \u00e4lykotituotetta tammikuussa 2026. iliya Mitskovets \/ Alamy Stock Photo<\/p>\n<p class=\"paragraph\">Ikea ryhtyy tukemaan \u00e4lykotituotteissaan my\u00f6s yleistyv\u00e4\u00e4 Matter-standardia, uutisoi <a href=\"https:\/\/www.theverge.com\/smart-home\/701697\/ikea-matter-thread-new-products-new-smart-home-strategy\" target=\"_blank\" rel=\"noopener nofollow\">The Verge<\/a>. Ruotsalaisj\u00e4tti aikoo julkaista tammikuussa 2026 yli 20 Matter over Thread -yhteensopivaa tuotetta, kuten esimerkiksi lamppuja, sensoreita ja kaukos\u00e4\u00e4timi\u00e4.<\/p>\n<p class=\"paragraph\">Ikea on myynyt jo pitk\u00e4\u00e4n \u00e4lykotituotteita, mutta t\u00e4h\u00e4n asti ne ovat perustuneet Zigbee-standardiin, jota ei olla sit\u00e4k\u00e4\u00e4n hylk\u00e4\u00e4m\u00e4ss\u00e4.<\/p>\n<p class=\"paragraph\">Matter on avoimen l\u00e4hdekoodin yhteysstandardi, jonka ovat kehitt\u00e4neet yhdess\u00e4 muun muassa Amazon, Apple ja Google. Standardi toimii joko wlan-, ethernet- tai Thread-yhteydell\u00e4.<\/p>\n<p class=\"paragraph\">Viimeisimp\u00e4n\u00e4 mainittu on pienitehoinen, langaton ip-pohjainen verkkoprotokolla. Sit\u00e4 k\u00e4ytt\u00e4v\u00e4t laitteet voivat viesti\u00e4 suoraan kesken\u00e4\u00e4n internetin v\u00e4lityksell\u00e4.<\/p>\n<p>Parempaa k\u00e4ytett\u00e4vyytt\u00e4, ja hintakin laskee?<\/p>\n<p class=\"paragraph\">Uudistuksen ansiosta Ikean \u00e4lykotilaitteiden k\u00e4ytett\u00e4vyys ja luotettavuus kohenee.<\/p>\n<p class=\"paragraph\">Ikean edustaja <strong>David Granath<\/strong> kommentoi asiaa The Vergelle sanomalla, ett\u00e4 esimerkiksi Apple-\u00e4lykodin omistaja voi pian hankkia Ikeasta helposti t\u00e4ydennyst\u00e4 \u00e4lykotiinsa.<\/p>\n<p class=\"paragraph\">Tavallaan Matter over Threadin esiinmarssi on jo alkanut Ikealla. Yhti\u00f6 julkaisi hiljattain Dirigera-nimiseen \u00e4lykodin hubiinsa beetap\u00e4ivityksen, joka lis\u00e4si siihen tuen Matter-standardille ja Thread-yhteyksille.<\/p>\n<p class=\"paragraph\">Granath kertoo The Vergelle, ett\u00e4 tuotteiden hinnat eiv\u00e4t nouse uudistuksen johdosta. P\u00e4invastoin yhti\u00f6 saattaa jopa laskea \u00e4lykotituotteidensa hintoja, kun Matter-yhteensopivat tuotteet korvaavat nykyiset mallit.<\/p>\n","protected":false},"excerpt":{"rendered":"Ikean \u00e4lykotituotteet leikkiv\u00e4t kohta n\u00e4timmin muiden valmistajien laitteiden kanssa. Ikea aikoo julkaista jopa parikymment\u00e4 Matter over Thread -yhteensopivaa&hellip;\n","protected":false},"author":2,"featured_media":16021,"comment_status":"","ping_status":"","sticky":false,"template":"","format":"standard","meta":{"footnotes":""},"categories":[86],"tags":[35,420,33,31,30,1602,6171,898,421,32,91,92,487,149,1174],"class_list":{"0":"post-16020","1":"post","2":"type-post","3":"status-publish","4":"format-standard","5":"has-post-thumbnail","7":"category-laitteet","8":"tag-24h","9":"tag-equipment","10":"tag-fi","11":"tag-finland","12":"tag-finnish","13":"tag-ikea","14":"tag-kodinkoneet-kodin-elektroniikka","15":"tag-kulutustavarat","16":"tag-laitteet","17":"tag-suomi","18":"tag-technology","19":"tag-teknologia","20":"tag-teknologia-yleista","21":"tag-tietojenkasittely-ja-informaatioteknologia","22":"tag-tietoliikennevalineet"},"share_on_mastodon":{"url":"","error":""},"_links":{"self":[{"href":"https:\/\/www.europesays.com\/fi\/wp-json\/wp\/v2\/posts\/16020","targetHints":{"allow":["GET"]}}],"collection":[{"href":"https:\/\/www.europesays.com\/fi\/wp-json\/wp\/v2\/posts"}],"about":[{"href":"https:\/\/www.europesays.com\/fi\/wp-json\/wp\/v2\/types\/post"}],"author":[{"embeddable":true,"href":"https:\/\/www.europesays.com\/fi\/wp-json\/wp\/v2\/users\/2"}],"replies":[{"embeddable":true,"href":"https:\/\/www.europesays.com\/fi\/wp-json\/wp\/v2\/comments?post=16020"}],"version-history":[{"count":0,"href":"https:\/\/www.europesays.com\/fi\/wp-json\/wp\/v2\/posts\/16020\/revisions"}],"wp:featuredmedia":[{"embeddable":true,"href":"https:\/\/www.europesays.com\/fi\/wp-json\/wp\/v2\/media\/16021"}],"wp:attachment":[{"href":"https:\/\/www.europesays.com\/fi\/wp-json\/wp\/v2\/media?parent=16020"}],"wp:term":[{"taxonomy":"category","embeddable":true,"href":"https:\/\/www.europesays.com\/fi\/wp-json\/wp\/v2\/categories?post=16020"},{"taxonomy":"post_tag","embeddable":true,"href":"https:\/\/www.europesays.com\/fi\/wp-json\/wp\/v2\/tags?post=16020"}],"curies":[{"name":"wp","href":"https:\/\/api.w.org\/{rel}","templated":true}]}}