{"id":160230,"date":"2026-02-03T20:31:15","date_gmt":"2026-02-03T20:31:15","guid":{"rendered":"https:\/\/www.europesays.com\/fi\/160230\/"},"modified":"2026-02-03T20:31:15","modified_gmt":"2026-02-03T20:31:15","slug":"emilia-vuorisalmi-paljastaa-ero-mikko-leppilammesta-johti-rakkausaddiktioon-2","status":"publish","type":"post","link":"https:\/\/www.europesays.com\/fi\/160230\/","title":{"rendered":"Emilia Vuorisalmi paljastaa: Ero Mikko Leppilammesta johti rakkausaddiktioon"},"content":{"rendered":"<p>            Timo Korhonen\n        <\/p>\n<p class=\"subtitle \">Emilia avautuu h\u00e4nen ja Mikko Leppilammen eron j\u00e4lkeisest\u00e4 ajasta.<\/p>\n<p class=\"article-content article-content-width !bg-background\">N\u00e4yttelij\u00e4\u00a0, 47, ja h\u00e4nen ex-kumppaninaan tunnettava l\u00e4\u00e4k\u00e4ri-kirjailija\u00a0, 47, erosivat vuonna 2011 kuuden yhteisen aviovuoden j\u00e4lkeen.\u00a0Liitosta syntyi yksi yhteinen tyt\u00e4r.\u00a0<\/p>\n<p class=\"font-weight-bold m-font-weight-bold article-content article-content-width !bg-background\">Katso my\u00f6s! N\u00e4in Mikko ja Beata Leppilammen rakkaustarina alkoi:<\/p>\n<p class=\"article-content article-content-width !bg-background\">Emilia tunnustaa  <a href=\"https:\/\/podimo.com\/fi\/shows\/valo-pimiassa?pc=fi_paid_2m1&amp;wpsrc=google&amp;wpcid=20592474881&amp;wpscid=&amp;wpcrid=&amp;wpkwid=&amp;wpkwn=&amp;wpkmatch=&amp;wpsnetn=x&amp;utm_source=google&amp;utm_medium=pmax&amp;utm_campaign=pmax&amp;utm_term=valipimiassa\/?wpsrc=google&amp;wpcid=20592474881&amp;wpscid=&amp;wpcrid=&amp;wpkwid=&amp;wpkwn=&amp;wpkmatch=&amp;wpsnetn=x&amp;gad_source=1\" target=\"_blank\" rel=\"nofollow noopener\">Valo Pimi\u00e4ss\u00e4<\/a> -podcastin tuoreessa, tiistaina (3.2.) julkaistussa jaksossa olleensa pitk\u00e4\u00e4n koukussa rakastumiseen.\u00a0<\/p>\n<p class=\"article-content article-content-width !bg-background\"> \u2013 Kolmekymppisen\u00e4 mulla oli valtavat syd\u00e4nsurut, joka oli mulla t\u00e4mm\u00f6inen el\u00e4m\u00e4n ensimm\u00e4inen kunnon trauma, ett\u00e4 m\u00e4 menin ihan palasiksi, Emilia kuvailee.<\/p>\n<p class=\"article-content article-content-width !bg-background\">H\u00e4n ei tarkenna, mist\u00e4 suhteesta oli kyse. Erotessaan Mikosta h\u00e4n oli 31-vuotias.<\/p>\n<p>        <a itemprop=\"url\" href=\"https:\/\/www.seiska.fi\/kotimaa\/anna-maija-tuokko-ja-emilia-vuorisalmi-villia-tanssimista\/1659000\" rel=\"nofollow noopener\" target=\"_blank\"><\/p>\n<p>\nAnna-Maija Tuokko &amp; Emilia Vuorisalmi:\n<\/p>\n<p class=\"section-date\">\n        <strong class=\"article-section\" data-section=\"kotimaa\"><br \/>\n            kotimaa<br \/>\n        <\/strong><br \/>\n        28.3.2025 21:00\n    <\/p>\n<p>Anna-Maija Tuokko ja Emilia Vuorisalmi: Villi\u00e4 tanssimista!\n    <\/p>\n<p itemprop=\"description\" class=\"subtitle \">\n    Yst\u00e4vykset ovat vaihtaneet vapaalle ja suunnanneet laskettelulomalle.\n<\/p>\n<p>        <\/a><\/p>\n<p class=\"article-content article-content-width !bg-background\">L\u00e4\u00e4k\u00e4riksi kouluttautunut Emilia kertoo traumojen muuttavan ihmisen aivokemiaa valtavasti, kun perusdopamiinitaso laskee. Dopamiinitasonlasku aiheuttaa puolestaan tyhjyyden tunnetta ja\u00a0 dopamiiniratojen herkistymist\u00e4, jolloin muun muassa impulsiivinen k\u00e4yt\u00f6s lis\u00e4\u00e4ntyy.<\/p>\n<p class=\"article-content article-content-width !bg-background\"> \u2013 Me aletaan saada isompia kiksej\u00e4 siit\u00e4, mik\u00e4 meille nyt onkaan se lempihuume. Ja mulle se oli se rakkauden ensihuuma, jolla aloin l\u00e4\u00e4kitsem\u00e4\u00e4n sit\u00e4 tyhjyyden tunnetta, Emilia selitt\u00e4\u00e4.<\/p>\n<p class=\"article-content article-content-width !bg-background\"> \u2013 Mulle se rakastumisen tunne on vaan tosi kova huume, Emilia tunnustaa.<\/p>\n<p>Sarjaseurustelija<\/p>\n<p class=\"article-content article-content-width !bg-background\">Traumaattinen ero ja addiktio ovat vaikuttaneet Emilian my\u00f6hemmin rakentamiin ihmissuhteisiin.<\/p>\n<p class=\"article-content article-content-width !bg-background\"> \u2013 M\u00e4 silloin kolmikymppisen\u00e4 koin ett\u00e4 olin menett\u00e4nyt mun el\u00e4m\u00e4ni rakkauden, ja sit\u00e4 m\u00e4 l\u00e4hdin l\u00e4\u00e4kitsem\u00e4\u00e4n, Emilia tunnustaa.<\/p>\n<p class=\"article-content article-content-width !bg-background\"> \u2013 Olin menett\u00e4nyt el\u00e4m\u00e4ni suunnan ja yhteyden itseeni ja turvallisuudentunteen, h\u00e4n lis\u00e4\u00e4.<\/p>\n<p>        <a itemprop=\"url\" href=\"https:\/\/www.seiska.fi\/kotimaa\/julkkislaakari-emilia-vuorisalmi-paljastaa-jannittavia-uutisia-1\/1552691\" rel=\"nofollow noopener\" target=\"_blank\"><\/p>\n<p class=\"section-date\">\n        <strong class=\"article-section\" data-section=\"kotimaa\"><br \/>\n            kotimaa<br \/>\n        <\/strong><br \/>\n        14.12.2024 11:30\n    <\/p>\n<p>Julkkisl\u00e4\u00e4k\u00e4ri Emilia Vuorisalmi paljastaa: J\u00e4nnitt\u00e4vi\u00e4 uutisia!\n    <\/p>\n<p itemprop=\"description\" class=\"subtitle \">\n    Mikko Leppilammen ex-vaimo on innoissaan.\n<\/p>\n<p>        <\/a><\/p>\n<p>                <img decoding=\"async\" src=\"https:\/\/www.europesays.com\/fi\/wp-content\/uploads\/2026\/02\/1770150674_979_2063882.webp.jpeg\" width=\"576\" height=\"720\" alt=\"Mikko ja Emilia ovat t\u00e4n\u00e4kin p\u00e4iv\u00e4n\u00e4 hyviss\u00e4 v\u00e4leiss\u00e4. Tyt\u00e4r Lilia t\u00e4ytti vastik\u00e4\u00e4n 20 vuotta.\" loading=\"lazy\" \/>            <\/p>\n<p>\n            Mikko ja Emilia ovat t\u00e4n\u00e4kin p\u00e4iv\u00e4n\u00e4 hyviss\u00e4 v\u00e4leiss\u00e4. Tyt\u00e4r Lilia t\u00e4ytti vastik\u00e4\u00e4n 20 vuotta.<br \/>\n            Ari Lahti\n        <\/p>\n<p class=\"article-content article-content-width !bg-background\">Emilia kertoo olleensa h\u00e4nen ja Mikon suhteen j\u00e4lkeen sarjaseurustelija, jolla on ollut tapana l\u00e4hte\u00e4 suhteista herk\u00e4sti k\u00e4velem\u00e4\u00e4n alkuhuuman j\u00e4lkeen.<\/p>\n<p class=\"article-content article-content-width !bg-background\"> \u2013 Mulla tulee usein siin\u00e4 sellainen tyhjyyden.. tai sellainen tii\u00e4ks\u00e4 ett\u00e4 nyt on aika jatkaa matkaa. Uskon ett\u00e4 sitten tulee se yksi ihminen, joka on se t\u00e4ydellinen soul mate, ja sitten s\u00e4 et en\u00e4\u00e4 kyseenalaista asioita ja s\u00e4 tied\u00e4t, ett\u00e4 t\u00e4ss\u00e4 m\u00e4 nyt oon. Sen takia m\u00e4 ehk\u00e4 oon sit\u00e4 matkaa jatkanut, Emilia naurahtaa.<\/p>\n<p>Kohti parantumista<\/p>\n<p class=\"article-content article-content-width !bg-background\">Emilian parantumismatka rakkausaddiktiosta l\u00e4hti h\u00e4nen ensimm\u00e4ist\u00e4 kirjaansa kirjoittaessa.\u00a0<\/p>\n<p class=\"article-content article-content-width !bg-background\"> \u2013 Ymm\u00e4rsin rakkaushormoneista, ja aloin tajuamaan ett\u00e4 haluan p\u00e4\u00e4st\u00e4 tohon pitk\u00e4kestoisen parisuhteen parantavaan aivokemiaan, Emilia selitt\u00e4\u00e4.<\/p>\n<p class=\"article-content article-content-width !bg-background\">Emilia l\u00e4hti tutkimaan itse\u00e4\u00e4n omien sanojensa mukaan hormoni hormonilta. Emilia on tullut tutkinnoissaan tulokseen, ettei addiktiota lopulta aiheuttanutkaan el\u00e4m\u00e4n rakkauden menett\u00e4minen, vaan ennemminkin oman itsens\u00e4 kadottaminen erossa.<\/p>\n<p>        <a itemprop=\"url\" href=\"https:\/\/www.seiska.fi\/kotimaa\/julkkislaakari-emilia-vuorisalmi-terveysniksi-suolistolle\/1893491\" rel=\"nofollow noopener\" target=\"_blank\"><\/p>\n<p>\nJulkkisl\u00e4\u00e4k\u00e4ri\n<\/p>\n<p class=\"section-date\">\n        <strong class=\"article-section\" data-section=\"kotimaa\"><br \/>\n            kotimaa<br \/>\n        <\/strong><br \/>\n        16.8.2025 20:00\n    <\/p>\n<p>Julkkisl\u00e4\u00e4k\u00e4ri Emilia Vuorisalmi: Terveysniksi suolistolle!\n    <\/p>\n<p itemprop=\"description\" class=\"subtitle \">\n    Mikko Leppilammen ex-l\u00e4\u00e4k\u00e4rivaimo paljasti joka-aamuisen rutiininsa.\n<\/p>\n<p>        <\/a><\/p>\n<p>                <img decoding=\"async\" src=\"https:\/\/www.europesays.com\/fi\/wp-content\/uploads\/2026\/02\/1770150675_893_2063878.webp.jpeg\" width=\"576\" height=\"720\" alt=\"Emilia kertoi podcast-jakson \u00e4\u00e4nityshetkell\u00e4 eronneensa viimeisimm\u00e4st\u00e4 suhteestaan vain muutama viikko sitten.\" loading=\"lazy\" \/>            <\/p>\n<p>\n            Emilia kertoi podcast-jakson \u00e4\u00e4nityshetkell\u00e4 eronneensa viimeisimm\u00e4st\u00e4 suhteestaan vain muutama viikko sitten.<br \/>\n            Timo Korhonen\n        <\/p>\n<p class=\"article-content article-content-width !bg-background\">T\u00e4n\u00e4 p\u00e4iv\u00e4n\u00e4 Emilia kokee olevansa jo pitk\u00e4lti parantunut addiktiostaan, mutta kyseenalaistavansa toisinaan edelleenkin k\u00e4ytt\u00e4ytymist\u00e4\u00e4n rakkausrintamalla.<\/p>\n<p class=\"article-content article-content-width !bg-background\"> \u2013 Olen pohtinut sit\u00e4, miksi en voi tyyty\u00e4 siihen ett\u00e4 kaikki on ihan ok ja tosi hyvin.\u00a0<\/p>\n<p class=\"article-content article-content-width !bg-background\"> \u2013 Kyseenalaistan itse\u00e4ni tosi paljon, ett\u00e4 onko t\u00e4m\u00e4 nyt ollut traumak\u00e4yt\u00f6st\u00e4, ett\u00e4 l\u00e4hden menem\u00e4\u00e4n jostain tosi hyv\u00e4st\u00e4 paikasta, vai onko se vaan sit\u00e4 ett\u00e4 osaan kuunnella sit\u00e4 syv\u00e4\u00e4 \u00e4\u00e4nt\u00e4 ja intuitiota. Se on tosi vaikeaa erottaa, Emilia summaa.<\/p>\n<p class=\"italic m-italic article-content article-content-width !bg-background\">Artikkelia muokattu 3.2. klo 19.52: Poistettu tieto siit\u00e4, ett\u00e4 traumaattinen ero olisi ollut Mikko Leppilammesta ja ett\u00e4 suhde\u00a0 Leppilammen kanssa olisi ollut Emilia Vuorisalmen pisin suhde.<\/p>\n","protected":false},"excerpt":{"rendered":"Timo Korhonen Emilia avautuu h\u00e4nen ja Mikko Leppilammen eron j\u00e4lkeisest\u00e4 ajasta. N\u00e4yttelij\u00e4\u00a0, 47, ja h\u00e4nen ex-kumppaninaan tunnettava l\u00e4\u00e4k\u00e4ri-kirjailija\u00a0,&hellip;\n","protected":false},"author":2,"featured_media":159704,"comment_status":"","ping_status":"","sticky":false,"template":"","format":"standard","meta":{"footnotes":"","_share_on_mastodon":"0"},"categories":[130],"tags":[2759,3965,137,33,31,30,212,4424,26596,32,26597,109],"class_list":["post-160230","post","type-post","status-publish","format-standard","has-post-thumbnail","category-viihde","tag-avioero","tag-emilia-vuorisalmi","tag-entertainment","tag-fi","tag-finland","tag-finnish","tag-lifestyle","tag-mikko-leppilampi","tag-rakkausaddiktio","tag-suomi","tag-valo-pimiassa-podcast","tag-viihde"],"share_on_mastodon":{"url":"https:\/\/pubeurope.com\/@fi\/116008601798269324","error":""},"_links":{"self":[{"href":"https:\/\/www.europesays.com\/fi\/wp-json\/wp\/v2\/posts\/160230","targetHints":{"allow":["GET"]}}],"collection":[{"href":"https:\/\/www.europesays.com\/fi\/wp-json\/wp\/v2\/posts"}],"about":[{"href":"https:\/\/www.europesays.com\/fi\/wp-json\/wp\/v2\/types\/post"}],"author":[{"embeddable":true,"href":"https:\/\/www.europesays.com\/fi\/wp-json\/wp\/v2\/users\/2"}],"replies":[{"embeddable":true,"href":"https:\/\/www.europesays.com\/fi\/wp-json\/wp\/v2\/comments?post=160230"}],"version-history":[{"count":0,"href":"https:\/\/www.europesays.com\/fi\/wp-json\/wp\/v2\/posts\/160230\/revisions"}],"wp:featuredmedia":[{"embeddable":true,"href":"https:\/\/www.europesays.com\/fi\/wp-json\/wp\/v2\/media\/159704"}],"wp:attachment":[{"href":"https:\/\/www.europesays.com\/fi\/wp-json\/wp\/v2\/media?parent=160230"}],"wp:term":[{"taxonomy":"category","embeddable":true,"href":"https:\/\/www.europesays.com\/fi\/wp-json\/wp\/v2\/categories?post=160230"},{"taxonomy":"post_tag","embeddable":true,"href":"https:\/\/www.europesays.com\/fi\/wp-json\/wp\/v2\/tags?post=160230"}],"curies":[{"name":"wp","href":"https:\/\/api.w.org\/{rel}","templated":true}]}}